{"id":6904,"date":"2026-03-13T17:51:33","date_gmt":"2026-03-13T16:51:33","guid":{"rendered":"https:\/\/www.lesmissives.fr\/?p=6904"},"modified":"2026-03-14T08:27:45","modified_gmt":"2026-03-14T07:27:45","slug":"main-basse-sur-la-ville-de-nassira-el-moaddem-la-liberte-de-la-presse-au-chevet-de-la-democratie-locale","status":"publish","type":"post","link":"https:\/\/www.lesmissives.fr\/index.php\/2026\/03\/13\/main-basse-sur-la-ville-de-nassira-el-moaddem-la-liberte-de-la-presse-au-chevet-de-la-democratie-locale\/","title":{"rendered":"Main basse sur la ville, de Nassira El Moaddem : la libert\u00e9 de la presse au chevet de la d\u00e9mocratie locale"},"content":{"rendered":"\n<p>Nassira El Moaddem ne ch\u00f4me pas. Apr\u00e8s avoir publi\u00e9 l\u2019ann\u00e9e derni\u00e8re\u00a0<em>Et si on rentrait au bled en train ?<\/em>, elle publie le fruit d\u2019un travail de longues ann\u00e9es sur la vie politique au Blanc-Mesnil en Seine-Saint-Denis. L\u2019enqu\u00eate est accablante pour le maire LR (Les R\u00e9publicains) Thierry Meignen : harc\u00e8lement moral menant au suicide d\u2019un fonctionnaire de mairie, communautarisme, d\u00e9tournement de l\u2019argent public au profit d\u2019associations \u00ab\u00a0amies\u00a0\u00bb, client\u00e9lisme\u2026 la liste est longue. Et incompl\u00e8te.<\/p>\n\n\n\n<figure class=\"wp-block-image size-full\"><img loading=\"lazy\" decoding=\"async\" width=\"796\" height=\"445\" src=\"https:\/\/www.lesmissives.fr\/wp-content\/uploads\/2026\/03\/main-basse.jpg\" alt=\"\" class=\"wp-image-6906\" srcset=\"https:\/\/www.lesmissives.fr\/wp-content\/uploads\/2026\/03\/main-basse.jpg 796w, https:\/\/www.lesmissives.fr\/wp-content\/uploads\/2026\/03\/main-basse-300x168.jpg 300w, https:\/\/www.lesmissives.fr\/wp-content\/uploads\/2026\/03\/main-basse-768x429.jpg 768w, https:\/\/www.lesmissives.fr\/wp-content\/uploads\/2026\/03\/main-basse-400x224.jpg 400w\" sizes=\"(max-width: 796px) 100vw, 796px\" \/><\/figure>\n\n\n\n<p><\/p>\n\n\n\n<p>Dans cet ouvrage Nassira El Moaddem nous donne le r\u00e9sultat d\u2019une enqu\u00eate pr\u00e9cise, longue, difficile et parfois m\u00eame dangereuse (on lui a vol\u00e9 son ordinateur \u00e0 la sortie de l\u2019\u00e9cole de ses enfants). \u00c0 deux jours des \u00e9lections municipales, elle nous montre que le journalisme peut \u00eatre au service de la d\u00e9mocratie, notamment de la d\u00e9mocratie locale. Les habitants du Blanc-Mesnil ne sont pas inform\u00e9s de ce qui se passe dans leur h\u00f4tel de ville, les m\u00e9dias nationaux et m\u00eame locaux comme Le Parisien sont trop \u00e9loign\u00e9s des enjeux (et il faudrait s\u00fbrement faire le m\u00eame travail dans bien des communes). R\u00e9sultat, ils et elles votent sans connaissance de cause. En \u00e9conomie, un march\u00e9 parfait c\u2019est un march\u00e9 o\u00f9 tous les agents b\u00e9n\u00e9ficient des m\u00eames informations. En politique, on pourrait aussi consid\u00e9rer que la d\u00e9mocratie est vivante quand les \u00e9lecteurs et les \u00e9lectrices sont inform\u00e9es des manigances de leur personnel politique. Et pour cela, rien de plus efficace qu\u2019une presse libre, libre de la pression politique, et libre des grands groupes m\u00e9diatiques financ\u00e9s avec l\u2019argent de grands industriels aux desseins politiques tr\u00e8s assum\u00e9s \u00e0 l\u2019extr\u00eame-droite.<\/p>\n\n\n\n<p>Car le fond du texte de Nassira El Moaddem, c\u2019est d&rsquo;expliquer comment l\u2019extr\u00eame-droite a pris la ville de mani\u00e8re officieuse : comment la mairie du Blanc-Mesnil a donn\u00e9 20 000\u20ac \u00e0 une association dirig\u00e9e par Sarah Knafo et comment il est impossible de savoir o\u00f9 est pass\u00e9 cet argent. Comment Vijay Monany, directeur de cabinet du maire, puis conseiller d\u00e9partemental est presque au m\u00eame moment devenu le porte-parole d\u2019Eric Zemmour et de son parti Reconqu\u00eate. L\u2019extr\u00eame droite elle-m\u00eame le dit : pas besoin de gagner les \u00e9lections au Blanc-Mesnil : son programme est d\u00e9j\u00e0 appliqu\u00e9 ! Obstacle aux associations, tentative d\u2019embourgeoisement de la ville par des op\u00e9rations immobili\u00e8res pour organiser l\u2019\u00e9viction des populations les plus pauvres\u2026<\/p>\n\n\n\n<p>La lutte contre l\u2019extr\u00eame droite devrait \u00eatre le nord de notre boussole politique, particuli\u00e8rement au moment o\u00f9 on organise une minute de silence \u00e0 la mort d\u2019un facho. L\u2019extr\u00eame droite d\u00e9teste la libert\u00e9 de la presse, partout, tout le temps. Soutenir le journalisme d\u2019investigation tel que l\u2019a men\u00e9 Nassira El Moaddem, qui permet de comprendre la r\u00e9alit\u00e9 de la politique locale, permet de combattre les fachos. Aujourd\u2019hui, particuli\u00e8rement, ce combat est une n\u00e9cessit\u00e9. Avec comme en 1936 et le Front populaire, l\u2019union de la gauche. Cette gauche qui part d\u00e9sunie au Blanc-Mesnil.<\/p>\n\n\n\n<p>\u00ab&nbsp;Ici, comme partout en France, la division est le pire des orgueils, celui qui oublie l\u2019objectif principal : l\u2019int\u00e9r\u00eat g\u00e9n\u00e9ral. Surtout quand on conna\u00eet l\u2019ampleur de la fatigue d\u00e9mocratique locale.&nbsp;\u00bb, conclut l\u2019autrice. \u00c0 la veille des \u00e9lections municipales, il faut r\u00e9veiller l\u2019union de la gauche pour r\u00e9veiller la d\u00e9mocratie locale.<\/p>\n","protected":false},"excerpt":{"rendered":"<p>Nassira El Moaddem ne ch\u00f4me pas. Apr\u00e8s avoir publi\u00e9 l\u2019ann\u00e9e derni\u00e8re\u00a0Et si on rentrait au bled en train ?, elle publie le fruit d\u2019un travail de longues ann\u00e9es sur la vie politique au Blanc-Mesnil en Seine-Saint-Denis. L\u2019enqu\u00eate est accablante pour le maire LR (Les R\u00e9publicains) Thierry Meignen : harc\u00e8lement moral menant au suicide d\u2019un fonctionnaire [&hellip;]<\/p>\n","protected":false},"author":64,"featured_media":6905,"comment_status":"closed","ping_status":"open","sticky":false,"template":"","format":"standard","meta":{"footnotes":""},"categories":[5],"tags":[],"class_list":["post-6904","post","type-post","status-publish","format-standard","has-post-thumbnail","hentry","category-essais-recents","has-thumbnail"],"yoast_head":"<!-- This site is optimized with the Yoast SEO plugin v23.5 - https:\/\/yoast.com\/wordpress\/plugins\/seo\/ -->\n<title>Main basse sur la ville, de Nassira El Moaddem : la libert\u00e9 de la presse au chevet de la d\u00e9mocratie locale - Missives<\/title>\n<meta name=\"robots\" content=\"index, follow, max-snippet:-1, max-image-preview:large, max-video-preview:-1\" \/>\n<link rel=\"canonical\" href=\"http:\/\/www.lesmissives.fr\/index.php\/2026\/03\/13\/main-basse-sur-la-ville-de-nassira-el-moaddem-la-liberte-de-la-presse-au-chevet-de-la-democratie-locale\/\" \/>\n<meta property=\"og:locale\" content=\"fr_FR\" \/>\n<meta property=\"og:type\" content=\"article\" \/>\n<meta property=\"og:title\" content=\"Main basse sur la ville, de Nassira El Moaddem : la libert\u00e9 de la presse au chevet de la d\u00e9mocratie locale - Missives\" \/>\n<meta property=\"og:description\" content=\"Nassira El Moaddem ne ch\u00f4me pas. Apr\u00e8s avoir publi\u00e9 l\u2019ann\u00e9e derni\u00e8re\u00a0Et si on rentrait au bled en train ?, elle publie le fruit d\u2019un travail de longues ann\u00e9es sur la vie politique au Blanc-Mesnil en Seine-Saint-Denis. L\u2019enqu\u00eate est accablante pour le maire LR (Les R\u00e9publicains) Thierry Meignen : harc\u00e8lement moral menant au suicide d\u2019un fonctionnaire [&hellip;]\" \/>\n<meta property=\"og:url\" content=\"http:\/\/www.lesmissives.fr\/index.php\/2026\/03\/13\/main-basse-sur-la-ville-de-nassira-el-moaddem-la-liberte-de-la-presse-au-chevet-de-la-democratie-locale\/\" \/>\n<meta property=\"og:site_name\" content=\"Missives\" \/>\n<meta property=\"article:publisher\" content=\"https:\/\/www.facebook.com\/LesMissives\/\" \/>\n<meta property=\"article:published_time\" content=\"2026-03-13T16:51:33+00:00\" \/>\n<meta property=\"article:modified_time\" content=\"2026-03-14T07:27:45+00:00\" \/>\n<meta property=\"og:image\" content=\"http:\/\/www.lesmissives.fr\/wp-content\/uploads\/2026\/03\/main-basse.jpg\" \/>\n\t<meta property=\"og:image:width\" content=\"796\" \/>\n\t<meta property=\"og:image:height\" content=\"445\" \/>\n\t<meta property=\"og:image:type\" content=\"image\/jpeg\" \/>\n<meta name=\"author\" content=\"Marie Drollon\" \/>\n<meta name=\"twitter:card\" content=\"summary_large_image\" \/>\n<meta name=\"twitter:label1\" content=\"\u00c9crit par\" \/>\n\t<meta name=\"twitter:data1\" content=\"Marie Drollon\" \/>\n\t<meta name=\"twitter:label2\" content=\"Dur\u00e9e de lecture estim\u00e9e\" \/>\n\t<meta name=\"twitter:data2\" content=\"4 minutes\" \/>\n<script type=\"application\/ld+json\" class=\"yoast-schema-graph\">{\"@context\":\"https:\/\/schema.org\",\"@graph\":[{\"@type\":\"Article\",\"@id\":\"http:\/\/www.lesmissives.fr\/index.php\/2026\/03\/13\/main-basse-sur-la-ville-de-nassira-el-moaddem-la-liberte-de-la-presse-au-chevet-de-la-democratie-locale\/#article\",\"isPartOf\":{\"@id\":\"http:\/\/www.lesmissives.fr\/index.php\/2026\/03\/13\/main-basse-sur-la-ville-de-nassira-el-moaddem-la-liberte-de-la-presse-au-chevet-de-la-democratie-locale\/\"},\"author\":{\"name\":\"Marie Drollon\",\"@id\":\"http:\/\/www.lesmissives.fr\/#\/schema\/person\/5f77024ee872db417374e3a334eeb853\"},\"headline\":\"Main basse sur la ville, de Nassira El Moaddem : la libert\u00e9 de la presse au chevet de la d\u00e9mocratie locale\",\"datePublished\":\"2026-03-13T16:51:33+00:00\",\"dateModified\":\"2026-03-14T07:27:45+00:00\",\"mainEntityOfPage\":{\"@id\":\"http:\/\/www.lesmissives.fr\/index.php\/2026\/03\/13\/main-basse-sur-la-ville-de-nassira-el-moaddem-la-liberte-de-la-presse-au-chevet-de-la-democratie-locale\/\"},\"wordCount\":618,\"publisher\":{\"@id\":\"http:\/\/www.lesmissives.fr\/#organization\"},\"image\":{\"@id\":\"http:\/\/www.lesmissives.fr\/index.php\/2026\/03\/13\/main-basse-sur-la-ville-de-nassira-el-moaddem-la-liberte-de-la-presse-au-chevet-de-la-democratie-locale\/#primaryimage\"},\"thumbnailUrl\":\"https:\/\/www.lesmissives.fr\/wp-content\/uploads\/2026\/03\/9782234105690-fr.jpg\",\"articleSection\":[\"Essais r\u00e9cents\"],\"inLanguage\":\"fr-FR\"},{\"@type\":\"WebPage\",\"@id\":\"http:\/\/www.lesmissives.fr\/index.php\/2026\/03\/13\/main-basse-sur-la-ville-de-nassira-el-moaddem-la-liberte-de-la-presse-au-chevet-de-la-democratie-locale\/\",\"url\":\"http:\/\/www.lesmissives.fr\/index.php\/2026\/03\/13\/main-basse-sur-la-ville-de-nassira-el-moaddem-la-liberte-de-la-presse-au-chevet-de-la-democratie-locale\/\",\"name\":\"Main basse sur la ville, de Nassira El Moaddem : la libert\u00e9 de la presse au chevet de la d\u00e9mocratie locale - Missives\",\"isPartOf\":{\"@id\":\"http:\/\/www.lesmissives.fr\/#website\"},\"primaryImageOfPage\":{\"@id\":\"http:\/\/www.lesmissives.fr\/index.php\/2026\/03\/13\/main-basse-sur-la-ville-de-nassira-el-moaddem-la-liberte-de-la-presse-au-chevet-de-la-democratie-locale\/#primaryimage\"},\"image\":{\"@id\":\"http:\/\/www.lesmissives.fr\/index.php\/2026\/03\/13\/main-basse-sur-la-ville-de-nassira-el-moaddem-la-liberte-de-la-presse-au-chevet-de-la-democratie-locale\/#primaryimage\"},\"thumbnailUrl\":\"https:\/\/www.lesmissives.fr\/wp-content\/uploads\/2026\/03\/9782234105690-fr.jpg\",\"datePublished\":\"2026-03-13T16:51:33+00:00\",\"dateModified\":\"2026-03-14T07:27:45+00:00\",\"breadcrumb\":{\"@id\":\"http:\/\/www.lesmissives.fr\/index.php\/2026\/03\/13\/main-basse-sur-la-ville-de-nassira-el-moaddem-la-liberte-de-la-presse-au-chevet-de-la-democratie-locale\/#breadcrumb\"},\"inLanguage\":\"fr-FR\",\"potentialAction\":[{\"@type\":\"ReadAction\",\"target\":[\"http:\/\/www.lesmissives.fr\/index.php\/2026\/03\/13\/main-basse-sur-la-ville-de-nassira-el-moaddem-la-liberte-de-la-presse-au-chevet-de-la-democratie-locale\/\"]}]},{\"@type\":\"ImageObject\",\"inLanguage\":\"fr-FR\",\"@id\":\"http:\/\/www.lesmissives.fr\/index.php\/2026\/03\/13\/main-basse-sur-la-ville-de-nassira-el-moaddem-la-liberte-de-la-presse-au-chevet-de-la-democratie-locale\/#primaryimage\",\"url\":\"https:\/\/www.lesmissives.fr\/wp-content\/uploads\/2026\/03\/9782234105690-fr.jpg\",\"contentUrl\":\"https:\/\/www.lesmissives.fr\/wp-content\/uploads\/2026\/03\/9782234105690-fr.jpg\",\"width\":314,\"height\":500},{\"@type\":\"BreadcrumbList\",\"@id\":\"http:\/\/www.lesmissives.fr\/index.php\/2026\/03\/13\/main-basse-sur-la-ville-de-nassira-el-moaddem-la-liberte-de-la-presse-au-chevet-de-la-democratie-locale\/#breadcrumb\",\"itemListElement\":[{\"@type\":\"ListItem\",\"position\":1,\"name\":\"Accueil\",\"item\":\"http:\/\/www.lesmissives.fr\/\"},{\"@type\":\"ListItem\",\"position\":2,\"name\":\"Main basse sur la ville, de Nassira El Moaddem : la libert\u00e9 de la presse au chevet de la d\u00e9mocratie locale\"}]},{\"@type\":\"WebSite\",\"@id\":\"http:\/\/www.lesmissives.fr\/#website\",\"url\":\"http:\/\/www.lesmissives.fr\/\",\"name\":\"Missives\",\"description\":\"Des livres os\u00e9s et f\u00e9ministes, au sens large\",\"publisher\":{\"@id\":\"http:\/\/www.lesmissives.fr\/#organization\"},\"potentialAction\":[{\"@type\":\"SearchAction\",\"target\":{\"@type\":\"EntryPoint\",\"urlTemplate\":\"http:\/\/www.lesmissives.fr\/?s={search_term_string}\"},\"query-input\":{\"@type\":\"PropertyValueSpecification\",\"valueRequired\":true,\"valueName\":\"search_term_string\"}}],\"inLanguage\":\"fr-FR\"},{\"@type\":\"Organization\",\"@id\":\"http:\/\/www.lesmissives.fr\/#organization\",\"name\":\"les missives\",\"url\":\"http:\/\/www.lesmissives.fr\/\",\"logo\":{\"@type\":\"ImageObject\",\"inLanguage\":\"fr-FR\",\"@id\":\"http:\/\/www.lesmissives.fr\/#\/schema\/logo\/image\/\",\"url\":\"https:\/\/www.lesmissives.fr\/wp-content\/uploads\/2025\/09\/cropped-LOGO-MISSIVES-ROUGE-COMPLET2-scaled-1.jpg\",\"contentUrl\":\"https:\/\/www.lesmissives.fr\/wp-content\/uploads\/2025\/09\/cropped-LOGO-MISSIVES-ROUGE-COMPLET2-scaled-1.jpg\",\"width\":1130,\"height\":800,\"caption\":\"les missives\"},\"image\":{\"@id\":\"http:\/\/www.lesmissives.fr\/#\/schema\/logo\/image\/\"},\"sameAs\":[\"https:\/\/www.facebook.com\/LesMissives\/\"]},{\"@type\":\"Person\",\"@id\":\"http:\/\/www.lesmissives.fr\/#\/schema\/person\/5f77024ee872db417374e3a334eeb853\",\"name\":\"Marie Drollon\",\"image\":{\"@type\":\"ImageObject\",\"inLanguage\":\"fr-FR\",\"@id\":\"http:\/\/www.lesmissives.fr\/#\/schema\/person\/image\/\",\"url\":\"https:\/\/secure.gravatar.com\/avatar\/fc9aecd7d6967e98eae774a4a6bd1bca?s=96&d=mm&r=g\",\"contentUrl\":\"https:\/\/secure.gravatar.com\/avatar\/fc9aecd7d6967e98eae774a4a6bd1bca?s=96&d=mm&r=g\",\"caption\":\"Marie Drollon\"},\"description\":\"F\u00e9ministe radicale \u00e0 la recherche d\u2019un moyen pas trop fatigant pour changer le monde.\",\"url\":\"https:\/\/www.lesmissives.fr\/index.php\/author\/marie-drollon\/\"}]}<\/script>\n<!-- \/ Yoast SEO plugin. -->","yoast_head_json":{"title":"Main basse sur la ville, de Nassira El Moaddem : la libert\u00e9 de la presse au chevet de la d\u00e9mocratie locale - Missives","robots":{"index":"index","follow":"follow","max-snippet":"max-snippet:-1","max-image-preview":"max-image-preview:large","max-video-preview":"max-video-preview:-1"},"canonical":"http:\/\/www.lesmissives.fr\/index.php\/2026\/03\/13\/main-basse-sur-la-ville-de-nassira-el-moaddem-la-liberte-de-la-presse-au-chevet-de-la-democratie-locale\/","og_locale":"fr_FR","og_type":"article","og_title":"Main basse sur la ville, de Nassira El Moaddem : la libert\u00e9 de la presse au chevet de la d\u00e9mocratie locale - Missives","og_description":"Nassira El Moaddem ne ch\u00f4me pas. Apr\u00e8s avoir publi\u00e9 l\u2019ann\u00e9e derni\u00e8re\u00a0Et si on rentrait au bled en train ?, elle publie le fruit d\u2019un travail de longues ann\u00e9es sur la vie politique au Blanc-Mesnil en Seine-Saint-Denis. L\u2019enqu\u00eate est accablante pour le maire LR (Les R\u00e9publicains) Thierry Meignen : harc\u00e8lement moral menant au suicide d\u2019un fonctionnaire [&hellip;]","og_url":"http:\/\/www.lesmissives.fr\/index.php\/2026\/03\/13\/main-basse-sur-la-ville-de-nassira-el-moaddem-la-liberte-de-la-presse-au-chevet-de-la-democratie-locale\/","og_site_name":"Missives","article_publisher":"https:\/\/www.facebook.com\/LesMissives\/","article_published_time":"2026-03-13T16:51:33+00:00","article_modified_time":"2026-03-14T07:27:45+00:00","og_image":[{"width":796,"height":445,"url":"http:\/\/www.lesmissives.fr\/wp-content\/uploads\/2026\/03\/main-basse.jpg","type":"image\/jpeg"}],"author":"Marie Drollon","twitter_card":"summary_large_image","twitter_misc":{"\u00c9crit par":"Marie Drollon","Dur\u00e9e de lecture estim\u00e9e":"4 minutes"},"schema":{"@context":"https:\/\/schema.org","@graph":[{"@type":"Article","@id":"http:\/\/www.lesmissives.fr\/index.php\/2026\/03\/13\/main-basse-sur-la-ville-de-nassira-el-moaddem-la-liberte-de-la-presse-au-chevet-de-la-democratie-locale\/#article","isPartOf":{"@id":"http:\/\/www.lesmissives.fr\/index.php\/2026\/03\/13\/main-basse-sur-la-ville-de-nassira-el-moaddem-la-liberte-de-la-presse-au-chevet-de-la-democratie-locale\/"},"author":{"name":"Marie Drollon","@id":"http:\/\/www.lesmissives.fr\/#\/schema\/person\/5f77024ee872db417374e3a334eeb853"},"headline":"Main basse sur la ville, de Nassira El Moaddem : la libert\u00e9 de la presse au chevet de la d\u00e9mocratie locale","datePublished":"2026-03-13T16:51:33+00:00","dateModified":"2026-03-14T07:27:45+00:00","mainEntityOfPage":{"@id":"http:\/\/www.lesmissives.fr\/index.php\/2026\/03\/13\/main-basse-sur-la-ville-de-nassira-el-moaddem-la-liberte-de-la-presse-au-chevet-de-la-democratie-locale\/"},"wordCount":618,"publisher":{"@id":"http:\/\/www.lesmissives.fr\/#organization"},"image":{"@id":"http:\/\/www.lesmissives.fr\/index.php\/2026\/03\/13\/main-basse-sur-la-ville-de-nassira-el-moaddem-la-liberte-de-la-presse-au-chevet-de-la-democratie-locale\/#primaryimage"},"thumbnailUrl":"https:\/\/www.lesmissives.fr\/wp-content\/uploads\/2026\/03\/9782234105690-fr.jpg","articleSection":["Essais r\u00e9cents"],"inLanguage":"fr-FR"},{"@type":"WebPage","@id":"http:\/\/www.lesmissives.fr\/index.php\/2026\/03\/13\/main-basse-sur-la-ville-de-nassira-el-moaddem-la-liberte-de-la-presse-au-chevet-de-la-democratie-locale\/","url":"http:\/\/www.lesmissives.fr\/index.php\/2026\/03\/13\/main-basse-sur-la-ville-de-nassira-el-moaddem-la-liberte-de-la-presse-au-chevet-de-la-democratie-locale\/","name":"Main basse sur la ville, de Nassira El Moaddem : la libert\u00e9 de la presse au chevet de la d\u00e9mocratie locale - Missives","isPartOf":{"@id":"http:\/\/www.lesmissives.fr\/#website"},"primaryImageOfPage":{"@id":"http:\/\/www.lesmissives.fr\/index.php\/2026\/03\/13\/main-basse-sur-la-ville-de-nassira-el-moaddem-la-liberte-de-la-presse-au-chevet-de-la-democratie-locale\/#primaryimage"},"image":{"@id":"http:\/\/www.lesmissives.fr\/index.php\/2026\/03\/13\/main-basse-sur-la-ville-de-nassira-el-moaddem-la-liberte-de-la-presse-au-chevet-de-la-democratie-locale\/#primaryimage"},"thumbnailUrl":"https:\/\/www.lesmissives.fr\/wp-content\/uploads\/2026\/03\/9782234105690-fr.jpg","datePublished":"2026-03-13T16:51:33+00:00","dateModified":"2026-03-14T07:27:45+00:00","breadcrumb":{"@id":"http:\/\/www.lesmissives.fr\/index.php\/2026\/03\/13\/main-basse-sur-la-ville-de-nassira-el-moaddem-la-liberte-de-la-presse-au-chevet-de-la-democratie-locale\/#breadcrumb"},"inLanguage":"fr-FR","potentialAction":[{"@type":"ReadAction","target":["http:\/\/www.lesmissives.fr\/index.php\/2026\/03\/13\/main-basse-sur-la-ville-de-nassira-el-moaddem-la-liberte-de-la-presse-au-chevet-de-la-democratie-locale\/"]}]},{"@type":"ImageObject","inLanguage":"fr-FR","@id":"http:\/\/www.lesmissives.fr\/index.php\/2026\/03\/13\/main-basse-sur-la-ville-de-nassira-el-moaddem-la-liberte-de-la-presse-au-chevet-de-la-democratie-locale\/#primaryimage","url":"https:\/\/www.lesmissives.fr\/wp-content\/uploads\/2026\/03\/9782234105690-fr.jpg","contentUrl":"https:\/\/www.lesmissives.fr\/wp-content\/uploads\/2026\/03\/9782234105690-fr.jpg","width":314,"height":500},{"@type":"BreadcrumbList","@id":"http:\/\/www.lesmissives.fr\/index.php\/2026\/03\/13\/main-basse-sur-la-ville-de-nassira-el-moaddem-la-liberte-de-la-presse-au-chevet-de-la-democratie-locale\/#breadcrumb","itemListElement":[{"@type":"ListItem","position":1,"name":"Accueil","item":"http:\/\/www.lesmissives.fr\/"},{"@type":"ListItem","position":2,"name":"Main basse sur la ville, de Nassira El Moaddem : la libert\u00e9 de la presse au chevet de la d\u00e9mocratie locale"}]},{"@type":"WebSite","@id":"http:\/\/www.lesmissives.fr\/#website","url":"http:\/\/www.lesmissives.fr\/","name":"Missives","description":"Des livres os\u00e9s et f\u00e9ministes, au sens large","publisher":{"@id":"http:\/\/www.lesmissives.fr\/#organization"},"potentialAction":[{"@type":"SearchAction","target":{"@type":"EntryPoint","urlTemplate":"http:\/\/www.lesmissives.fr\/?s={search_term_string}"},"query-input":{"@type":"PropertyValueSpecification","valueRequired":true,"valueName":"search_term_string"}}],"inLanguage":"fr-FR"},{"@type":"Organization","@id":"http:\/\/www.lesmissives.fr\/#organization","name":"les missives","url":"http:\/\/www.lesmissives.fr\/","logo":{"@type":"ImageObject","inLanguage":"fr-FR","@id":"http:\/\/www.lesmissives.fr\/#\/schema\/logo\/image\/","url":"https:\/\/www.lesmissives.fr\/wp-content\/uploads\/2025\/09\/cropped-LOGO-MISSIVES-ROUGE-COMPLET2-scaled-1.jpg","contentUrl":"https:\/\/www.lesmissives.fr\/wp-content\/uploads\/2025\/09\/cropped-LOGO-MISSIVES-ROUGE-COMPLET2-scaled-1.jpg","width":1130,"height":800,"caption":"les missives"},"image":{"@id":"http:\/\/www.lesmissives.fr\/#\/schema\/logo\/image\/"},"sameAs":["https:\/\/www.facebook.com\/LesMissives\/"]},{"@type":"Person","@id":"http:\/\/www.lesmissives.fr\/#\/schema\/person\/5f77024ee872db417374e3a334eeb853","name":"Marie Drollon","image":{"@type":"ImageObject","inLanguage":"fr-FR","@id":"http:\/\/www.lesmissives.fr\/#\/schema\/person\/image\/","url":"https:\/\/secure.gravatar.com\/avatar\/fc9aecd7d6967e98eae774a4a6bd1bca?s=96&d=mm&r=g","contentUrl":"https:\/\/secure.gravatar.com\/avatar\/fc9aecd7d6967e98eae774a4a6bd1bca?s=96&d=mm&r=g","caption":"Marie Drollon"},"description":"F\u00e9ministe radicale \u00e0 la recherche d\u2019un moyen pas trop fatigant pour changer le monde.","url":"https:\/\/www.lesmissives.fr\/index.php\/author\/marie-drollon\/"}]}},"_links":{"self":[{"href":"https:\/\/www.lesmissives.fr\/index.php\/wp-json\/wp\/v2\/posts\/6904"}],"collection":[{"href":"https:\/\/www.lesmissives.fr\/index.php\/wp-json\/wp\/v2\/posts"}],"about":[{"href":"https:\/\/www.lesmissives.fr\/index.php\/wp-json\/wp\/v2\/types\/post"}],"author":[{"embeddable":true,"href":"https:\/\/www.lesmissives.fr\/index.php\/wp-json\/wp\/v2\/users\/64"}],"replies":[{"embeddable":true,"href":"https:\/\/www.lesmissives.fr\/index.php\/wp-json\/wp\/v2\/comments?post=6904"}],"version-history":[{"count":5,"href":"https:\/\/www.lesmissives.fr\/index.php\/wp-json\/wp\/v2\/posts\/6904\/revisions"}],"predecessor-version":[{"id":6913,"href":"https:\/\/www.lesmissives.fr\/index.php\/wp-json\/wp\/v2\/posts\/6904\/revisions\/6913"}],"wp:featuredmedia":[{"embeddable":true,"href":"https:\/\/www.lesmissives.fr\/index.php\/wp-json\/wp\/v2\/media\/6905"}],"wp:attachment":[{"href":"https:\/\/www.lesmissives.fr\/index.php\/wp-json\/wp\/v2\/media?parent=6904"}],"wp:term":[{"taxonomy":"category","embeddable":true,"href":"https:\/\/www.lesmissives.fr\/index.php\/wp-json\/wp\/v2\/categories?post=6904"},{"taxonomy":"post_tag","embeddable":true,"href":"https:\/\/www.lesmissives.fr\/index.php\/wp-json\/wp\/v2\/tags?post=6904"}],"curies":[{"name":"wp","href":"https:\/\/api.w.org\/{rel}","templated":true}]}}