{"id":5934,"date":"2024-10-19T16:32:06","date_gmt":"2024-10-19T14:32:06","guid":{"rendered":"http:\/\/www.lesmissives.fr\/?p=5934"},"modified":"2024-10-19T16:43:38","modified_gmt":"2024-10-19T14:43:38","slug":"ou-sont-les-personnages-denfants-non-blancs-en-litterature-jeunesse-de-sarah-ghelam","status":"publish","type":"post","link":"https:\/\/www.lesmissives.fr\/index.php\/2024\/10\/19\/ou-sont-les-personnages-denfants-non-blancs-en-litterature-jeunesse-de-sarah-ghelam\/","title":{"rendered":"O\u00f9 sont les personnages d&rsquo;enfants non blancs en litt\u00e9rature jeunesse de Sarah Ghelam"},"content":{"rendered":"\n<blockquote class=\"wp-block-quote is-layout-flow wp-block-quote-is-layout-flow\">\n<p>\u00ab&nbsp;Alors Sarah Ghelam s\u2019est mise debout. Elle a os\u00e9, car la salle semblait fig\u00e9e ou berc\u00e9e par le malaise. Elle a pris le micro, elle a interrog\u00e9 le racisme ambiant, elle a \u00e9mis des hypoth\u00e8ses lumineuses au sujet des in\u00e9galit\u00e9s et des exclusions que la litt\u00e9rature jeunesse fabrique, aveugl\u00e9ment ou non. L\u2019autrice l\u2019a remerci\u00e9e. Apr\u00e8s, je les ai vues se serrer dans les bras. Sororales. J\u2019\u00e9tais sauv\u00e9e.&nbsp;\u00bb <\/p>\n<\/blockquote>\n\n\n\n<p>C\u2019est elle Sarah Ghelam&nbsp;: une femme engag\u00e9e pour mettre en lumi\u00e8re l\u2019importance d\u2019une diversit\u00e9 de repr\u00e9sentations et les cons\u00e9quences de leur absence en litt\u00e9rature jeunesse. Elle est \u00e9galement \u00e0 l\u2019origine de la collection \u00ab&nbsp;J\u2019aimerais t\u2019y voir&nbsp;\u00bb qui propose un espace de pens\u00e9e sur les recherches et pratiques en cours autour des repr\u00e9sentations en litt\u00e9rature jeunesse, plus pr\u00e9cis\u00e9ment \u00e0 l\u2019int\u00e9rieur de la production d\u2019albums jeunesse en France. Dans son essai <em>O\u00f9 sont les personnages d\u2019enfants non blancs en litt\u00e9rature jeunesse&nbsp;?<\/em>, elle analyse toute la production d\u2019albums jeunesse avec au moins un personnage d\u2019enfant non blanc de 2021 \u00e0 2023, soit pr\u00e8s de 400 albums.<\/p>\n\n\n\n<figure class=\"wp-block-image size-full\"><img loading=\"lazy\" decoding=\"async\" width=\"658\" height=\"440\" src=\"http:\/\/www.lesmissives.fr\/wp-content\/uploads\/2024\/10\/bandeau-ghelam.jpg\" alt=\"\" class=\"wp-image-5947\" srcset=\"https:\/\/www.lesmissives.fr\/wp-content\/uploads\/2024\/10\/bandeau-ghelam.jpg 658w, https:\/\/www.lesmissives.fr\/wp-content\/uploads\/2024\/10\/bandeau-ghelam-300x201.jpg 300w, https:\/\/www.lesmissives.fr\/wp-content\/uploads\/2024\/10\/bandeau-ghelam-400x267.jpg 400w\" sizes=\"(max-width: 658px) 100vw, 658px\" \/><\/figure>\n\n\n\n<p><strong>Une \u00e9tude cibl\u00e9e et document\u00e9e<\/strong><\/p>\n\n\n\n<p>D\u00e8s les premi\u00e8res lignes de cet essai, on remarque la pr\u00e9cision de la recherche. Sarah Ghelam cible le support&nbsp;: il s\u2019agit de l\u2019album qu\u2019elle d\u00e9finit ainsi \u00ab&nbsp; objet-livre sur lequel s\u2019inscrivent, sur la m\u00eame double page, des images et du texte. Il est marqu\u00e9 par une interaction entre texte et image. Cette interaction peut relever de la redondance, de la compl\u00e9mentarit\u00e9 ou bien de la disjonction&nbsp;\u00bb. Ensuite, viennent un traitement pr\u00e9cis en fonction des zones g\u00e9ographiques \u00ab&nbsp;Afrique subsaharienne, Afrique du Nord, Asie, Les territoires d\u2019Outre-Mer, Am\u00e9rique du Nord&nbsp;\u00bb. A chaque chapitre, elle \u00e9tudie quelques albums en les nommant et en posant une interpr\u00e9tation d\u00e9velopp\u00e9e et justifi\u00e9e. Le regard pos\u00e9 sur ces nombreux albums est toujours orient\u00e9 vers les m\u00eames crit\u00e8res d\u2019analyse \u00ab&nbsp;la mani\u00e8re dont les illustrateurices colorisent leurs personnages blancs et leurs personnages non blancs, aux potentiels marqueurs raciaux (cheveux, tenues, noms, langages, jouets, etc.), au contexte (r\u00e9aliste, merveilleux, \u00e9tranger), \u00e0 la th\u00e9matique des r\u00e9cits (apprentissage de la diff\u00e9rence ou non) et \u00e0 l\u2019environnement (priv\u00e9 ou uniquement scolaire)&nbsp;\u00bb.<\/p>\n\n\n\n<p>On l\u2019aura compris, ce travail d\u2019analyse soul\u00e8ve des questions tr\u00e8s pr\u00e9cises et de ce fait les r\u00e9ponses sont tr\u00e8s variables. L\u2019autrice ne les cache pas et met en lumi\u00e8re toute la complexit\u00e9 de la r\u00e9flexion. Quand elle \u00e9voque l\u2019int\u00e9gration des normes raciales chez les enfants fran\u00e7ais.es, elle reste consciente de l\u2019impossibilit\u00e9, et surtout de la non n\u00e9cessit\u00e9, d\u2019essentialiser l\u2019exp\u00e9rience de chaque enfant&nbsp;: \u00ab&nbsp;Il est tr\u00e8s probable que les signes n\u00e9cessaires [ceux qui permettent de savoir si un.e enfant pourrait assigner une identit\u00e9 sociale de race \u00e0 un personnage] varient selon l\u2019\u00e2ge de l\u2019enfant, selon son exp\u00e9rience d\u2019assignations racialisantes, selon sa classe, selon son genre, etc.&nbsp;\u00bb De cette vari\u00e9t\u00e9 d\u2019apprentissage d\u00e9coule indubitablement une autre question : qui est le public de ces albums&nbsp;? <\/p>\n\n\n\n<blockquote class=\"wp-block-quote is-layout-flow wp-block-quote-is-layout-flow\">\n<p>\u00ab&nbsp;Si ces albums ont pour but de permettre la d\u00e9couverte d\u2019un autre pays par un r\u00e9cit \u00e0 hauteur d\u2019enfants, ancr\u00e9s culturellement, cela veut dire qu\u2019on part du principe que ces cultures ne sont pas pr\u00e9sentes dans le et\/ou l\u2019environnement de l\u2019enfant-lecteurice. Pourtant, les enfants lecteurices fran\u00e7ais-es appartiennent potentiellement \u00e0 une ou plusieurs diasporas et\/ou ont des proches appartenant \u00e0 ces diasporas&nbsp;\u00bb. <\/p>\n<\/blockquote>\n\n\n\n<p>Cette contradiction soulign\u00e9e par Sarah Ghelam met \u00e0 jour des partis pris inconscients qu\u2019il s\u2019agit de d\u00e9loger. Elle met \u00e9galement au jour la transformation sociale que la France a effectu\u00e9e, et continue d\u2019effectuer, \u00e0 laquelle plusieurs albums jeunesse continuent de r\u00e9sister.<\/p>\n\n\n\n<p><strong>A bas les st\u00e9r\u00e9otypes&nbsp;!!!<\/strong><\/p>\n\n\n\n<p>Ce sont ces contradictions que l\u2019autrice r\u00e9v\u00e8le quand elle \u00e9tudie en d\u00e9tails les albums&nbsp;: elle part d\u2019un constat chiffr\u00e9 \u00ab&nbsp;Si l\u2019on doit prendre les repr\u00e9sentations disponibles dans les albums jeunesse fran\u00e7ais comme un miroir r\u00e9aliste de la vie de l\u2019ensemble des enfants sur le continent en Afrique&nbsp;: 5% seulement vivraient en milieu urbain, et 20% seraient victimes d\u2019un conflit arm\u00e9&nbsp;\u00bb. Puis quelques lignes plus loin, en une phrase courte elle r\u00e9tablit la v\u00e9rit\u00e9 et laisse deviner les sous-entendus qui se cachent derri\u00e8re ces repr\u00e9sentations&nbsp;: \u00ab&nbsp;Alors que l\u2019Afrique n\u2019est pas la r\u00e9gion du monde o\u00f9 la plus grande part d\u2019enfants vivent en zone de conflit, elle est surrepr\u00e9sent\u00e9e \u00e0 l\u2019int\u00e9rieur de la production d\u2019albums ayant pour sujet la guerre et les enfants&nbsp;\u00bb. Elle questionne \u00e9galement les r\u00f4les trop longtemps assign\u00e9s \u00e0 certains enfants et qui sont devenus des habitudes qui pourtant posent question&nbsp;: <\/p>\n\n\n\n<blockquote class=\"wp-block-quote is-layout-flow wp-block-quote-is-layout-flow\">\n<p>\u00ab&nbsp;Est-il possible pour les personnages d\u2019enfants non blancs d\u2019\u00eatre des enfants dans leurs contextes g\u00e9ographiques sans servir d\u2019apprentissage de l\u2019alt\u00e9rit\u00e9 pour les enfants blanc-hes fran\u00e7ais-es&nbsp;?&nbsp;\u00bb<\/p>\n<\/blockquote>\n\n\n\n<p>De plus, l\u2019autrice fait un constat clair et n\u2019h\u00e9site pas \u00e0 pointer du doigt des scandales comme \u00e0 valoriser ce qui est dans la vraie construction. En effet, elle met en lumi\u00e8re les limites de la repr\u00e9sentation qui ne serait due qu\u2019\u00e0 la pauvret\u00e9 et au petit nombre d\u2019albums. A propos d\u2019un album qui se situe au nord du Cameroun, elle pose un regard lucide \u00ab En plus de ne pas repr\u00e9senter justement le peuple Bamil\u00e9k\u00e9 et d\u2019\u00eatre truff\u00e9 d\u2019inexactitudes, l\u2019abondance de ces albums \u00e0 l\u2019int\u00e9rieur d\u2019un paysage \u00e9ditorial avec peu de repr\u00e9sentations de personnages d\u2019enfants non blancs participe \u00e0 la construction de l\u2019image de l\u2019enfant noir comme un enfant qui vivrait en pagne dans une Afrique rurale st\u00e9r\u00e9otyp\u00e9e et non situ\u00e9e&nbsp;\u00bb. D\u2019autre part, elle reconna\u00eet la justesse du regard port\u00e9 dans certains albums \u00ab Aussi anodine que puisse sembler l\u2019exp\u00e9rience d\u2019une premi\u00e8re neige, ces albums participent \u00e0 un projet politique&nbsp;: celui de consid\u00e9rer les enfants noir-es comme des enfants. Les enfants noir-es qui jouent \u00e0 cache-cache ne sont pas arr\u00eat\u00e9-es dans leur jeu, iels ne sont pas trait\u00e9-es comme des d\u00e9linquant-es ni comme une menace, ni comme des \u00eatres potentiellement dangereux ou violents&nbsp;\u00bb.<\/p>\n\n\n\n<p><strong>Chacun.e a sa place dans les albums jeunesse<\/strong><\/p>\n\n\n\n<p>Sarah Ghelam ne se contente pas de d\u00e9noncer les manques et les id\u00e9es pr\u00e9con\u00e7ues des repr\u00e9sentations mais elle exprime surtout un besoin de reconnaissance de la sp\u00e9cificit\u00e9 de chaque espace, de chaque corps non blanc, de chaque personnage qui vivrait hors de la France. Et ce besoin passe obligatoirement par une explication du contexte. Quand elle prend l\u2019exemple d\u2019un album sorti en 2021, elle en r\u00e9sume ainsi le projet \u00ab&nbsp;Nous avons donc un village mixte sans syst\u00e8me raciste, avec des individus qui vont par ailleurs attribuer une identit\u00e9 sociale de race \u00e0 un \u00e9l\u00e9ment \u00e9tranger, consid\u00e9r\u00e9 comme un danger et donc trait\u00e9 comme tel. On nous propose un projet racial, un village mixte sans syst\u00e8me hi\u00e9rarchique bas\u00e9 sur des cat\u00e9gories raciales, sans que ce projet soit coh\u00e9rent puisque les habitant-es sont capables d\u2019assignations racialisantes alors qu\u2019iels ne devraient pas l\u2019\u00eatre&nbsp;\u00bb. Les r\u00e9p\u00e9titions de certains mots de l\u2019autrice, qui peuvent donner l\u2019impression de tourner en rond, tentent de r\u00e9sumer le projet de cet album&nbsp;: ils miment \u00e0 eux seuls les contradictions du livre et r\u00e9v\u00e8lent les manques de cet album qui manifestement aurait pu pr\u00e9senter une soci\u00e9t\u00e9 post-coloniale tr\u00e8s pertinente, diff\u00e9rente des syst\u00e8mes racistes pass\u00e9s mais avec sa sp\u00e9cificit\u00e9, mais il semble passer \u00e0 c\u00f4t\u00e9 d\u2019un objectif structurant par manque d\u2019explication de la mixit\u00e9 qu\u2019il affiche.<\/p>\n\n\n\n<p><strong>Une autrice impliqu\u00e9e<\/strong><\/p>\n\n\n\n<p><a><\/a> Cet essai n\u2019est pas que le r\u00e9sultat de recherches pertinentes et pr\u00e9cises sur plusieurs ann\u00e9es, c\u2019est \u00e9galement un canal qui permet \u00e0 l\u2019autrice de montrer sa sensibilit\u00e9 au sujet. Son implication est tr\u00e8s r\u00e9elle et personnelle. En effet, quand elle parle de <em>Comme un million de papillons noirs<\/em> de Laura Nsafou, elle montre l\u2019impact qu\u2019il a eu dans sa vie \u00ab&nbsp;J\u2019ai attendu cet album toute ma jeune carri\u00e8re de libraire. Depuis mes dix-sept ans, quand une maman me demande un livre pour sa petite fille noire qui d\u00e9teste ses cheveux, je n\u2019ai rien \u00e0 lui offrir&nbsp;\u00bb. Un seul album a suffi \u00e0 r\u00e9veiller des souvenirs chez Sarah Ghelam et il a combl\u00e9 des manques qui \u00e9taient pr\u00e9sents chez elle, alors qu\u2019elle n\u2019\u00e9tait pas directement concern\u00e9e. Elle \u00e9voque \u00e9galement les cons\u00e9quences sur le public concern\u00e9 par cet album&nbsp;: \u00ab&nbsp;C\u2019est tout en douceur que Laura am\u00e8ne Ad\u00e9 et ses lecteurices \u00e0 pratiquer l\u2019acte r\u00e9volutionnaire de l\u2019amour de soi, le soin de soi, par l\u2019amour, le soin des sien-nes, de son identit\u00e9, de ses terres, de ses cultures&nbsp;\u00bb. Cette gradation, qui passe de l\u2019individu au collectif, ne fait que montrer l\u2019encha\u00eenement des cons\u00e9quences d\u2019attitudes fortement li\u00e9es les unes aux autres. Cet enchainement est encore plus rapide chez un.e enfant.<\/p>\n\n\n\n<figure class=\"wp-block-image size-full\"><img loading=\"lazy\" decoding=\"async\" width=\"800\" height=\"800\" src=\"http:\/\/www.lesmissives.fr\/wp-content\/uploads\/2024\/10\/comme-un-million-de-papillons-noirs-ec3529-977743.jpg\" alt=\"\" class=\"wp-image-5945\" srcset=\"https:\/\/www.lesmissives.fr\/wp-content\/uploads\/2024\/10\/comme-un-million-de-papillons-noirs-ec3529-977743.jpg 800w, https:\/\/www.lesmissives.fr\/wp-content\/uploads\/2024\/10\/comme-un-million-de-papillons-noirs-ec3529-977743-300x300.jpg 300w, https:\/\/www.lesmissives.fr\/wp-content\/uploads\/2024\/10\/comme-un-million-de-papillons-noirs-ec3529-977743-150x150.jpg 150w, https:\/\/www.lesmissives.fr\/wp-content\/uploads\/2024\/10\/comme-un-million-de-papillons-noirs-ec3529-977743-768x768.jpg 768w, https:\/\/www.lesmissives.fr\/wp-content\/uploads\/2024\/10\/comme-un-million-de-papillons-noirs-ec3529-977743-400x400.jpg 400w\" sizes=\"(max-width: 800px) 100vw, 800px\" \/><\/figure>\n\n\n\n<p>Ainsi, la lecture de cet essai bouscule nos croyances et perceptions des autres, et de ce fait de nous-m\u00eames. Il soul\u00e8ve des questions pass\u00e9es sous silence et montre la responsabilit\u00e9 des adultes dans l\u2019\u00e9criture et l\u2019illustration d\u2019un album. Ce qui importe \u00e0 Sarah Ghelam c\u2019est la justesse de la repr\u00e9sentation de chaque enfant&nbsp;: \u00ab&nbsp;toustes les enfants devraient \u00eatre consid\u00e9r\u00e9s comme des enfants. Toustes les enfants devraient conserver le privil\u00e8ge d\u2019avoir une chance&nbsp;\u00bb.<\/p>\n\n\n\n<p>Articles de Sarah Ghelam sur les repr\u00e9sentations en litt\u00e9rature jeunesse \u00e0 retrouver ici : https:\/\/genreed.hypotheses.org\/. A voir : les albums de Ezra Jack Keats, r\u00e9cemment traduits : <\/p>\n\n\n\n<figure class=\"wp-block-image size-full\"><img loading=\"lazy\" decoding=\"async\" width=\"609\" height=\"568\" src=\"http:\/\/www.lesmissives.fr\/wp-content\/uploads\/2024\/10\/reco-jeunesse-1.jpg\" alt=\"\" class=\"wp-image-5940\" srcset=\"https:\/\/www.lesmissives.fr\/wp-content\/uploads\/2024\/10\/reco-jeunesse-1.jpg 609w, https:\/\/www.lesmissives.fr\/wp-content\/uploads\/2024\/10\/reco-jeunesse-1-300x280.jpg 300w, https:\/\/www.lesmissives.fr\/wp-content\/uploads\/2024\/10\/reco-jeunesse-1-400x373.jpg 400w\" sizes=\"(max-width: 609px) 100vw, 609px\" \/><\/figure>\n","protected":false},"excerpt":{"rendered":"<p>\u00ab&nbsp;Alors Sarah Ghelam s\u2019est mise debout. Elle a os\u00e9, car la salle semblait fig\u00e9e ou berc\u00e9e par le malaise. Elle a pris le micro, elle a interrog\u00e9 le racisme ambiant, elle a \u00e9mis des hypoth\u00e8ses lumineuses au sujet des in\u00e9galit\u00e9s et des exclusions que la litt\u00e9rature jeunesse fabrique, aveugl\u00e9ment ou non. L\u2019autrice l\u2019a remerci\u00e9e. Apr\u00e8s, [&hellip;]<\/p>\n","protected":false},"author":52,"featured_media":5935,"comment_status":"closed","ping_status":"open","sticky":false,"template":"","format":"standard","meta":{"footnotes":""},"categories":[5],"tags":[],"class_list":["post-5934","post","type-post","status-publish","format-standard","has-post-thumbnail","hentry","category-essais-recents","has-thumbnail"],"yoast_head":"<!-- This site is optimized with the Yoast SEO plugin v23.5 - https:\/\/yoast.com\/wordpress\/plugins\/seo\/ -->\n<title>O\u00f9 sont les personnages d&#039;enfants non blancs en litt\u00e9rature jeunesse de Sarah Ghelam - Missives<\/title>\n<meta name=\"robots\" content=\"index, follow, max-snippet:-1, max-image-preview:large, max-video-preview:-1\" \/>\n<link rel=\"canonical\" href=\"https:\/\/www.lesmissives.fr\/index.php\/2024\/10\/19\/ou-sont-les-personnages-denfants-non-blancs-en-litterature-jeunesse-de-sarah-ghelam\/\" \/>\n<meta property=\"og:locale\" content=\"fr_FR\" \/>\n<meta property=\"og:type\" content=\"article\" \/>\n<meta property=\"og:title\" content=\"O\u00f9 sont les personnages d&#039;enfants non blancs en litt\u00e9rature jeunesse de Sarah Ghelam - Missives\" \/>\n<meta property=\"og:description\" content=\"\u00ab&nbsp;Alors Sarah Ghelam s\u2019est mise debout. Elle a os\u00e9, car la salle semblait fig\u00e9e ou berc\u00e9e par le malaise. Elle a pris le micro, elle a interrog\u00e9 le racisme ambiant, elle a \u00e9mis des hypoth\u00e8ses lumineuses au sujet des in\u00e9galit\u00e9s et des exclusions que la litt\u00e9rature jeunesse fabrique, aveugl\u00e9ment ou non. L\u2019autrice l\u2019a remerci\u00e9e. Apr\u00e8s, [&hellip;]\" \/>\n<meta property=\"og:url\" content=\"https:\/\/www.lesmissives.fr\/index.php\/2024\/10\/19\/ou-sont-les-personnages-denfants-non-blancs-en-litterature-jeunesse-de-sarah-ghelam\/\" \/>\n<meta property=\"og:site_name\" content=\"Missives\" \/>\n<meta property=\"article:publisher\" content=\"https:\/\/www.facebook.com\/LesMissives\/\" \/>\n<meta property=\"article:published_time\" content=\"2024-10-19T14:32:06+00:00\" \/>\n<meta property=\"article:modified_time\" content=\"2024-10-19T14:43:38+00:00\" \/>\n<meta property=\"og:image\" content=\"https:\/\/www.lesmissives.fr\/wp-content\/uploads\/2024\/10\/bandeau-ghelam-1.jpg\" \/>\n\t<meta property=\"og:image:width\" content=\"658\" \/>\n\t<meta property=\"og:image:height\" content=\"440\" \/>\n\t<meta property=\"og:image:type\" content=\"image\/jpeg\" \/>\n<meta name=\"author\" content=\"Magaly Jouhateau-Mauriello\" \/>\n<meta name=\"twitter:card\" content=\"summary_large_image\" \/>\n<meta name=\"twitter:label1\" content=\"\u00c9crit par\" \/>\n\t<meta name=\"twitter:data1\" content=\"Magaly Jouhateau-Mauriello\" \/>\n\t<meta name=\"twitter:label2\" content=\"Dur\u00e9e de lecture estim\u00e9e\" \/>\n\t<meta name=\"twitter:data2\" content=\"8 minutes\" \/>\n<script type=\"application\/ld+json\" class=\"yoast-schema-graph\">{\"@context\":\"https:\/\/schema.org\",\"@graph\":[{\"@type\":\"Article\",\"@id\":\"https:\/\/www.lesmissives.fr\/index.php\/2024\/10\/19\/ou-sont-les-personnages-denfants-non-blancs-en-litterature-jeunesse-de-sarah-ghelam\/#article\",\"isPartOf\":{\"@id\":\"https:\/\/www.lesmissives.fr\/index.php\/2024\/10\/19\/ou-sont-les-personnages-denfants-non-blancs-en-litterature-jeunesse-de-sarah-ghelam\/\"},\"author\":{\"name\":\"Magaly Jouhateau-Mauriello\",\"@id\":\"http:\/\/www.lesmissives.fr\/#\/schema\/person\/a7e1e237c3e17e888a84e8173b1c3d02\"},\"headline\":\"O\u00f9 sont les personnages d&rsquo;enfants non blancs en litt\u00e9rature jeunesse de Sarah Ghelam\",\"datePublished\":\"2024-10-19T14:32:06+00:00\",\"dateModified\":\"2024-10-19T14:43:38+00:00\",\"mainEntityOfPage\":{\"@id\":\"https:\/\/www.lesmissives.fr\/index.php\/2024\/10\/19\/ou-sont-les-personnages-denfants-non-blancs-en-litterature-jeunesse-de-sarah-ghelam\/\"},\"wordCount\":1755,\"publisher\":{\"@id\":\"http:\/\/www.lesmissives.fr\/#organization\"},\"image\":{\"@id\":\"https:\/\/www.lesmissives.fr\/index.php\/2024\/10\/19\/ou-sont-les-personnages-denfants-non-blancs-en-litterature-jeunesse-de-sarah-ghelam\/#primaryimage\"},\"thumbnailUrl\":\"https:\/\/www.lesmissives.fr\/wp-content\/uploads\/2024\/10\/616wdDBpDPL._AC_UF10001000_QL80_.jpg\",\"articleSection\":[\"Essais r\u00e9cents\"],\"inLanguage\":\"fr-FR\"},{\"@type\":\"WebPage\",\"@id\":\"https:\/\/www.lesmissives.fr\/index.php\/2024\/10\/19\/ou-sont-les-personnages-denfants-non-blancs-en-litterature-jeunesse-de-sarah-ghelam\/\",\"url\":\"https:\/\/www.lesmissives.fr\/index.php\/2024\/10\/19\/ou-sont-les-personnages-denfants-non-blancs-en-litterature-jeunesse-de-sarah-ghelam\/\",\"name\":\"O\u00f9 sont les personnages d'enfants non blancs en litt\u00e9rature jeunesse de Sarah Ghelam - Missives\",\"isPartOf\":{\"@id\":\"http:\/\/www.lesmissives.fr\/#website\"},\"primaryImageOfPage\":{\"@id\":\"https:\/\/www.lesmissives.fr\/index.php\/2024\/10\/19\/ou-sont-les-personnages-denfants-non-blancs-en-litterature-jeunesse-de-sarah-ghelam\/#primaryimage\"},\"image\":{\"@id\":\"https:\/\/www.lesmissives.fr\/index.php\/2024\/10\/19\/ou-sont-les-personnages-denfants-non-blancs-en-litterature-jeunesse-de-sarah-ghelam\/#primaryimage\"},\"thumbnailUrl\":\"https:\/\/www.lesmissives.fr\/wp-content\/uploads\/2024\/10\/616wdDBpDPL._AC_UF10001000_QL80_.jpg\",\"datePublished\":\"2024-10-19T14:32:06+00:00\",\"dateModified\":\"2024-10-19T14:43:38+00:00\",\"breadcrumb\":{\"@id\":\"https:\/\/www.lesmissives.fr\/index.php\/2024\/10\/19\/ou-sont-les-personnages-denfants-non-blancs-en-litterature-jeunesse-de-sarah-ghelam\/#breadcrumb\"},\"inLanguage\":\"fr-FR\",\"potentialAction\":[{\"@type\":\"ReadAction\",\"target\":[\"https:\/\/www.lesmissives.fr\/index.php\/2024\/10\/19\/ou-sont-les-personnages-denfants-non-blancs-en-litterature-jeunesse-de-sarah-ghelam\/\"]}]},{\"@type\":\"ImageObject\",\"inLanguage\":\"fr-FR\",\"@id\":\"https:\/\/www.lesmissives.fr\/index.php\/2024\/10\/19\/ou-sont-les-personnages-denfants-non-blancs-en-litterature-jeunesse-de-sarah-ghelam\/#primaryimage\",\"url\":\"https:\/\/www.lesmissives.fr\/wp-content\/uploads\/2024\/10\/616wdDBpDPL._AC_UF10001000_QL80_.jpg\",\"contentUrl\":\"https:\/\/www.lesmissives.fr\/wp-content\/uploads\/2024\/10\/616wdDBpDPL._AC_UF10001000_QL80_.jpg\",\"width\":621,\"height\":800},{\"@type\":\"BreadcrumbList\",\"@id\":\"https:\/\/www.lesmissives.fr\/index.php\/2024\/10\/19\/ou-sont-les-personnages-denfants-non-blancs-en-litterature-jeunesse-de-sarah-ghelam\/#breadcrumb\",\"itemListElement\":[{\"@type\":\"ListItem\",\"position\":1,\"name\":\"Accueil\",\"item\":\"http:\/\/www.lesmissives.fr\/\"},{\"@type\":\"ListItem\",\"position\":2,\"name\":\"O\u00f9 sont les personnages d&rsquo;enfants non blancs en litt\u00e9rature jeunesse de Sarah Ghelam\"}]},{\"@type\":\"WebSite\",\"@id\":\"http:\/\/www.lesmissives.fr\/#website\",\"url\":\"http:\/\/www.lesmissives.fr\/\",\"name\":\"Missives\",\"description\":\"Des livres os\u00e9s et f\u00e9ministes, au sens large\",\"publisher\":{\"@id\":\"http:\/\/www.lesmissives.fr\/#organization\"},\"potentialAction\":[{\"@type\":\"SearchAction\",\"target\":{\"@type\":\"EntryPoint\",\"urlTemplate\":\"http:\/\/www.lesmissives.fr\/?s={search_term_string}\"},\"query-input\":{\"@type\":\"PropertyValueSpecification\",\"valueRequired\":true,\"valueName\":\"search_term_string\"}}],\"inLanguage\":\"fr-FR\"},{\"@type\":\"Organization\",\"@id\":\"http:\/\/www.lesmissives.fr\/#organization\",\"name\":\"les missives\",\"url\":\"http:\/\/www.lesmissives.fr\/\",\"logo\":{\"@type\":\"ImageObject\",\"inLanguage\":\"fr-FR\",\"@id\":\"http:\/\/www.lesmissives.fr\/#\/schema\/logo\/image\/\",\"url\":\"https:\/\/www.lesmissives.fr\/wp-content\/uploads\/2025\/09\/cropped-LOGO-MISSIVES-ROUGE-COMPLET2-scaled-1.jpg\",\"contentUrl\":\"https:\/\/www.lesmissives.fr\/wp-content\/uploads\/2025\/09\/cropped-LOGO-MISSIVES-ROUGE-COMPLET2-scaled-1.jpg\",\"width\":1130,\"height\":800,\"caption\":\"les missives\"},\"image\":{\"@id\":\"http:\/\/www.lesmissives.fr\/#\/schema\/logo\/image\/\"},\"sameAs\":[\"https:\/\/www.facebook.com\/LesMissives\/\"]},{\"@type\":\"Person\",\"@id\":\"http:\/\/www.lesmissives.fr\/#\/schema\/person\/a7e1e237c3e17e888a84e8173b1c3d02\",\"name\":\"Magaly Jouhateau-Mauriello\",\"image\":{\"@type\":\"ImageObject\",\"inLanguage\":\"fr-FR\",\"@id\":\"http:\/\/www.lesmissives.fr\/#\/schema\/person\/image\/\",\"url\":\"https:\/\/secure.gravatar.com\/avatar\/2d5da1f4045787a5fbcc42da3a5d64ea?s=96&d=mm&r=g\",\"contentUrl\":\"https:\/\/secure.gravatar.com\/avatar\/2d5da1f4045787a5fbcc42da3a5d64ea?s=96&d=mm&r=g\",\"caption\":\"Magaly Jouhateau-Mauriello\"},\"description\":\"Passionn\u00e9e de lecture depuis petite, Magaly Jouhateau-Mauriello voit en la litt\u00e9rature la meilleure fa\u00e7on de d\u00e9couvrir l'\u00e2me humaine, avec ce qu'elle a de beau mais aussi de plus obscur. Ce domaine, selon elle, est le meilleur moyen de redonner une voix \u00e0 celles et ceux que l'on a voulu depuis trop longtemps consid\u00e9rer comme muet.te.s.\",\"url\":\"https:\/\/www.lesmissives.fr\/index.php\/author\/magaly-jouhateau-mauriello\/\"}]}<\/script>\n<!-- \/ Yoast SEO plugin. -->","yoast_head_json":{"title":"O\u00f9 sont les personnages d'enfants non blancs en litt\u00e9rature jeunesse de Sarah Ghelam - Missives","robots":{"index":"index","follow":"follow","max-snippet":"max-snippet:-1","max-image-preview":"max-image-preview:large","max-video-preview":"max-video-preview:-1"},"canonical":"https:\/\/www.lesmissives.fr\/index.php\/2024\/10\/19\/ou-sont-les-personnages-denfants-non-blancs-en-litterature-jeunesse-de-sarah-ghelam\/","og_locale":"fr_FR","og_type":"article","og_title":"O\u00f9 sont les personnages d'enfants non blancs en litt\u00e9rature jeunesse de Sarah Ghelam - Missives","og_description":"\u00ab&nbsp;Alors Sarah Ghelam s\u2019est mise debout. Elle a os\u00e9, car la salle semblait fig\u00e9e ou berc\u00e9e par le malaise. Elle a pris le micro, elle a interrog\u00e9 le racisme ambiant, elle a \u00e9mis des hypoth\u00e8ses lumineuses au sujet des in\u00e9galit\u00e9s et des exclusions que la litt\u00e9rature jeunesse fabrique, aveugl\u00e9ment ou non. L\u2019autrice l\u2019a remerci\u00e9e. Apr\u00e8s, [&hellip;]","og_url":"https:\/\/www.lesmissives.fr\/index.php\/2024\/10\/19\/ou-sont-les-personnages-denfants-non-blancs-en-litterature-jeunesse-de-sarah-ghelam\/","og_site_name":"Missives","article_publisher":"https:\/\/www.facebook.com\/LesMissives\/","article_published_time":"2024-10-19T14:32:06+00:00","article_modified_time":"2024-10-19T14:43:38+00:00","og_image":[{"width":658,"height":440,"url":"https:\/\/www.lesmissives.fr\/wp-content\/uploads\/2024\/10\/bandeau-ghelam-1.jpg","type":"image\/jpeg"}],"author":"Magaly Jouhateau-Mauriello","twitter_card":"summary_large_image","twitter_misc":{"\u00c9crit par":"Magaly Jouhateau-Mauriello","Dur\u00e9e de lecture estim\u00e9e":"8 minutes"},"schema":{"@context":"https:\/\/schema.org","@graph":[{"@type":"Article","@id":"https:\/\/www.lesmissives.fr\/index.php\/2024\/10\/19\/ou-sont-les-personnages-denfants-non-blancs-en-litterature-jeunesse-de-sarah-ghelam\/#article","isPartOf":{"@id":"https:\/\/www.lesmissives.fr\/index.php\/2024\/10\/19\/ou-sont-les-personnages-denfants-non-blancs-en-litterature-jeunesse-de-sarah-ghelam\/"},"author":{"name":"Magaly Jouhateau-Mauriello","@id":"http:\/\/www.lesmissives.fr\/#\/schema\/person\/a7e1e237c3e17e888a84e8173b1c3d02"},"headline":"O\u00f9 sont les personnages d&rsquo;enfants non blancs en litt\u00e9rature jeunesse de Sarah Ghelam","datePublished":"2024-10-19T14:32:06+00:00","dateModified":"2024-10-19T14:43:38+00:00","mainEntityOfPage":{"@id":"https:\/\/www.lesmissives.fr\/index.php\/2024\/10\/19\/ou-sont-les-personnages-denfants-non-blancs-en-litterature-jeunesse-de-sarah-ghelam\/"},"wordCount":1755,"publisher":{"@id":"http:\/\/www.lesmissives.fr\/#organization"},"image":{"@id":"https:\/\/www.lesmissives.fr\/index.php\/2024\/10\/19\/ou-sont-les-personnages-denfants-non-blancs-en-litterature-jeunesse-de-sarah-ghelam\/#primaryimage"},"thumbnailUrl":"https:\/\/www.lesmissives.fr\/wp-content\/uploads\/2024\/10\/616wdDBpDPL._AC_UF10001000_QL80_.jpg","articleSection":["Essais r\u00e9cents"],"inLanguage":"fr-FR"},{"@type":"WebPage","@id":"https:\/\/www.lesmissives.fr\/index.php\/2024\/10\/19\/ou-sont-les-personnages-denfants-non-blancs-en-litterature-jeunesse-de-sarah-ghelam\/","url":"https:\/\/www.lesmissives.fr\/index.php\/2024\/10\/19\/ou-sont-les-personnages-denfants-non-blancs-en-litterature-jeunesse-de-sarah-ghelam\/","name":"O\u00f9 sont les personnages d'enfants non blancs en litt\u00e9rature jeunesse de Sarah Ghelam - Missives","isPartOf":{"@id":"http:\/\/www.lesmissives.fr\/#website"},"primaryImageOfPage":{"@id":"https:\/\/www.lesmissives.fr\/index.php\/2024\/10\/19\/ou-sont-les-personnages-denfants-non-blancs-en-litterature-jeunesse-de-sarah-ghelam\/#primaryimage"},"image":{"@id":"https:\/\/www.lesmissives.fr\/index.php\/2024\/10\/19\/ou-sont-les-personnages-denfants-non-blancs-en-litterature-jeunesse-de-sarah-ghelam\/#primaryimage"},"thumbnailUrl":"https:\/\/www.lesmissives.fr\/wp-content\/uploads\/2024\/10\/616wdDBpDPL._AC_UF10001000_QL80_.jpg","datePublished":"2024-10-19T14:32:06+00:00","dateModified":"2024-10-19T14:43:38+00:00","breadcrumb":{"@id":"https:\/\/www.lesmissives.fr\/index.php\/2024\/10\/19\/ou-sont-les-personnages-denfants-non-blancs-en-litterature-jeunesse-de-sarah-ghelam\/#breadcrumb"},"inLanguage":"fr-FR","potentialAction":[{"@type":"ReadAction","target":["https:\/\/www.lesmissives.fr\/index.php\/2024\/10\/19\/ou-sont-les-personnages-denfants-non-blancs-en-litterature-jeunesse-de-sarah-ghelam\/"]}]},{"@type":"ImageObject","inLanguage":"fr-FR","@id":"https:\/\/www.lesmissives.fr\/index.php\/2024\/10\/19\/ou-sont-les-personnages-denfants-non-blancs-en-litterature-jeunesse-de-sarah-ghelam\/#primaryimage","url":"https:\/\/www.lesmissives.fr\/wp-content\/uploads\/2024\/10\/616wdDBpDPL._AC_UF10001000_QL80_.jpg","contentUrl":"https:\/\/www.lesmissives.fr\/wp-content\/uploads\/2024\/10\/616wdDBpDPL._AC_UF10001000_QL80_.jpg","width":621,"height":800},{"@type":"BreadcrumbList","@id":"https:\/\/www.lesmissives.fr\/index.php\/2024\/10\/19\/ou-sont-les-personnages-denfants-non-blancs-en-litterature-jeunesse-de-sarah-ghelam\/#breadcrumb","itemListElement":[{"@type":"ListItem","position":1,"name":"Accueil","item":"http:\/\/www.lesmissives.fr\/"},{"@type":"ListItem","position":2,"name":"O\u00f9 sont les personnages d&rsquo;enfants non blancs en litt\u00e9rature jeunesse de Sarah Ghelam"}]},{"@type":"WebSite","@id":"http:\/\/www.lesmissives.fr\/#website","url":"http:\/\/www.lesmissives.fr\/","name":"Missives","description":"Des livres os\u00e9s et f\u00e9ministes, au sens large","publisher":{"@id":"http:\/\/www.lesmissives.fr\/#organization"},"potentialAction":[{"@type":"SearchAction","target":{"@type":"EntryPoint","urlTemplate":"http:\/\/www.lesmissives.fr\/?s={search_term_string}"},"query-input":{"@type":"PropertyValueSpecification","valueRequired":true,"valueName":"search_term_string"}}],"inLanguage":"fr-FR"},{"@type":"Organization","@id":"http:\/\/www.lesmissives.fr\/#organization","name":"les missives","url":"http:\/\/www.lesmissives.fr\/","logo":{"@type":"ImageObject","inLanguage":"fr-FR","@id":"http:\/\/www.lesmissives.fr\/#\/schema\/logo\/image\/","url":"https:\/\/www.lesmissives.fr\/wp-content\/uploads\/2025\/09\/cropped-LOGO-MISSIVES-ROUGE-COMPLET2-scaled-1.jpg","contentUrl":"https:\/\/www.lesmissives.fr\/wp-content\/uploads\/2025\/09\/cropped-LOGO-MISSIVES-ROUGE-COMPLET2-scaled-1.jpg","width":1130,"height":800,"caption":"les missives"},"image":{"@id":"http:\/\/www.lesmissives.fr\/#\/schema\/logo\/image\/"},"sameAs":["https:\/\/www.facebook.com\/LesMissives\/"]},{"@type":"Person","@id":"http:\/\/www.lesmissives.fr\/#\/schema\/person\/a7e1e237c3e17e888a84e8173b1c3d02","name":"Magaly Jouhateau-Mauriello","image":{"@type":"ImageObject","inLanguage":"fr-FR","@id":"http:\/\/www.lesmissives.fr\/#\/schema\/person\/image\/","url":"https:\/\/secure.gravatar.com\/avatar\/2d5da1f4045787a5fbcc42da3a5d64ea?s=96&d=mm&r=g","contentUrl":"https:\/\/secure.gravatar.com\/avatar\/2d5da1f4045787a5fbcc42da3a5d64ea?s=96&d=mm&r=g","caption":"Magaly Jouhateau-Mauriello"},"description":"Passionn\u00e9e de lecture depuis petite, Magaly Jouhateau-Mauriello voit en la litt\u00e9rature la meilleure fa\u00e7on de d\u00e9couvrir l'\u00e2me humaine, avec ce qu'elle a de beau mais aussi de plus obscur. Ce domaine, selon elle, est le meilleur moyen de redonner une voix \u00e0 celles et ceux que l'on a voulu depuis trop longtemps consid\u00e9rer comme muet.te.s.","url":"https:\/\/www.lesmissives.fr\/index.php\/author\/magaly-jouhateau-mauriello\/"}]}},"_links":{"self":[{"href":"https:\/\/www.lesmissives.fr\/index.php\/wp-json\/wp\/v2\/posts\/5934"}],"collection":[{"href":"https:\/\/www.lesmissives.fr\/index.php\/wp-json\/wp\/v2\/posts"}],"about":[{"href":"https:\/\/www.lesmissives.fr\/index.php\/wp-json\/wp\/v2\/types\/post"}],"author":[{"embeddable":true,"href":"https:\/\/www.lesmissives.fr\/index.php\/wp-json\/wp\/v2\/users\/52"}],"replies":[{"embeddable":true,"href":"https:\/\/www.lesmissives.fr\/index.php\/wp-json\/wp\/v2\/comments?post=5934"}],"version-history":[{"count":5,"href":"https:\/\/www.lesmissives.fr\/index.php\/wp-json\/wp\/v2\/posts\/5934\/revisions"}],"predecessor-version":[{"id":5949,"href":"https:\/\/www.lesmissives.fr\/index.php\/wp-json\/wp\/v2\/posts\/5934\/revisions\/5949"}],"wp:featuredmedia":[{"embeddable":true,"href":"https:\/\/www.lesmissives.fr\/index.php\/wp-json\/wp\/v2\/media\/5935"}],"wp:attachment":[{"href":"https:\/\/www.lesmissives.fr\/index.php\/wp-json\/wp\/v2\/media?parent=5934"}],"wp:term":[{"taxonomy":"category","embeddable":true,"href":"https:\/\/www.lesmissives.fr\/index.php\/wp-json\/wp\/v2\/categories?post=5934"},{"taxonomy":"post_tag","embeddable":true,"href":"https:\/\/www.lesmissives.fr\/index.php\/wp-json\/wp\/v2\/tags?post=5934"}],"curies":[{"name":"wp","href":"https:\/\/api.w.org\/{rel}","templated":true}]}}