{"id":5594,"date":"2024-02-26T12:30:41","date_gmt":"2024-02-26T11:30:41","guid":{"rendered":"http:\/\/www.lesmissives.fr\/?p=5594"},"modified":"2024-02-27T08:53:37","modified_gmt":"2024-02-27T07:53:37","slug":"lautobiographie-dune-fillette-degourdie-au-18e-siecle-enfance-de-manon-roland","status":"publish","type":"post","link":"https:\/\/www.lesmissives.fr\/index.php\/2024\/02\/26\/lautobiographie-dune-fillette-degourdie-au-18e-siecle-enfance-de-manon-roland\/","title":{"rendered":"L\u2019autobiographie d\u2019une fillette d\u00e9gourdie au 18e si\u00e8cle : Enfance de Manon Roland"},"content":{"rendered":"\n<p>C\u2019est une amie qui, quelques jours avant No\u00ebl, m\u2019a gliss\u00e9 dans mon sac, au lieu d\u2019un sachet de chocolats, un mince petit livre, un \u00ab&nbsp;Folio \u00e0 2&nbsp;\u20ac&nbsp;\u00bb. Il portait un nom d\u2019autrice, \u00ab&nbsp;Madame Roland&nbsp;\u00bb et un titre tr\u00e8s sobre&nbsp;: <em>Enfance<\/em>. Je l\u2019ai ouvert et aussit\u00f4t d\u00e9vor\u00e9 jusqu\u2019\u00e0 la derni\u00e8re page.<\/p>\n\n\n<div class=\"wp-block-image\">\n<figure class=\"aligncenter size-full\"><img loading=\"lazy\" decoding=\"async\" width=\"820\" height=\"430\" src=\"http:\/\/www.lesmissives.fr\/wp-content\/uploads\/2024\/02\/A.jpg\" alt=\"\" class=\"wp-image-5596\" srcset=\"https:\/\/www.lesmissives.fr\/wp-content\/uploads\/2024\/02\/A.jpg 820w, https:\/\/www.lesmissives.fr\/wp-content\/uploads\/2024\/02\/A-300x157.jpg 300w, https:\/\/www.lesmissives.fr\/wp-content\/uploads\/2024\/02\/A-768x403.jpg 768w, https:\/\/www.lesmissives.fr\/wp-content\/uploads\/2024\/02\/A-400x210.jpg 400w, https:\/\/www.lesmissives.fr\/wp-content\/uploads\/2024\/02\/A-800x420.jpg 800w\" sizes=\"(max-width: 820px) 100vw, 820px\" \/><\/figure><\/div>\n\n\n<p>L\u2019autrice est Manon Phlipon, devenue par son mariage Manon Roland, et connue dans l\u2019histoire comme \u00ab&nbsp;Madame Roland&nbsp;\u00bb. Connue pour avoir particip\u00e9 \u00e0 la R\u00e9volution fran\u00e7aise avec les Girondins, puis pour avoir fini arr\u00eat\u00e9e et guillotin\u00e9e comme beaucoup en 1793. En revanche, on sait moins \u2013 je l\u2019ignorais totalement \u2013 qu\u2019elle a \u00e9crit ses <em>M\u00e9moires <\/em>durant les quelques mois o\u00f9 elle \u00e9tait en prison, avant son ex\u00e9cution. Le mince petit livre \u00e9dit\u00e9 par Folio contient le d\u00e9but de ses M\u00e9moires, de sa naissance \u00e0 ses 15 ou 16 ans environ, d\u2019o\u00f9 le titre <em>Enfance<\/em>. Voici l\u2019ouverture des <em>M\u00e9moires&nbsp;<\/em>:<\/p>\n\n\n\n<blockquote class=\"wp-block-quote is-layout-flow wp-block-quote-is-layout-flow\">\n<p>Aux prisons de Sainte-P\u00e9lagie, le 9 ao\u00fbt 1793. <\/p>\n\n\n\n<p>Fille d\u2019artiste, femme d\u2019un savant devenu ministre et demeur\u00e9 homme de bien, aujourd\u2019hui prisonni\u00e8re, destin\u00e9e peut-\u00eatre \u00e0 une mort violente et inopin\u00e9e, j\u2019ai connu le bonheur et l\u2019adversit\u00e9, j\u2019ai vu de pr\u00e8s la gloire et subi l\u2019injustice. <\/p>\n\n\n\n<p>N\u00e9e dans un \u00e9tat obscur, mais de parents honn\u00eates, j\u2019ai pass\u00e9 ma jeunesse au sein des beaux-arts, nourrie des charmes de l\u2019\u00e9tude, sans conna\u00eetre de sup\u00e9riorit\u00e9 que celle du m\u00e9rite, ni de grandeur que celle de la vertu.<\/p>\n\n\n\n<p>\u00c0 l\u2019\u00e2ge o\u00f9 l\u2019on prend un \u00e9tat, j\u2019ai perdu les esp\u00e9rances de fortune qui pouvaient m\u2019en procurer un conforme \u00e0 l\u2019\u00e9ducation que j\u2019avais re\u00e7ue. L\u2019alliance d\u2019un homme respectable a paru r\u00e9parer ces revers\u00a0; elle m\u2019en pr\u00e9parait de nouveaux.<\/p>\n<\/blockquote>\n\n\n\n<p>On y d\u00e9couvre une grande \u00e9crivaine, au style brillant, qui n\u2019a rien \u00e0 envier \u00e0 Rousseau ni \u00e0 Chateaubriand, les deux grands auteurs autobiographiques entre lesquels elle se situe chronologiquement. Elle porte sur sa propre enfance et sur les personnes de son entourage un regard tr\u00e8s sensible, tout en nuances. J\u2019aime particuli\u00e8rement la fa\u00e7on dont elle parle de sa relation avec sa m\u00e8re, sans \u00e9carter les critiques sur certains traits de caract\u00e8re de celle-ci, mais en faisant ressortir surtout l\u2019amour et la complicit\u00e9 qui les liaient. Elle manie adroitement l\u2019humour, et ne s\u2019apitoie jamais sur elle-m\u00eame (contrairement \u00e0 certains autres autobiographes de son si\u00e8cle\u2026).<\/p>\n\n\n\n<p>On y d\u00e9couvre une petite fille extraordinairement dou\u00e9e, qui sait lire \u00e0 4 ans, qui lit tout ce qui lui tombe sous la main, romans, livres d\u2019histoire, la Bible, trait\u00e9s de philosophie, de zoologie, de g\u00e9om\u00e9trie, etc., qui apprend et ma\u00eetrise plusieurs langues, qui dessine remarquablement et sait manier le burin aussi bien que son p\u00e8re graveur, qui sait aussi la musique et joue avec talent de la guitare. S\u2019habiller \u00e0 la mode, se faire belle et attirer le regard des jeunes gens ne l\u2019int\u00e9resse gu\u00e8re, elle pr\u00e9f\u00e8re rester des heures enferm\u00e9e chez elle \u00e0 lire. Extrait d\u2019un savoureux moment de complicit\u00e9 sans paroles autour de la lecture entre Manon, sa m\u00e8re, et un apprenti de son p\u00e8re&nbsp;:<\/p>\n\n\n\n<blockquote class=\"wp-block-quote is-layout-flow wp-block-quote-is-layout-flow\">\n<p>Au<em> <\/em>c\u00f4t\u00e9 oppos\u00e9, une grande chambre dans laquelle mon p\u00e8re avait fait placer son \u00e9tabli, beaucoup d\u2019objets de sculpture et ceux de son art, formait son atelier. Je m\u2019y glissais le soir ou bien aux heures de la journ\u00e9e o\u00f9 il n\u2019y avait personne&nbsp;; j\u2019y avais remarqu\u00e9 une cachette o\u00f9 l\u2019un des jeunes gens mettait des livres. J\u2019en prenais un \u00e0 mesure&nbsp;; j\u2019allais le d\u00e9vorer dans mon petit cabinet, ayant grand soin de le remettre aux heures convenables, sans en rien dire \u00e0 personne C\u2019\u00e9tait en g\u00e9n\u00e9ral de bons ouvrages&nbsp;; je m\u2019aper\u00e7us un jour que ma m\u00e8re avait fait la m\u00eame d\u00e9couverte que moi&nbsp;; je reconnus dans ses mains un volume qui avait pass\u00e9 dans les miennes. Alors je ne me g\u00eanai plus, et sans mentir, mais sans parler du pass\u00e9, j\u2019eus l\u2019air d\u2019avoir suivi sa trace. Le jeune homme qu\u2019on appelait Courson, [nom] auquel il joignit le de par la suite en se fourrant \u00e0 Versailles instituteur des pages, ne ressemblait point \u00e0 ses camarades&nbsp;; il avait de la politesse, un ton d\u00e9cent, et cherchait de l\u2019instruction. Il n\u2019avait jamais rien dit non plus de la disparition momentan\u00e9e de quelques volumes&nbsp;; il semblait qu\u2019il y e\u00fbt entre nous trois une convention tacite.<\/p>\n<\/blockquote>\n\n\n\n<p>On y d\u00e9couvre une personnalit\u00e9 affirm\u00e9e et d\u00e9gourdie. Depuis toute petite, Manon sait ce qu\u2019elle veut, elle sait ce qu\u2019elle pense, elle sait ce qu\u2019elle aime. Elle le dit avec franchise, simplicit\u00e9 et d\u00e9termination.<\/p>\n\n\n\n<p>On y d\u00e9couvre la vie dans un milieu social du 18<sup>e<\/sup> si\u00e8cle que l\u2019on a peu l\u2019occasion de voir d\u00e9crit&nbsp;: celui d\u2019une petite bourgeoisie artisanale ais\u00e9e. Le p\u00e8re de Manon est graveur, il a un atelier avec des apprentis dans le m\u00eame b\u00e2timent que la maison familiale, en plein Paris, pr\u00e8s du Pont Neuf, il doit travailler dur, mais est suffisamment ais\u00e9 pour payer \u00e0 sa fille des professeurs priv\u00e9s. Dans son enfance, Manon rencontre dans l\u2019entourage de sa famille des gens simples comme des aristocrates. Elle acquiert t\u00f4t un regard aigu sur les in\u00e9galit\u00e9s sociales, comme ce jour o\u00f9 elle accompagne sa grand-m\u00e8re chez une dame noble et riche dont elle s\u2019est jadis occup\u00e9 des enfants comme gouvernante&nbsp;: Manon saisit parfaitement le m\u00e9pris de la dame envers sa grand-m\u00e8re qui ne se manifeste pourtant pas ouvertement, et elle en est indign\u00e9e.<\/p>\n\n\n\n<p>On y d\u00e9couvre une \u00e9crivaine s\u0153ur des femmes des ann\u00e9es 2020 que nous sommes, qui raconte l\u2019arriv\u00e9e de ses premi\u00e8res r\u00e8gles avec sensibilit\u00e9 et dans la complicit\u00e9 et la bienveillance de sa m\u00e8re et de sa grand-m\u00e8re, qui raconte une agression sexuelle dont elle a \u00e9t\u00e9 victime avec franchise, pudeur, dignit\u00e9, et m\u00eame un peu d\u2019humour, qui raconte avec enthousiasme l\u2019amiti\u00e9 gaie et sereine dans un milieu exclusivement f\u00e9minin qu\u2019elle a v\u00e9cue lors d\u2019une ann\u00e9e pass\u00e9e dans un couvent.<\/p>\n\n\n\n<p>Alors que Manon, apr\u00e8s avoir v\u00e9cu un an chez sa grand-m\u00e8re, revient chez ses parents, elle se livre \u00e0 une profonde introspection psychologique avec laquelle elle analyse les sentiments qu\u2019elle \u00e9prouve envers sa grand-m\u00e8re et ceux qu\u2019elle \u00e9prouve envers sa m\u00e8re&nbsp;:<\/p>\n\n\n\n<blockquote class=\"wp-block-quote is-layout-flow wp-block-quote-is-layout-flow\">\n<p>La gaiet\u00e9 de ma bonne maman pr\u00eatait des charmes \u00e0 son appartement o\u00f9 j\u2019avais pass\u00e9 tant de jours riants et paisibles&nbsp;: je m\u2019\u00e9loignai de sa personne en pleurant, malgr\u00e9 mon attachement pour ma m\u00e8re, dont le m\u00e9rite, bien plus solide, avait un ext\u00e9rieur plus imposant, avec lequel je n\u2019avais pas fait jusqu\u2019alors de comparaison qui le rend\u00eet moins attrayant, comme je le sentis confus\u00e9ment dans cet instant.<\/p>\n<\/blockquote>\n\n\n\n<p>\u00c0 l\u2019occasion d\u2019une f\u00eate dans le couvent o\u00f9 elle a v\u00e9cu un an, Manon fait une r\u00e9flexion sur l\u2019atmosph\u00e8re qui r\u00e8gne dans ce que nous appellerions aujourd\u2019hui une \u00ab&nbsp;r\u00e9union en non mixit\u00e9&nbsp;\u00bb, et termine sur une petite pique envers le genre masculin&nbsp;:<\/p>\n\n\n\n<blockquote class=\"wp-block-quote is-layout-flow wp-block-quote-is-layout-flow\">\n<p>Tout \u00e9tait en mouvement, les jeunes personnes bien par\u00e9es, la salle commune orn\u00e9e de fleurs, le r\u00e9fectoire garni de friandises. Il faut avouer que dans ces f\u00eates de pauvres recluses, o\u00f9 l\u2019on pouvait trouver de l\u2019enfantillage, il r\u00e9gnait aussi ce je ne sais quoi d\u2019aimable, d\u2019ing\u00e9nu, de gracieux, qui n\u2019appartient qu\u2019\u00e0 la douceur des femmes, \u00e0 la vivacit\u00e9 de leur imagination, \u00e0 l\u2019innocence de leurs \u00e9bats lorsqu\u2019elles s\u2019\u00e9gayent entre elles, loin de la pr\u00e9sence d\u2019un sexe qui les rend toujours plus s\u00e9rieuses quand il ne les fait pas d\u00e9lirer.<\/p>\n<\/blockquote>\n\n\n\n<p>Le r\u00e9cit de l\u2019apparition des premi\u00e8res r\u00e8gles&nbsp;: po\u00e9sie, s\u00e9r\u00e9nit\u00e9, et bienveillance familiale&nbsp;:<\/p>\n\n\n\n<blockquote class=\"wp-block-quote is-layout-flow wp-block-quote-is-layout-flow\">\n<p>Les progr\u00e8s de l\u2019esprit ne se faisaient pas seuls, la nature avait aussi les siens dans tous les genres. Un premier de mai, \u00e0 quatorze ans, elle avait fleuri tout \u00e0 coup, sans aucun effort, comme une rose vive et fra\u00eeche qui s\u2019entr\u2019ouvre aux rayons puissants du soleil printanier. Quoique ma m\u00e8re ne m\u2019e\u00fbt jamais dit pr\u00e9cis\u00e9ment ce que je devais attendre, elle en avait assez exprim\u00e9 en ma pr\u00e9sence dans l\u2019occasion, et ma bonne maman surtout s\u2019\u00e9tait trop amus\u00e9e \u00e0 me faire certaines proph\u00e9ties pour que je fusse \u00e9tonn\u00e9e de l\u2019\u00e9v\u00e9nement.<\/p>\n\n\n\n<p>Je le remarquai avec une sorte de joie, comme une initiation dans la classe des grandes personnes, et je l\u2019annon\u00e7ai \u00e0 ma bonne m\u00e8re qui m\u2019embrassa tendrement, ravie de me voir passer si brillamment une \u00e9poque dont elle s\u2019inqui\u00e9tait pour ma sant\u00e9.<\/p>\n<\/blockquote>\n\n\n\n<p>Ce r\u00e9cit est imm\u00e9diatement suivi de celui de la d\u00e9couverte de jouissances \u00e9rotiques involontaires qui commencent \u00e0 la saisir dans son sommeil et la r\u00e9veillent. Rien de tout cela n\u2019est dit explicitement, bien s\u00fbr, mais on comprend fort bien la nature de ses \u00e9mois. Je ne vous cite pas ici le passage, que vous aurez le plaisir de d\u00e9couvrir par vous-m\u00eame, ainsi que de nombreuses pages \u00e9tonnantes, dr\u00f4les, ou \u00e9mouvantes, dont je ne vous ai pas parl\u00e9.<\/p>\n\n\n\n<p>La grande qualit\u00e9 du style, le genre autobiographique, le r\u00e9cit et l\u2019analyse d\u2019\u00e9v\u00e9nements et de sentiments communs \u00e0 bien des enfants et des adolescents, l\u2019int\u00e9r\u00eat historique d\u2019un \u00e9clairage vivant sur la soci\u00e9t\u00e9 parisienne du 18<sup>e<\/sup> s., l\u2019occasion encore trop rare d\u2019avoir une autrice, et m\u00eame le prix modique de cette \u00e9dition, tout cela fait de <em>Enfance<\/em> un livre id\u00e9al pour faire d\u00e9couvrir l\u2019autobiographie en classe de 3<sup>e<\/sup>. J\u2019esp\u00e8re que de nombreux professeurs s\u2019en saisiront.<\/p>\n\n\n\n<p>En dehors du coll\u00e8ge, ce petit livre sera un r\u00e9gal pour les lectrices adolescentes et adultes, qui y retrouveront sans aucun doute des sensations ou des \u00e9motions qu\u2019elles ont d\u00e9j\u00e0 v\u00e9cues. Quant aux lecteurs masculins de tout \u00e2ge aussi, cette lecture ne pourra que leur faire le plus grand bien&nbsp;: alors que nous avons toutes d\u00e9couvert (avec plaisir) les \u00e9motions v\u00e9cues par des petits gar\u00e7ons \u00e0 travers des dizaines ou des centaines d\u2019autobiographies masculines qui couvrent la presque totalit\u00e9 du paysage autobiographique, il serait bon que les hommes et les gar\u00e7ons puissent aussi profiter de cet autre regard et d\u00e9couvrir les \u00e9motions v\u00e9cues par une petite fille.<\/p>\n","protected":false},"excerpt":{"rendered":"<p>C\u2019est une amie qui, quelques jours avant No\u00ebl, m\u2019a gliss\u00e9 dans mon sac, au lieu d\u2019un sachet de chocolats, un mince petit livre, un \u00ab&nbsp;Folio \u00e0 2&nbsp;\u20ac&nbsp;\u00bb. Il portait un nom d\u2019autrice, \u00ab&nbsp;Madame Roland&nbsp;\u00bb et un titre tr\u00e8s sobre&nbsp;: Enfance. Je l\u2019ai ouvert et aussit\u00f4t d\u00e9vor\u00e9 jusqu\u2019\u00e0 la derni\u00e8re page. L\u2019autrice est Manon Phlipon, devenue [&hellip;]<\/p>\n","protected":false},"author":58,"featured_media":5595,"comment_status":"closed","ping_status":"open","sticky":false,"template":"","format":"standard","meta":{"footnotes":""},"categories":[34],"tags":[62,61,41,60],"class_list":["post-5594","post","type-post","status-publish","format-standard","has-post-thumbnail","hentry","category-temoignages","tag-autobiograhie","tag-enfance","tag-feminisme","tag-manon-rolland","has-thumbnail"],"yoast_head":"<!-- This site is optimized with the Yoast SEO plugin v23.5 - https:\/\/yoast.com\/wordpress\/plugins\/seo\/ -->\n<title>L\u2019autobiographie d\u2019une fillette d\u00e9gourdie au 18e si\u00e8cle : Enfance de Manon Roland - Missives<\/title>\n<meta name=\"robots\" content=\"index, follow, max-snippet:-1, max-image-preview:large, max-video-preview:-1\" \/>\n<link rel=\"canonical\" href=\"http:\/\/www.lesmissives.fr\/index.php\/2024\/02\/26\/lautobiographie-dune-fillette-degourdie-au-18e-siecle-enfance-de-manon-roland\/\" \/>\n<meta property=\"og:locale\" content=\"fr_FR\" \/>\n<meta property=\"og:type\" content=\"article\" \/>\n<meta property=\"og:title\" content=\"L\u2019autobiographie d\u2019une fillette d\u00e9gourdie au 18e si\u00e8cle : Enfance de Manon Roland - Missives\" \/>\n<meta property=\"og:description\" content=\"C\u2019est une amie qui, quelques jours avant No\u00ebl, m\u2019a gliss\u00e9 dans mon sac, au lieu d\u2019un sachet de chocolats, un mince petit livre, un \u00ab&nbsp;Folio \u00e0 2&nbsp;\u20ac&nbsp;\u00bb. Il portait un nom d\u2019autrice, \u00ab&nbsp;Madame Roland&nbsp;\u00bb et un titre tr\u00e8s sobre&nbsp;: Enfance. Je l\u2019ai ouvert et aussit\u00f4t d\u00e9vor\u00e9 jusqu\u2019\u00e0 la derni\u00e8re page. L\u2019autrice est Manon Phlipon, devenue [&hellip;]\" \/>\n<meta property=\"og:url\" content=\"http:\/\/www.lesmissives.fr\/index.php\/2024\/02\/26\/lautobiographie-dune-fillette-degourdie-au-18e-siecle-enfance-de-manon-roland\/\" \/>\n<meta property=\"og:site_name\" content=\"Missives\" \/>\n<meta property=\"article:publisher\" content=\"https:\/\/www.facebook.com\/LesMissives\/\" \/>\n<meta property=\"article:published_time\" content=\"2024-02-26T11:30:41+00:00\" \/>\n<meta property=\"article:modified_time\" content=\"2024-02-27T07:53:37+00:00\" \/>\n<meta property=\"og:image\" content=\"http:\/\/www.lesmissives.fr\/wp-content\/uploads\/2024\/02\/A.jpg\" \/>\n\t<meta property=\"og:image:width\" content=\"820\" \/>\n\t<meta property=\"og:image:height\" content=\"430\" \/>\n\t<meta property=\"og:image:type\" content=\"image\/jpeg\" \/>\n<meta name=\"author\" content=\"Nadia Pla\" \/>\n<meta name=\"twitter:card\" content=\"summary_large_image\" \/>\n<meta name=\"twitter:label1\" content=\"\u00c9crit par\" \/>\n\t<meta name=\"twitter:data1\" content=\"Nadia Pla\" \/>\n\t<meta name=\"twitter:label2\" content=\"Dur\u00e9e de lecture estim\u00e9e\" \/>\n\t<meta name=\"twitter:data2\" content=\"6 minutes\" \/>\n<script type=\"application\/ld+json\" class=\"yoast-schema-graph\">{\"@context\":\"https:\/\/schema.org\",\"@graph\":[{\"@type\":\"Article\",\"@id\":\"http:\/\/www.lesmissives.fr\/index.php\/2024\/02\/26\/lautobiographie-dune-fillette-degourdie-au-18e-siecle-enfance-de-manon-roland\/#article\",\"isPartOf\":{\"@id\":\"http:\/\/www.lesmissives.fr\/index.php\/2024\/02\/26\/lautobiographie-dune-fillette-degourdie-au-18e-siecle-enfance-de-manon-roland\/\"},\"author\":{\"name\":\"Nadia Pla\",\"@id\":\"https:\/\/www.lesmissives.fr\/#\/schema\/person\/5f25d47cc839e3b49c6700cfaeb2d8b6\"},\"headline\":\"L\u2019autobiographie d\u2019une fillette d\u00e9gourdie au 18e si\u00e8cle : Enfance de Manon Roland\",\"datePublished\":\"2024-02-26T11:30:41+00:00\",\"dateModified\":\"2024-02-27T07:53:37+00:00\",\"mainEntityOfPage\":{\"@id\":\"http:\/\/www.lesmissives.fr\/index.php\/2024\/02\/26\/lautobiographie-dune-fillette-degourdie-au-18e-siecle-enfance-de-manon-roland\/\"},\"wordCount\":1874,\"publisher\":{\"@id\":\"https:\/\/www.lesmissives.fr\/#organization\"},\"image\":{\"@id\":\"http:\/\/www.lesmissives.fr\/index.php\/2024\/02\/26\/lautobiographie-dune-fillette-degourdie-au-18e-siecle-enfance-de-manon-roland\/#primaryimage\"},\"thumbnailUrl\":\"https:\/\/www.lesmissives.fr\/wp-content\/uploads\/2024\/02\/M.jpg\",\"keywords\":[\"autobiograhie\",\"enfance\",\"f\u00e9minisme\",\"manon rolland\"],\"articleSection\":[\"T\u00e9moignages\"],\"inLanguage\":\"fr-FR\"},{\"@type\":\"WebPage\",\"@id\":\"http:\/\/www.lesmissives.fr\/index.php\/2024\/02\/26\/lautobiographie-dune-fillette-degourdie-au-18e-siecle-enfance-de-manon-roland\/\",\"url\":\"http:\/\/www.lesmissives.fr\/index.php\/2024\/02\/26\/lautobiographie-dune-fillette-degourdie-au-18e-siecle-enfance-de-manon-roland\/\",\"name\":\"L\u2019autobiographie d\u2019une fillette d\u00e9gourdie au 18e si\u00e8cle : Enfance de Manon Roland - Missives\",\"isPartOf\":{\"@id\":\"https:\/\/www.lesmissives.fr\/#website\"},\"primaryImageOfPage\":{\"@id\":\"http:\/\/www.lesmissives.fr\/index.php\/2024\/02\/26\/lautobiographie-dune-fillette-degourdie-au-18e-siecle-enfance-de-manon-roland\/#primaryimage\"},\"image\":{\"@id\":\"http:\/\/www.lesmissives.fr\/index.php\/2024\/02\/26\/lautobiographie-dune-fillette-degourdie-au-18e-siecle-enfance-de-manon-roland\/#primaryimage\"},\"thumbnailUrl\":\"https:\/\/www.lesmissives.fr\/wp-content\/uploads\/2024\/02\/M.jpg\",\"datePublished\":\"2024-02-26T11:30:41+00:00\",\"dateModified\":\"2024-02-27T07:53:37+00:00\",\"breadcrumb\":{\"@id\":\"http:\/\/www.lesmissives.fr\/index.php\/2024\/02\/26\/lautobiographie-dune-fillette-degourdie-au-18e-siecle-enfance-de-manon-roland\/#breadcrumb\"},\"inLanguage\":\"fr-FR\",\"potentialAction\":[{\"@type\":\"ReadAction\",\"target\":[\"http:\/\/www.lesmissives.fr\/index.php\/2024\/02\/26\/lautobiographie-dune-fillette-degourdie-au-18e-siecle-enfance-de-manon-roland\/\"]}]},{\"@type\":\"ImageObject\",\"inLanguage\":\"fr-FR\",\"@id\":\"http:\/\/www.lesmissives.fr\/index.php\/2024\/02\/26\/lautobiographie-dune-fillette-degourdie-au-18e-siecle-enfance-de-manon-roland\/#primaryimage\",\"url\":\"https:\/\/www.lesmissives.fr\/wp-content\/uploads\/2024\/02\/M.jpg\",\"contentUrl\":\"https:\/\/www.lesmissives.fr\/wp-content\/uploads\/2024\/02\/M.jpg\",\"width\":400,\"height\":661},{\"@type\":\"BreadcrumbList\",\"@id\":\"http:\/\/www.lesmissives.fr\/index.php\/2024\/02\/26\/lautobiographie-dune-fillette-degourdie-au-18e-siecle-enfance-de-manon-roland\/#breadcrumb\",\"itemListElement\":[{\"@type\":\"ListItem\",\"position\":1,\"name\":\"Accueil\",\"item\":\"https:\/\/www.lesmissives.fr\/\"},{\"@type\":\"ListItem\",\"position\":2,\"name\":\"L\u2019autobiographie d\u2019une fillette d\u00e9gourdie au 18e si\u00e8cle : Enfance de Manon Roland\"}]},{\"@type\":\"WebSite\",\"@id\":\"https:\/\/www.lesmissives.fr\/#website\",\"url\":\"https:\/\/www.lesmissives.fr\/\",\"name\":\"Missives\",\"description\":\"Des livres os\u00e9s et f\u00e9ministes, au sens large\",\"publisher\":{\"@id\":\"https:\/\/www.lesmissives.fr\/#organization\"},\"potentialAction\":[{\"@type\":\"SearchAction\",\"target\":{\"@type\":\"EntryPoint\",\"urlTemplate\":\"https:\/\/www.lesmissives.fr\/?s={search_term_string}\"},\"query-input\":{\"@type\":\"PropertyValueSpecification\",\"valueRequired\":true,\"valueName\":\"search_term_string\"}}],\"inLanguage\":\"fr-FR\"},{\"@type\":\"Organization\",\"@id\":\"https:\/\/www.lesmissives.fr\/#organization\",\"name\":\"les missives\",\"url\":\"https:\/\/www.lesmissives.fr\/\",\"logo\":{\"@type\":\"ImageObject\",\"inLanguage\":\"fr-FR\",\"@id\":\"https:\/\/www.lesmissives.fr\/#\/schema\/logo\/image\/\",\"url\":\"https:\/\/www.lesmissives.fr\/wp-content\/uploads\/2025\/09\/cropped-LOGO-MISSIVES-ROUGE-COMPLET2-scaled-1.jpg\",\"contentUrl\":\"https:\/\/www.lesmissives.fr\/wp-content\/uploads\/2025\/09\/cropped-LOGO-MISSIVES-ROUGE-COMPLET2-scaled-1.jpg\",\"width\":1130,\"height\":800,\"caption\":\"les missives\"},\"image\":{\"@id\":\"https:\/\/www.lesmissives.fr\/#\/schema\/logo\/image\/\"},\"sameAs\":[\"https:\/\/www.facebook.com\/LesMissives\/\"]},{\"@type\":\"Person\",\"@id\":\"https:\/\/www.lesmissives.fr\/#\/schema\/person\/5f25d47cc839e3b49c6700cfaeb2d8b6\",\"name\":\"Nadia Pla\",\"image\":{\"@type\":\"ImageObject\",\"inLanguage\":\"fr-FR\",\"@id\":\"https:\/\/www.lesmissives.fr\/#\/schema\/person\/image\/\",\"url\":\"https:\/\/secure.gravatar.com\/avatar\/10d9a8508b7a900fe521919141b12cef?s=96&d=mm&r=g\",\"contentUrl\":\"https:\/\/secure.gravatar.com\/avatar\/10d9a8508b7a900fe521919141b12cef?s=96&d=mm&r=g\",\"caption\":\"Nadia Pla\"},\"description\":\"Professeuse de Lettres Classiques et doctorante en Histoire M\u00e9di\u00e9vale, Nadia se consacre \u00e0 des recherches sur le Moyen \u00c2ge (histoire du corps f\u00e9minin et notamment des menstrues), tout en enseignant le fran\u00e7ais, le latin et le grec en coll\u00e8ge. Elle s\u2019int\u00e9resse aussi \u00e0 l\u2019histoire de l\u2019art et \u00e0 l\u2019\u00e9criture de fiction. Elle partage sa passion des civilisations antiques et m\u00e9di\u00e9vales sur son blog \u00ab Chemins antiques et sentiers fleuris \u00bb.\",\"sameAs\":[\"https:\/\/cheminsantiques.blogspot.com\/\"],\"url\":\"https:\/\/www.lesmissives.fr\/index.php\/author\/nadia-pla\/\"}]}<\/script>\n<!-- \/ Yoast SEO plugin. -->","yoast_head_json":{"title":"L\u2019autobiographie d\u2019une fillette d\u00e9gourdie au 18e si\u00e8cle : Enfance de Manon Roland - Missives","robots":{"index":"index","follow":"follow","max-snippet":"max-snippet:-1","max-image-preview":"max-image-preview:large","max-video-preview":"max-video-preview:-1"},"canonical":"http:\/\/www.lesmissives.fr\/index.php\/2024\/02\/26\/lautobiographie-dune-fillette-degourdie-au-18e-siecle-enfance-de-manon-roland\/","og_locale":"fr_FR","og_type":"article","og_title":"L\u2019autobiographie d\u2019une fillette d\u00e9gourdie au 18e si\u00e8cle : Enfance de Manon Roland - Missives","og_description":"C\u2019est une amie qui, quelques jours avant No\u00ebl, m\u2019a gliss\u00e9 dans mon sac, au lieu d\u2019un sachet de chocolats, un mince petit livre, un \u00ab&nbsp;Folio \u00e0 2&nbsp;\u20ac&nbsp;\u00bb. Il portait un nom d\u2019autrice, \u00ab&nbsp;Madame Roland&nbsp;\u00bb et un titre tr\u00e8s sobre&nbsp;: Enfance. Je l\u2019ai ouvert et aussit\u00f4t d\u00e9vor\u00e9 jusqu\u2019\u00e0 la derni\u00e8re page. L\u2019autrice est Manon Phlipon, devenue [&hellip;]","og_url":"http:\/\/www.lesmissives.fr\/index.php\/2024\/02\/26\/lautobiographie-dune-fillette-degourdie-au-18e-siecle-enfance-de-manon-roland\/","og_site_name":"Missives","article_publisher":"https:\/\/www.facebook.com\/LesMissives\/","article_published_time":"2024-02-26T11:30:41+00:00","article_modified_time":"2024-02-27T07:53:37+00:00","og_image":[{"width":820,"height":430,"url":"http:\/\/www.lesmissives.fr\/wp-content\/uploads\/2024\/02\/A.jpg","type":"image\/jpeg"}],"author":"Nadia Pla","twitter_card":"summary_large_image","twitter_misc":{"\u00c9crit par":"Nadia Pla","Dur\u00e9e de lecture estim\u00e9e":"6 minutes"},"schema":{"@context":"https:\/\/schema.org","@graph":[{"@type":"Article","@id":"http:\/\/www.lesmissives.fr\/index.php\/2024\/02\/26\/lautobiographie-dune-fillette-degourdie-au-18e-siecle-enfance-de-manon-roland\/#article","isPartOf":{"@id":"http:\/\/www.lesmissives.fr\/index.php\/2024\/02\/26\/lautobiographie-dune-fillette-degourdie-au-18e-siecle-enfance-de-manon-roland\/"},"author":{"name":"Nadia Pla","@id":"https:\/\/www.lesmissives.fr\/#\/schema\/person\/5f25d47cc839e3b49c6700cfaeb2d8b6"},"headline":"L\u2019autobiographie d\u2019une fillette d\u00e9gourdie au 18e si\u00e8cle : Enfance de Manon Roland","datePublished":"2024-02-26T11:30:41+00:00","dateModified":"2024-02-27T07:53:37+00:00","mainEntityOfPage":{"@id":"http:\/\/www.lesmissives.fr\/index.php\/2024\/02\/26\/lautobiographie-dune-fillette-degourdie-au-18e-siecle-enfance-de-manon-roland\/"},"wordCount":1874,"publisher":{"@id":"https:\/\/www.lesmissives.fr\/#organization"},"image":{"@id":"http:\/\/www.lesmissives.fr\/index.php\/2024\/02\/26\/lautobiographie-dune-fillette-degourdie-au-18e-siecle-enfance-de-manon-roland\/#primaryimage"},"thumbnailUrl":"https:\/\/www.lesmissives.fr\/wp-content\/uploads\/2024\/02\/M.jpg","keywords":["autobiograhie","enfance","f\u00e9minisme","manon rolland"],"articleSection":["T\u00e9moignages"],"inLanguage":"fr-FR"},{"@type":"WebPage","@id":"http:\/\/www.lesmissives.fr\/index.php\/2024\/02\/26\/lautobiographie-dune-fillette-degourdie-au-18e-siecle-enfance-de-manon-roland\/","url":"http:\/\/www.lesmissives.fr\/index.php\/2024\/02\/26\/lautobiographie-dune-fillette-degourdie-au-18e-siecle-enfance-de-manon-roland\/","name":"L\u2019autobiographie d\u2019une fillette d\u00e9gourdie au 18e si\u00e8cle : Enfance de Manon Roland - Missives","isPartOf":{"@id":"https:\/\/www.lesmissives.fr\/#website"},"primaryImageOfPage":{"@id":"http:\/\/www.lesmissives.fr\/index.php\/2024\/02\/26\/lautobiographie-dune-fillette-degourdie-au-18e-siecle-enfance-de-manon-roland\/#primaryimage"},"image":{"@id":"http:\/\/www.lesmissives.fr\/index.php\/2024\/02\/26\/lautobiographie-dune-fillette-degourdie-au-18e-siecle-enfance-de-manon-roland\/#primaryimage"},"thumbnailUrl":"https:\/\/www.lesmissives.fr\/wp-content\/uploads\/2024\/02\/M.jpg","datePublished":"2024-02-26T11:30:41+00:00","dateModified":"2024-02-27T07:53:37+00:00","breadcrumb":{"@id":"http:\/\/www.lesmissives.fr\/index.php\/2024\/02\/26\/lautobiographie-dune-fillette-degourdie-au-18e-siecle-enfance-de-manon-roland\/#breadcrumb"},"inLanguage":"fr-FR","potentialAction":[{"@type":"ReadAction","target":["http:\/\/www.lesmissives.fr\/index.php\/2024\/02\/26\/lautobiographie-dune-fillette-degourdie-au-18e-siecle-enfance-de-manon-roland\/"]}]},{"@type":"ImageObject","inLanguage":"fr-FR","@id":"http:\/\/www.lesmissives.fr\/index.php\/2024\/02\/26\/lautobiographie-dune-fillette-degourdie-au-18e-siecle-enfance-de-manon-roland\/#primaryimage","url":"https:\/\/www.lesmissives.fr\/wp-content\/uploads\/2024\/02\/M.jpg","contentUrl":"https:\/\/www.lesmissives.fr\/wp-content\/uploads\/2024\/02\/M.jpg","width":400,"height":661},{"@type":"BreadcrumbList","@id":"http:\/\/www.lesmissives.fr\/index.php\/2024\/02\/26\/lautobiographie-dune-fillette-degourdie-au-18e-siecle-enfance-de-manon-roland\/#breadcrumb","itemListElement":[{"@type":"ListItem","position":1,"name":"Accueil","item":"https:\/\/www.lesmissives.fr\/"},{"@type":"ListItem","position":2,"name":"L\u2019autobiographie d\u2019une fillette d\u00e9gourdie au 18e si\u00e8cle : Enfance de Manon Roland"}]},{"@type":"WebSite","@id":"https:\/\/www.lesmissives.fr\/#website","url":"https:\/\/www.lesmissives.fr\/","name":"Missives","description":"Des livres os\u00e9s et f\u00e9ministes, au sens large","publisher":{"@id":"https:\/\/www.lesmissives.fr\/#organization"},"potentialAction":[{"@type":"SearchAction","target":{"@type":"EntryPoint","urlTemplate":"https:\/\/www.lesmissives.fr\/?s={search_term_string}"},"query-input":{"@type":"PropertyValueSpecification","valueRequired":true,"valueName":"search_term_string"}}],"inLanguage":"fr-FR"},{"@type":"Organization","@id":"https:\/\/www.lesmissives.fr\/#organization","name":"les missives","url":"https:\/\/www.lesmissives.fr\/","logo":{"@type":"ImageObject","inLanguage":"fr-FR","@id":"https:\/\/www.lesmissives.fr\/#\/schema\/logo\/image\/","url":"https:\/\/www.lesmissives.fr\/wp-content\/uploads\/2025\/09\/cropped-LOGO-MISSIVES-ROUGE-COMPLET2-scaled-1.jpg","contentUrl":"https:\/\/www.lesmissives.fr\/wp-content\/uploads\/2025\/09\/cropped-LOGO-MISSIVES-ROUGE-COMPLET2-scaled-1.jpg","width":1130,"height":800,"caption":"les missives"},"image":{"@id":"https:\/\/www.lesmissives.fr\/#\/schema\/logo\/image\/"},"sameAs":["https:\/\/www.facebook.com\/LesMissives\/"]},{"@type":"Person","@id":"https:\/\/www.lesmissives.fr\/#\/schema\/person\/5f25d47cc839e3b49c6700cfaeb2d8b6","name":"Nadia Pla","image":{"@type":"ImageObject","inLanguage":"fr-FR","@id":"https:\/\/www.lesmissives.fr\/#\/schema\/person\/image\/","url":"https:\/\/secure.gravatar.com\/avatar\/10d9a8508b7a900fe521919141b12cef?s=96&d=mm&r=g","contentUrl":"https:\/\/secure.gravatar.com\/avatar\/10d9a8508b7a900fe521919141b12cef?s=96&d=mm&r=g","caption":"Nadia Pla"},"description":"Professeuse de Lettres Classiques et doctorante en Histoire M\u00e9di\u00e9vale, Nadia se consacre \u00e0 des recherches sur le Moyen \u00c2ge (histoire du corps f\u00e9minin et notamment des menstrues), tout en enseignant le fran\u00e7ais, le latin et le grec en coll\u00e8ge. Elle s\u2019int\u00e9resse aussi \u00e0 l\u2019histoire de l\u2019art et \u00e0 l\u2019\u00e9criture de fiction. Elle partage sa passion des civilisations antiques et m\u00e9di\u00e9vales sur son blog \u00ab Chemins antiques et sentiers fleuris \u00bb.","sameAs":["https:\/\/cheminsantiques.blogspot.com\/"],"url":"https:\/\/www.lesmissives.fr\/index.php\/author\/nadia-pla\/"}]}},"_links":{"self":[{"href":"https:\/\/www.lesmissives.fr\/index.php\/wp-json\/wp\/v2\/posts\/5594"}],"collection":[{"href":"https:\/\/www.lesmissives.fr\/index.php\/wp-json\/wp\/v2\/posts"}],"about":[{"href":"https:\/\/www.lesmissives.fr\/index.php\/wp-json\/wp\/v2\/types\/post"}],"author":[{"embeddable":true,"href":"https:\/\/www.lesmissives.fr\/index.php\/wp-json\/wp\/v2\/users\/58"}],"replies":[{"embeddable":true,"href":"https:\/\/www.lesmissives.fr\/index.php\/wp-json\/wp\/v2\/comments?post=5594"}],"version-history":[{"count":3,"href":"https:\/\/www.lesmissives.fr\/index.php\/wp-json\/wp\/v2\/posts\/5594\/revisions"}],"predecessor-version":[{"id":5600,"href":"https:\/\/www.lesmissives.fr\/index.php\/wp-json\/wp\/v2\/posts\/5594\/revisions\/5600"}],"wp:featuredmedia":[{"embeddable":true,"href":"https:\/\/www.lesmissives.fr\/index.php\/wp-json\/wp\/v2\/media\/5595"}],"wp:attachment":[{"href":"https:\/\/www.lesmissives.fr\/index.php\/wp-json\/wp\/v2\/media?parent=5594"}],"wp:term":[{"taxonomy":"category","embeddable":true,"href":"https:\/\/www.lesmissives.fr\/index.php\/wp-json\/wp\/v2\/categories?post=5594"},{"taxonomy":"post_tag","embeddable":true,"href":"https:\/\/www.lesmissives.fr\/index.php\/wp-json\/wp\/v2\/tags?post=5594"}],"curies":[{"name":"wp","href":"https:\/\/api.w.org\/{rel}","templated":true}]}}