{"id":4523,"date":"2022-09-18T20:03:55","date_gmt":"2022-09-18T18:03:55","guid":{"rendered":"http:\/\/www.lesmissives.fr\/?p=4523"},"modified":"2022-09-25T21:20:52","modified_gmt":"2022-09-25T19:20:52","slug":"chronique-du-pays-des-meres-delizabeth-vonarburg-les-savantes-ecarlates","status":"publish","type":"post","link":"https:\/\/www.lesmissives.fr\/index.php\/2022\/09\/18\/chronique-du-pays-des-meres-delizabeth-vonarburg-les-savantes-ecarlates\/","title":{"rendered":"Chronique du pays des m\u00e8res d&rsquo;Elizabeth Vonarburg : les savantes \u00e9carlates"},"content":{"rendered":"\n<p>L\u2019\u00e9t\u00e9 s\u2019ach\u00e8ve et il sentait fort la fum\u00e9e et l\u2019angoisse apocalyptique. Un temps \u00e0 stocker des bo\u00eetes de conserve et des romans pour affronter l\u2019apr\u00e8s.<\/p>\n\n\n\n<p>Mais peut-\u00eatre certaines lectrices d\u2019anticipation post-apocalyptique ressentent-elles une l\u00e9g\u00e8re appr\u00e9hension face \u00e0 cette perspective&nbsp;? Apr\u00e8s tout, au rayon du post-apo f\u00e9ministe, une \u0153uvre en particulier a marqu\u00e9 notre imaginaire&nbsp;: <em>La servante \u00e9carlate<\/em> d\u2019Atwood, qui imagine une emprise odieuse sur la sexualit\u00e9 et la fertilit\u00e9 f\u00e9minines, dans une soci\u00e9t\u00e9 dystopique de castes sinistres. Rien de r\u00e9jouissant \u00e0 s\u2019imaginer le futur ainsi\u2026 surtout quand l\u2019actualit\u00e9 lui donne de furieux airs de pr\u00e9sent.<\/p>\n\n\n\n<p>C\u2019est pourquoi je voudrais soumettre une proposition\u00a0: en cas d\u2019apocalypse, est-ce qu\u2019on pourrait pas demander aux meufs de r\u00e9organiser la soci\u00e9t\u00e9\u00a0?<\/p>\n\n\n\n<figure class=\"wp-block-image size-large\"><img loading=\"lazy\" decoding=\"async\" width=\"864\" height=\"427\" src=\"http:\/\/www.lesmissives.fr\/wp-content\/uploads\/2022\/09\/Bandeau-Chronique-du-pays-des-m\u00e8res.jpg\" alt=\"\" class=\"wp-image-4526\" srcset=\"https:\/\/www.lesmissives.fr\/wp-content\/uploads\/2022\/09\/Bandeau-Chronique-du-pays-des-m\u00e8res.jpg 864w, https:\/\/www.lesmissives.fr\/wp-content\/uploads\/2022\/09\/Bandeau-Chronique-du-pays-des-m\u00e8res-300x148.jpg 300w, https:\/\/www.lesmissives.fr\/wp-content\/uploads\/2022\/09\/Bandeau-Chronique-du-pays-des-m\u00e8res-768x380.jpg 768w, https:\/\/www.lesmissives.fr\/wp-content\/uploads\/2022\/09\/Bandeau-Chronique-du-pays-des-m\u00e8res-400x198.jpg 400w, https:\/\/www.lesmissives.fr\/wp-content\/uploads\/2022\/09\/Bandeau-Chronique-du-pays-des-m\u00e8res-800x395.jpg 800w\" sizes=\"(max-width: 864px) 100vw, 864px\" \/><\/figure>\n\n\n\n<p>Je biaise l\u00e9g\u00e8rement le trait en pr\u00e9sentant ainsi <em>Chronique du pays des m\u00e8res<\/em>. Mais si on y retrouve des ingr\u00e9dients familiers de l\u2019anticipation post-apo \u2013 catastrophe \u00e9cologique et sanitaire, organisation codifi\u00e9e de la soci\u00e9t\u00e9, prise en charge collective de la fertilit\u00e9 puis de l\u2019\u00e9ducation des enfantes \u2013, une lectrice chevronn\u00e9e du genre ne pourra s\u2019emp\u00eacher de trouver tout cela\u2026 tr\u00e8s doux. Plut\u00f4t rassurant. Ce monde o\u00f9, apr\u00e8s l\u2019effondrement, les femmes seules ont fait des lois est d\u00e9routant, mais jamais violent. \u00c0 travers le personnage de Lisbe\u00ef, l\u2019h\u00e9ro\u00efne, de sa bien-aim\u00e9e Tula et des correspondances crois\u00e9es entre elles et entre d\u2019autres, on voit se d\u00e9ployer une soci\u00e9t\u00e9 parfois inqui\u00e9tante, mais toujours inqui\u00e8te. Une soci\u00e9t\u00e9 au pass\u00e9 trouble, mais capable de d\u00e9ployer des chercheuses et de laisser se d\u00e9rouler des d\u00e9bats religieux et politiques sur ce qu\u2019il convient de faire des r\u00e9v\u00e9lations qui am\u00e8nent \u00e0 reconsid\u00e9rer le r\u00e9cit officiel de ce pass\u00e9. Une soci\u00e9t\u00e9 malade, frapp\u00e9e par un virus myst\u00e9rieux, mais qui \u00e9tudie de pr\u00e8s les maladies qui la ronge et cherche \u00e0 la comprendre avec un regard \u00e0 la fois scientifique et empathique. Une soci\u00e9t\u00e9 o\u00f9 la sexualit\u00e9 est en partie r\u00e9gul\u00e9e, car il ne na\u00eet presque plus d\u2019individus m\u00e2les, mais o\u00f9 elle peut aussi \u00eatre libre, consentie, enthousiaste.<\/p>\n\n\n\n<p>Bref, un monde qui ne c\u00e8de jamais \u00e0 la facilit\u00e9 de se raconter qu\u2019aussit\u00f4t la civilisation en p\u00e9ril, l\u2019humanit\u00e9 tomberait dans la barbarie, et qui para\u00eet convaincu de la nature collaborative de l\u2019humaine.<\/p>\n\n\n\n<p>En suivant Lisbe\u00ef d\u00e8s sa toute petite enfance, puis tout au long de sa vie de chercheuse r\u00e9tive, de fille, de s\u0153ur et de femme, la narration prend son temps. Tout le premier acte, quand Lisbe\u00ef et Tula sont encore des \u00ab&nbsp;dottas&nbsp;\u00bb, des fillettes en cours d\u2019\u00e9ducation mais tenues \u00e0 l\u2019\u00e9cart des r\u00e9ponses aux questions qu\u2019elles se posent sur le monde, d\u00e9borde d\u2019intelligence et d\u2019empathie pour la na\u00efvet\u00e9, l\u2019affection f\u00e9roce et la curiosit\u00e9 de cette phase de la vie. L\u2019histoire cherche le temps long plut\u00f4t que les retournements explosifs&nbsp;: la r\u00e9v\u00e9lation arch\u00e9ologique qui vient remettre en cause le r\u00e9cit religieux officiel fait l\u2019objet d\u2019un questionnement patient et complexe. Les s\u00e9parations, deuils, retrouvailles, renoncements, attachements, ont le temps d\u2019\u00e9voluer, de d\u00e9ployer leurs ambivalences, leurs lents infl\u00e9chissements au long des \u00e2ges qui rythment la vie \u2013 les \u00ab&nbsp;Vertes&nbsp;\u00bb avant la pubert\u00e9, les \u00ab&nbsp;Rouges&nbsp;\u00bb fertiles, puis les \u00ab&nbsp;Bleues&nbsp;\u00bb lib\u00e9r\u00e9es des contraintes de la reproduction.<\/p>\n\n\n\n<p>Et dans ce monde f\u00e9minin, o\u00f9 ne restent que quelques rarissimes m\u00e2les \u2013 n\u00e9cessaires \u00e0 la reproduction, un peu marginaux mais toujours trait\u00e9s avec dignit\u00e9 \u2013 la langue a naturellement \u00e9volu\u00e9 vers un f\u00e9minin g\u00e9n\u00e9rique syst\u00e9matique. Elle parle d\u2019enfantes, de chevales et d\u2019oiselles, entre autres trouvailles lexicales et syntaxiques. Petit plaisir suppl\u00e9mentaire qui s\u2019int\u00e8gre parfaitement dans le r\u00e9cit et permet en filigrane une r\u00e9flexion sur le genre au sens social, mais aussi linguistique.<\/p>\n\n\n\n<p>Un roman intelligent, \u00e0 conseiller parce qu\u2019il fait bon se rappeler qu\u2019on peut aff\u00fbter son f\u00e9minisme sans forc\u00e9ment s\u2019infliger le spectacle, d\u00e9j\u00e0 bien trop pr\u00e9sent, de la souffrance f\u00e9minine.<\/p>\n","protected":false},"excerpt":{"rendered":"<p>L\u2019\u00e9t\u00e9 s\u2019ach\u00e8ve et il sentait fort la fum\u00e9e et l\u2019angoisse apocalyptique. Un temps \u00e0 stocker des bo\u00eetes de conserve et des romans pour affronter l\u2019apr\u00e8s. Mais peut-\u00eatre certaines lectrices d\u2019anticipation post-apocalyptique ressentent-elles une l\u00e9g\u00e8re appr\u00e9hension face \u00e0 cette perspective&nbsp;? Apr\u00e8s tout, au rayon du post-apo f\u00e9ministe, une \u0153uvre en particulier a marqu\u00e9 notre imaginaire&nbsp;: La [&hellip;]<\/p>\n","protected":false},"author":49,"featured_media":4524,"comment_status":"closed","ping_status":"open","sticky":false,"template":"","format":"standard","meta":{"footnotes":""},"categories":[35],"tags":[],"class_list":["post-4523","post","type-post","status-publish","format-standard","has-post-thumbnail","hentry","category-fantasy","has-thumbnail"],"yoast_head":"<!-- This site is optimized with the Yoast SEO plugin v23.5 - https:\/\/yoast.com\/wordpress\/plugins\/seo\/ -->\n<title>Chronique du pays des m\u00e8res d&#039;Elizabeth Vonarburg : les savantes \u00e9carlates - Missives<\/title>\n<meta name=\"robots\" content=\"index, follow, max-snippet:-1, max-image-preview:large, max-video-preview:-1\" \/>\n<link rel=\"canonical\" href=\"https:\/\/www.lesmissives.fr\/index.php\/2022\/09\/18\/chronique-du-pays-des-meres-delizabeth-vonarburg-les-savantes-ecarlates\/\" \/>\n<meta property=\"og:locale\" content=\"fr_FR\" \/>\n<meta property=\"og:type\" content=\"article\" \/>\n<meta property=\"og:title\" content=\"Chronique du pays des m\u00e8res d&#039;Elizabeth Vonarburg : les savantes \u00e9carlates - Missives\" \/>\n<meta property=\"og:description\" content=\"L\u2019\u00e9t\u00e9 s\u2019ach\u00e8ve et il sentait fort la fum\u00e9e et l\u2019angoisse apocalyptique. Un temps \u00e0 stocker des bo\u00eetes de conserve et des romans pour affronter l\u2019apr\u00e8s. Mais peut-\u00eatre certaines lectrices d\u2019anticipation post-apocalyptique ressentent-elles une l\u00e9g\u00e8re appr\u00e9hension face \u00e0 cette perspective&nbsp;? Apr\u00e8s tout, au rayon du post-apo f\u00e9ministe, une \u0153uvre en particulier a marqu\u00e9 notre imaginaire&nbsp;: La [&hellip;]\" \/>\n<meta property=\"og:url\" content=\"https:\/\/www.lesmissives.fr\/index.php\/2022\/09\/18\/chronique-du-pays-des-meres-delizabeth-vonarburg-les-savantes-ecarlates\/\" \/>\n<meta property=\"og:site_name\" content=\"Missives\" \/>\n<meta property=\"article:publisher\" content=\"https:\/\/www.facebook.com\/LesMissives\/\" \/>\n<meta property=\"article:published_time\" content=\"2022-09-18T18:03:55+00:00\" \/>\n<meta property=\"article:modified_time\" content=\"2022-09-25T19:20:52+00:00\" \/>\n<meta property=\"og:image\" content=\"https:\/\/www.lesmissives.fr\/wp-content\/uploads\/2022\/09\/Bandeau-Chronique-du-pays-des-m\u00e8res.jpg\" \/>\n\t<meta property=\"og:image:width\" content=\"864\" \/>\n\t<meta property=\"og:image:height\" content=\"427\" \/>\n\t<meta property=\"og:image:type\" content=\"image\/jpeg\" \/>\n<meta name=\"author\" content=\"M\u00e9lanie Fievet\" \/>\n<meta name=\"twitter:card\" content=\"summary_large_image\" \/>\n<meta name=\"twitter:label1\" content=\"\u00c9crit par\" \/>\n\t<meta name=\"twitter:data1\" content=\"M\u00e9lanie Fievet\" \/>\n\t<meta name=\"twitter:label2\" content=\"Dur\u00e9e de lecture estim\u00e9e\" \/>\n\t<meta name=\"twitter:data2\" content=\"4 minutes\" \/>\n<script type=\"application\/ld+json\" class=\"yoast-schema-graph\">{\"@context\":\"https:\/\/schema.org\",\"@graph\":[{\"@type\":\"Article\",\"@id\":\"https:\/\/www.lesmissives.fr\/index.php\/2022\/09\/18\/chronique-du-pays-des-meres-delizabeth-vonarburg-les-savantes-ecarlates\/#article\",\"isPartOf\":{\"@id\":\"https:\/\/www.lesmissives.fr\/index.php\/2022\/09\/18\/chronique-du-pays-des-meres-delizabeth-vonarburg-les-savantes-ecarlates\/\"},\"author\":{\"name\":\"M\u00e9lanie Fievet\",\"@id\":\"https:\/\/www.lesmissives.fr\/#\/schema\/person\/b2c3b36921629b8873e996cc36afe38f\"},\"headline\":\"Chronique du pays des m\u00e8res d&rsquo;Elizabeth Vonarburg : les savantes \u00e9carlates\",\"datePublished\":\"2022-09-18T18:03:55+00:00\",\"dateModified\":\"2022-09-25T19:20:52+00:00\",\"mainEntityOfPage\":{\"@id\":\"https:\/\/www.lesmissives.fr\/index.php\/2022\/09\/18\/chronique-du-pays-des-meres-delizabeth-vonarburg-les-savantes-ecarlates\/\"},\"wordCount\":748,\"publisher\":{\"@id\":\"https:\/\/www.lesmissives.fr\/#organization\"},\"image\":{\"@id\":\"https:\/\/www.lesmissives.fr\/index.php\/2022\/09\/18\/chronique-du-pays-des-meres-delizabeth-vonarburg-les-savantes-ecarlates\/#primaryimage\"},\"thumbnailUrl\":\"https:\/\/www.lesmissives.fr\/wp-content\/uploads\/2022\/09\/Chroniques-du-pays-des-meres.jpg\",\"articleSection\":[\"Fantasy\"],\"inLanguage\":\"fr-FR\"},{\"@type\":\"WebPage\",\"@id\":\"https:\/\/www.lesmissives.fr\/index.php\/2022\/09\/18\/chronique-du-pays-des-meres-delizabeth-vonarburg-les-savantes-ecarlates\/\",\"url\":\"https:\/\/www.lesmissives.fr\/index.php\/2022\/09\/18\/chronique-du-pays-des-meres-delizabeth-vonarburg-les-savantes-ecarlates\/\",\"name\":\"Chronique du pays des m\u00e8res d'Elizabeth Vonarburg : les savantes \u00e9carlates - Missives\",\"isPartOf\":{\"@id\":\"https:\/\/www.lesmissives.fr\/#website\"},\"primaryImageOfPage\":{\"@id\":\"https:\/\/www.lesmissives.fr\/index.php\/2022\/09\/18\/chronique-du-pays-des-meres-delizabeth-vonarburg-les-savantes-ecarlates\/#primaryimage\"},\"image\":{\"@id\":\"https:\/\/www.lesmissives.fr\/index.php\/2022\/09\/18\/chronique-du-pays-des-meres-delizabeth-vonarburg-les-savantes-ecarlates\/#primaryimage\"},\"thumbnailUrl\":\"https:\/\/www.lesmissives.fr\/wp-content\/uploads\/2022\/09\/Chroniques-du-pays-des-meres.jpg\",\"datePublished\":\"2022-09-18T18:03:55+00:00\",\"dateModified\":\"2022-09-25T19:20:52+00:00\",\"breadcrumb\":{\"@id\":\"https:\/\/www.lesmissives.fr\/index.php\/2022\/09\/18\/chronique-du-pays-des-meres-delizabeth-vonarburg-les-savantes-ecarlates\/#breadcrumb\"},\"inLanguage\":\"fr-FR\",\"potentialAction\":[{\"@type\":\"ReadAction\",\"target\":[\"https:\/\/www.lesmissives.fr\/index.php\/2022\/09\/18\/chronique-du-pays-des-meres-delizabeth-vonarburg-les-savantes-ecarlates\/\"]}]},{\"@type\":\"ImageObject\",\"inLanguage\":\"fr-FR\",\"@id\":\"https:\/\/www.lesmissives.fr\/index.php\/2022\/09\/18\/chronique-du-pays-des-meres-delizabeth-vonarburg-les-savantes-ecarlates\/#primaryimage\",\"url\":\"https:\/\/www.lesmissives.fr\/wp-content\/uploads\/2022\/09\/Chroniques-du-pays-des-meres.jpg\",\"contentUrl\":\"https:\/\/www.lesmissives.fr\/wp-content\/uploads\/2022\/09\/Chroniques-du-pays-des-meres.jpg\",\"width\":340,\"height\":340},{\"@type\":\"BreadcrumbList\",\"@id\":\"https:\/\/www.lesmissives.fr\/index.php\/2022\/09\/18\/chronique-du-pays-des-meres-delizabeth-vonarburg-les-savantes-ecarlates\/#breadcrumb\",\"itemListElement\":[{\"@type\":\"ListItem\",\"position\":1,\"name\":\"Accueil\",\"item\":\"https:\/\/www.lesmissives.fr\/\"},{\"@type\":\"ListItem\",\"position\":2,\"name\":\"Chronique du pays des m\u00e8res d&rsquo;Elizabeth Vonarburg : les savantes \u00e9carlates\"}]},{\"@type\":\"WebSite\",\"@id\":\"https:\/\/www.lesmissives.fr\/#website\",\"url\":\"https:\/\/www.lesmissives.fr\/\",\"name\":\"Missives\",\"description\":\"Des livres os\u00e9s et f\u00e9ministes, au sens large\",\"publisher\":{\"@id\":\"https:\/\/www.lesmissives.fr\/#organization\"},\"potentialAction\":[{\"@type\":\"SearchAction\",\"target\":{\"@type\":\"EntryPoint\",\"urlTemplate\":\"https:\/\/www.lesmissives.fr\/?s={search_term_string}\"},\"query-input\":{\"@type\":\"PropertyValueSpecification\",\"valueRequired\":true,\"valueName\":\"search_term_string\"}}],\"inLanguage\":\"fr-FR\"},{\"@type\":\"Organization\",\"@id\":\"https:\/\/www.lesmissives.fr\/#organization\",\"name\":\"les missives\",\"url\":\"https:\/\/www.lesmissives.fr\/\",\"logo\":{\"@type\":\"ImageObject\",\"inLanguage\":\"fr-FR\",\"@id\":\"https:\/\/www.lesmissives.fr\/#\/schema\/logo\/image\/\",\"url\":\"https:\/\/www.lesmissives.fr\/wp-content\/uploads\/2025\/09\/cropped-LOGO-MISSIVES-ROUGE-COMPLET2-scaled-1.jpg\",\"contentUrl\":\"https:\/\/www.lesmissives.fr\/wp-content\/uploads\/2025\/09\/cropped-LOGO-MISSIVES-ROUGE-COMPLET2-scaled-1.jpg\",\"width\":1130,\"height\":800,\"caption\":\"les missives\"},\"image\":{\"@id\":\"https:\/\/www.lesmissives.fr\/#\/schema\/logo\/image\/\"},\"sameAs\":[\"https:\/\/www.facebook.com\/LesMissives\/\"]},{\"@type\":\"Person\",\"@id\":\"https:\/\/www.lesmissives.fr\/#\/schema\/person\/b2c3b36921629b8873e996cc36afe38f\",\"name\":\"M\u00e9lanie Fievet\",\"image\":{\"@type\":\"ImageObject\",\"inLanguage\":\"fr-FR\",\"@id\":\"https:\/\/www.lesmissives.fr\/#\/schema\/person\/image\/\",\"url\":\"https:\/\/secure.gravatar.com\/avatar\/9cbafea05f021e05f022b4403c74717d?s=96&d=mm&r=g\",\"contentUrl\":\"https:\/\/secure.gravatar.com\/avatar\/9cbafea05f021e05f022b4403c74717d?s=96&d=mm&r=g\",\"caption\":\"M\u00e9lanie Fievet\"},\"description\":\"M\u00e9lanie se balade depuis pas mal d'ann\u00e9es dans les mondes litt\u00e9raires et ludiques de l'imaginaire, avec un peu de recherche universitaire sur les mythes, les \u00e2mes et les dragons, un peu d'\u00e9criture de nouvelles, et beaucoup de lecture. De temps en temps, elle en sort parce que les programmes de l'\u00c9ducation nationale exigent qu'on parle d'autre chose aux lyc\u00e9en\u00b7nes. Elle est convaincue qu'il y a des milliers de tr\u00e9sors \u00e0 partager en SF et en fantasy, et que le cocktail h\u00e9ros couillu, mentor barbu et r\u00e9cit convenu n'y est pas une fatalit\u00e9.\",\"url\":\"https:\/\/www.lesmissives.fr\/index.php\/author\/melaniefievet\/\"}]}<\/script>\n<!-- \/ Yoast SEO plugin. -->","yoast_head_json":{"title":"Chronique du pays des m\u00e8res d'Elizabeth Vonarburg : les savantes \u00e9carlates - Missives","robots":{"index":"index","follow":"follow","max-snippet":"max-snippet:-1","max-image-preview":"max-image-preview:large","max-video-preview":"max-video-preview:-1"},"canonical":"https:\/\/www.lesmissives.fr\/index.php\/2022\/09\/18\/chronique-du-pays-des-meres-delizabeth-vonarburg-les-savantes-ecarlates\/","og_locale":"fr_FR","og_type":"article","og_title":"Chronique du pays des m\u00e8res d'Elizabeth Vonarburg : les savantes \u00e9carlates - Missives","og_description":"L\u2019\u00e9t\u00e9 s\u2019ach\u00e8ve et il sentait fort la fum\u00e9e et l\u2019angoisse apocalyptique. Un temps \u00e0 stocker des bo\u00eetes de conserve et des romans pour affronter l\u2019apr\u00e8s. Mais peut-\u00eatre certaines lectrices d\u2019anticipation post-apocalyptique ressentent-elles une l\u00e9g\u00e8re appr\u00e9hension face \u00e0 cette perspective&nbsp;? Apr\u00e8s tout, au rayon du post-apo f\u00e9ministe, une \u0153uvre en particulier a marqu\u00e9 notre imaginaire&nbsp;: La [&hellip;]","og_url":"https:\/\/www.lesmissives.fr\/index.php\/2022\/09\/18\/chronique-du-pays-des-meres-delizabeth-vonarburg-les-savantes-ecarlates\/","og_site_name":"Missives","article_publisher":"https:\/\/www.facebook.com\/LesMissives\/","article_published_time":"2022-09-18T18:03:55+00:00","article_modified_time":"2022-09-25T19:20:52+00:00","og_image":[{"width":864,"height":427,"url":"https:\/\/www.lesmissives.fr\/wp-content\/uploads\/2022\/09\/Bandeau-Chronique-du-pays-des-m\u00e8res.jpg","type":"image\/jpeg"}],"author":"M\u00e9lanie Fievet","twitter_card":"summary_large_image","twitter_misc":{"\u00c9crit par":"M\u00e9lanie Fievet","Dur\u00e9e de lecture estim\u00e9e":"4 minutes"},"schema":{"@context":"https:\/\/schema.org","@graph":[{"@type":"Article","@id":"https:\/\/www.lesmissives.fr\/index.php\/2022\/09\/18\/chronique-du-pays-des-meres-delizabeth-vonarburg-les-savantes-ecarlates\/#article","isPartOf":{"@id":"https:\/\/www.lesmissives.fr\/index.php\/2022\/09\/18\/chronique-du-pays-des-meres-delizabeth-vonarburg-les-savantes-ecarlates\/"},"author":{"name":"M\u00e9lanie Fievet","@id":"https:\/\/www.lesmissives.fr\/#\/schema\/person\/b2c3b36921629b8873e996cc36afe38f"},"headline":"Chronique du pays des m\u00e8res d&rsquo;Elizabeth Vonarburg : les savantes \u00e9carlates","datePublished":"2022-09-18T18:03:55+00:00","dateModified":"2022-09-25T19:20:52+00:00","mainEntityOfPage":{"@id":"https:\/\/www.lesmissives.fr\/index.php\/2022\/09\/18\/chronique-du-pays-des-meres-delizabeth-vonarburg-les-savantes-ecarlates\/"},"wordCount":748,"publisher":{"@id":"https:\/\/www.lesmissives.fr\/#organization"},"image":{"@id":"https:\/\/www.lesmissives.fr\/index.php\/2022\/09\/18\/chronique-du-pays-des-meres-delizabeth-vonarburg-les-savantes-ecarlates\/#primaryimage"},"thumbnailUrl":"https:\/\/www.lesmissives.fr\/wp-content\/uploads\/2022\/09\/Chroniques-du-pays-des-meres.jpg","articleSection":["Fantasy"],"inLanguage":"fr-FR"},{"@type":"WebPage","@id":"https:\/\/www.lesmissives.fr\/index.php\/2022\/09\/18\/chronique-du-pays-des-meres-delizabeth-vonarburg-les-savantes-ecarlates\/","url":"https:\/\/www.lesmissives.fr\/index.php\/2022\/09\/18\/chronique-du-pays-des-meres-delizabeth-vonarburg-les-savantes-ecarlates\/","name":"Chronique du pays des m\u00e8res d'Elizabeth Vonarburg : les savantes \u00e9carlates - Missives","isPartOf":{"@id":"https:\/\/www.lesmissives.fr\/#website"},"primaryImageOfPage":{"@id":"https:\/\/www.lesmissives.fr\/index.php\/2022\/09\/18\/chronique-du-pays-des-meres-delizabeth-vonarburg-les-savantes-ecarlates\/#primaryimage"},"image":{"@id":"https:\/\/www.lesmissives.fr\/index.php\/2022\/09\/18\/chronique-du-pays-des-meres-delizabeth-vonarburg-les-savantes-ecarlates\/#primaryimage"},"thumbnailUrl":"https:\/\/www.lesmissives.fr\/wp-content\/uploads\/2022\/09\/Chroniques-du-pays-des-meres.jpg","datePublished":"2022-09-18T18:03:55+00:00","dateModified":"2022-09-25T19:20:52+00:00","breadcrumb":{"@id":"https:\/\/www.lesmissives.fr\/index.php\/2022\/09\/18\/chronique-du-pays-des-meres-delizabeth-vonarburg-les-savantes-ecarlates\/#breadcrumb"},"inLanguage":"fr-FR","potentialAction":[{"@type":"ReadAction","target":["https:\/\/www.lesmissives.fr\/index.php\/2022\/09\/18\/chronique-du-pays-des-meres-delizabeth-vonarburg-les-savantes-ecarlates\/"]}]},{"@type":"ImageObject","inLanguage":"fr-FR","@id":"https:\/\/www.lesmissives.fr\/index.php\/2022\/09\/18\/chronique-du-pays-des-meres-delizabeth-vonarburg-les-savantes-ecarlates\/#primaryimage","url":"https:\/\/www.lesmissives.fr\/wp-content\/uploads\/2022\/09\/Chroniques-du-pays-des-meres.jpg","contentUrl":"https:\/\/www.lesmissives.fr\/wp-content\/uploads\/2022\/09\/Chroniques-du-pays-des-meres.jpg","width":340,"height":340},{"@type":"BreadcrumbList","@id":"https:\/\/www.lesmissives.fr\/index.php\/2022\/09\/18\/chronique-du-pays-des-meres-delizabeth-vonarburg-les-savantes-ecarlates\/#breadcrumb","itemListElement":[{"@type":"ListItem","position":1,"name":"Accueil","item":"https:\/\/www.lesmissives.fr\/"},{"@type":"ListItem","position":2,"name":"Chronique du pays des m\u00e8res d&rsquo;Elizabeth Vonarburg : les savantes \u00e9carlates"}]},{"@type":"WebSite","@id":"https:\/\/www.lesmissives.fr\/#website","url":"https:\/\/www.lesmissives.fr\/","name":"Missives","description":"Des livres os\u00e9s et f\u00e9ministes, au sens large","publisher":{"@id":"https:\/\/www.lesmissives.fr\/#organization"},"potentialAction":[{"@type":"SearchAction","target":{"@type":"EntryPoint","urlTemplate":"https:\/\/www.lesmissives.fr\/?s={search_term_string}"},"query-input":{"@type":"PropertyValueSpecification","valueRequired":true,"valueName":"search_term_string"}}],"inLanguage":"fr-FR"},{"@type":"Organization","@id":"https:\/\/www.lesmissives.fr\/#organization","name":"les missives","url":"https:\/\/www.lesmissives.fr\/","logo":{"@type":"ImageObject","inLanguage":"fr-FR","@id":"https:\/\/www.lesmissives.fr\/#\/schema\/logo\/image\/","url":"https:\/\/www.lesmissives.fr\/wp-content\/uploads\/2025\/09\/cropped-LOGO-MISSIVES-ROUGE-COMPLET2-scaled-1.jpg","contentUrl":"https:\/\/www.lesmissives.fr\/wp-content\/uploads\/2025\/09\/cropped-LOGO-MISSIVES-ROUGE-COMPLET2-scaled-1.jpg","width":1130,"height":800,"caption":"les missives"},"image":{"@id":"https:\/\/www.lesmissives.fr\/#\/schema\/logo\/image\/"},"sameAs":["https:\/\/www.facebook.com\/LesMissives\/"]},{"@type":"Person","@id":"https:\/\/www.lesmissives.fr\/#\/schema\/person\/b2c3b36921629b8873e996cc36afe38f","name":"M\u00e9lanie Fievet","image":{"@type":"ImageObject","inLanguage":"fr-FR","@id":"https:\/\/www.lesmissives.fr\/#\/schema\/person\/image\/","url":"https:\/\/secure.gravatar.com\/avatar\/9cbafea05f021e05f022b4403c74717d?s=96&d=mm&r=g","contentUrl":"https:\/\/secure.gravatar.com\/avatar\/9cbafea05f021e05f022b4403c74717d?s=96&d=mm&r=g","caption":"M\u00e9lanie Fievet"},"description":"M\u00e9lanie se balade depuis pas mal d'ann\u00e9es dans les mondes litt\u00e9raires et ludiques de l'imaginaire, avec un peu de recherche universitaire sur les mythes, les \u00e2mes et les dragons, un peu d'\u00e9criture de nouvelles, et beaucoup de lecture. De temps en temps, elle en sort parce que les programmes de l'\u00c9ducation nationale exigent qu'on parle d'autre chose aux lyc\u00e9en\u00b7nes. Elle est convaincue qu'il y a des milliers de tr\u00e9sors \u00e0 partager en SF et en fantasy, et que le cocktail h\u00e9ros couillu, mentor barbu et r\u00e9cit convenu n'y est pas une fatalit\u00e9.","url":"https:\/\/www.lesmissives.fr\/index.php\/author\/melaniefievet\/"}]}},"_links":{"self":[{"href":"https:\/\/www.lesmissives.fr\/index.php\/wp-json\/wp\/v2\/posts\/4523"}],"collection":[{"href":"https:\/\/www.lesmissives.fr\/index.php\/wp-json\/wp\/v2\/posts"}],"about":[{"href":"https:\/\/www.lesmissives.fr\/index.php\/wp-json\/wp\/v2\/types\/post"}],"author":[{"embeddable":true,"href":"https:\/\/www.lesmissives.fr\/index.php\/wp-json\/wp\/v2\/users\/49"}],"replies":[{"embeddable":true,"href":"https:\/\/www.lesmissives.fr\/index.php\/wp-json\/wp\/v2\/comments?post=4523"}],"version-history":[{"count":2,"href":"https:\/\/www.lesmissives.fr\/index.php\/wp-json\/wp\/v2\/posts\/4523\/revisions"}],"predecessor-version":[{"id":4552,"href":"https:\/\/www.lesmissives.fr\/index.php\/wp-json\/wp\/v2\/posts\/4523\/revisions\/4552"}],"wp:featuredmedia":[{"embeddable":true,"href":"https:\/\/www.lesmissives.fr\/index.php\/wp-json\/wp\/v2\/media\/4524"}],"wp:attachment":[{"href":"https:\/\/www.lesmissives.fr\/index.php\/wp-json\/wp\/v2\/media?parent=4523"}],"wp:term":[{"taxonomy":"category","embeddable":true,"href":"https:\/\/www.lesmissives.fr\/index.php\/wp-json\/wp\/v2\/categories?post=4523"},{"taxonomy":"post_tag","embeddable":true,"href":"https:\/\/www.lesmissives.fr\/index.php\/wp-json\/wp\/v2\/tags?post=4523"}],"curies":[{"name":"wp","href":"https:\/\/api.w.org\/{rel}","templated":true}]}}