{"id":3790,"date":"2021-07-02T12:06:06","date_gmt":"2021-07-02T10:06:06","guid":{"rendered":"http:\/\/www.lesmissives.fr\/?p=3790"},"modified":"2021-07-02T12:06:07","modified_gmt":"2021-07-02T10:06:07","slug":"cest-la-nuit-surtout-que-le-combat-devient-furieux-chronique-dune-crane-petite-citoyenne","status":"publish","type":"post","link":"https:\/\/www.lesmissives.fr\/index.php\/2021\/07\/02\/cest-la-nuit-surtout-que-le-combat-devient-furieux-chronique-dune-crane-petite-citoyenne\/","title":{"rendered":"C\u2019est la nuit surtout que le combat devient furieux\u00a0: Chronique d\u2019une \u00ab\u00a0cr\u00e2ne petite citoyenne\u00a0\u00bb"},"content":{"rendered":"\n<figure class=\"wp-block-image size-large\"><img loading=\"lazy\" decoding=\"async\" width=\"820\" height=\"428\" src=\"http:\/\/www.lesmissives.fr\/wp-content\/uploads\/2021\/07\/featAlix.jpg\" alt=\"\" class=\"wp-image-3792\" srcset=\"https:\/\/www.lesmissives.fr\/wp-content\/uploads\/2021\/07\/featAlix.jpg 820w, https:\/\/www.lesmissives.fr\/wp-content\/uploads\/2021\/07\/featAlix-300x157.jpg 300w, https:\/\/www.lesmissives.fr\/wp-content\/uploads\/2021\/07\/featAlix-768x401.jpg 768w, https:\/\/www.lesmissives.fr\/wp-content\/uploads\/2021\/07\/featAlix-400x209.jpg 400w, https:\/\/www.lesmissives.fr\/wp-content\/uploads\/2021\/07\/featAlix-800x418.jpg 800w\" sizes=\"(max-width: 820px) 100vw, 820px\" \/><\/figure>\n\n\n\n<p>Rares sont les t\u00e9moignages \u00e9crits pendant les semaines insurrectionnelles de la Commune, ceux-ci paraissent surtout apr\u00e8s l\u2019ann\u00e9e 1871 dans l\u2019espoir de contrer une histoire \u00e9crite par les vainqueurs et de r\u00e9futer une lecture barbare des actions de celles et ceux qui ont fait le r\u00eave d\u2019une R\u00e9publique sociale. Souvent publi\u00e9s sous forme de tribunes, de m\u00e9moires, d\u2019essais historiques, de chroniques, ces publications r\u00e9pondent d\u2019abord \u00e0 une logique de justification de la part des damn\u00e9s de la Commune, qui ont eu la chance de survivre \u00e0 la r\u00e9pression f\u00e9roce du gouvernement de Thiers. \u00c9crits depuis l\u2019\u00e9tranger, parfois trente ans plus tard, apr\u00e8s des peines d\u2019emprisonnement et de d\u00e9portation, les textes se caract\u00e9risent par leur distance temporelle avec les \u00e9v\u00e9nements qu\u2019ils relatent. Il est inutile de dire que les voix qui s\u2019expriment sont le plus souvent celles qui comptent, celles d\u2019hommes dont la post\u00e9rit\u00e9 a retenu le nom quand elle n\u2019a conserv\u00e9 que celui de Louise Michel, l\u2019ic\u00f4ne libertaire qui cache la foule des femmes ordinaires qui ont pourtant fait la commune.<\/p>\n\n\n\n<p>Dans ce contexte, exhumer la correspondance familiale d\u2019Alix Payen, enr\u00f4l\u00e9e comme infirmi\u00e8re \u00e0 29 ans dans le bataillon 153 du Xe arrondissement o\u00f9 sert son mari rel\u00e8ve d\u2019un geste in\u00e9dit. La romanci\u00e8re Mich\u00e8le Audin s\u2019est d\u00e9di\u00e9e \u00e0 ce travail de recherche et de transcription, certaine que le t\u00e9moignage \u00e0 vif d\u2019une voix de communarde qualifi\u00e9e par ses camarades de \u00ab&nbsp;cr\u00e2ne petite citoyenne&nbsp;\u00bb \u00e9clairerait d\u2019un nouveau jour notre connaissance de la Commune. Elle introduit habilement les lettres \u00e9chang\u00e9es par les membres de la famille Milliet par de courts paragraphes explicatifs sans lesquels nous passerions \u00e0 c\u00f4t\u00e9 de r\u00e9f\u00e9rences historiques trop approximatives. Tenant \u00e0 main droite Alix Payen et \u00e0 main gauche Mich\u00e8le Audin, nos guides d\u00e9termin\u00e9es, nous avan\u00e7ons pas \u00e0 pas dans les rues du Paris assi\u00e9g\u00e9, traversons les fortifications, nous installons inconfortablement dans les forts d\u2019Issy et de Vanves sous la mitraille, nous abritons dans les \u00e9curies somptueuses, abris de fortune, d\u2019un Neuilly sous les bombes avant de retourner vaincu.es et endeuill\u00e9.es dans la capitale d\u00e9faite par les Versaillais. <em>C\u2019est la nuit surtout que le combat devient furieux<\/em> devient la chronique d\u2019un front v\u00e9cu de l\u2019int\u00e9rieur et racont\u00e9 par une \u00e2me h\u00e9ro\u00efque au jour le jour, celle de la vie et de la mort d\u2019une exp\u00e9rience sociale in\u00e9dite qui a vu le peuple \u00e9lire ses repr\u00e9sentants r\u00e9vocables, voter la r\u00e9duction de la journ\u00e9e de travail \u00e0 10 heures, l\u2019\u00e9largissement de l\u2019\u00e9ducation, la r\u00e9quisition de logement vacants pour le logement d\u2019urgence, l\u2019encadrement des loyers, la cr\u00e9ation d\u2019ateliers auto-g\u00e9r\u00e9s. 72 jours pour jeter les bases d\u2019une \u0153uvre sociale sans pr\u00e9c\u00e9dent qui continuera d\u2019inspirer les conqu\u00eates sociales du XXe si\u00e8cle et les aspirations du peuple au XXIe si\u00e8cle.<\/p>\n\n\n\n<p>La lettre, mat\u00e9riau intime destin\u00e9 au cercle familial, n\u2019avait pas forc\u00e9ment vocation \u00e0 rester dans les archives familiales. Alix Payen avoue \u00e0 son p\u00e8re son projet de r\u00e9diger le r\u00e9cit de ses \u00ab&nbsp;campagnes&nbsp;\u00bb et si elle s\u2019excuse r\u00e9guli\u00e8rement du style \u00ab&nbsp;d\u00e9cousu&nbsp;\u00bb de ses \u00e9crits, nous sommes plut\u00f4t impressionn\u00e9.es par la fermet\u00e9 du plan de ses lettres. Dot\u00e9 d\u2019un optimisme \u00e0 toute \u00e9preuve, son regard transfigure le r\u00e9el&nbsp;: les bombardements lui semblent un \u00ab&nbsp;essaim de gros bourdons qui passe sans cesse sur nos t\u00eates&nbsp;\u00bb, les maisons effondr\u00e9es de Neuilly, perc\u00e9es de part en part paraissent des \u00ab&nbsp;miracles d\u2019\u00e9quilibre&nbsp;\u00bb, avec leurs fa\u00e7ades en \u00ab&nbsp;dentelle&nbsp;\u00bb. Ces impressions not\u00e9es au vol auraient-elles \u00e9t\u00e9 consign\u00e9es si la communarde n\u2019avait pas quotidiennement donn\u00e9 de nouvelles \u00e0 sa m\u00e8re rest\u00e9e \u00e0 l\u2019int\u00e9rieur de Paris ou \u00e0 son p\u00e8re, fouri\u00e9riste, retenu dans sa Colonie \u00e0 Cond\u00e9-sur-Vesgres&nbsp;pr\u00e8s d\u2019Houdan ? Comme le dit si bien Mich\u00e8le Audin, la s\u00e9paration des familles fait le bonheur des historiens. Cherchant souvent \u00e0 rassurer ses proches, Alix Payen m\u00eale ainsi \u00e0 ses descriptions saisissantes des \u00e9l\u00e9ments po\u00e9tiques comme en atteste la lettre de son bapt\u00eame du feu au cimeti\u00e8re d\u2019Issy, son brevet d\u2019infirmi\u00e8re fra\u00eechement tamponn\u00e9 en poche&nbsp;:<\/p>\n\n\n\n<blockquote class=\"wp-block-quote is-layout-flow wp-block-quote-is-layout-flow\"><p>\u00ab\u00a0<em>Quel vacarme\u00a0! quel chaos, tu ne peux t\u2019en faire une id\u00e9e, sifflement et explosion des obus, coups de fusil, balles cassant le marbre des tombes ou s\u2019aplatissant sur le mur, tout cela faisait un tapage infernal, qui pourtant n\u2019emp\u00eachait pas d\u2019entendre distinctement les commandements des officiers\u00a0; ceux-ci couraient, criant Cessez le feu\u00a0! nourrissez le feu\u00a0! obliquez \u00e0 gauche. [\u2026] Subitement et de part et d\u2019autre cet infernal vacarme cessa et le silence semblait plus profond apr\u00e8s ces horribles d\u00e9tonations.<\/em><\/p><\/blockquote>\n\n\n\n<blockquote class=\"wp-block-quote is-layout-flow wp-block-quote-is-layout-flow\"><p><em>Tout \u00e0 coup, au milieu de ce calme, un rossignol s\u2019est mis \u00e0 chanter [\u2026] Comment ce petit oiseau \u00e9tait-il rest\u00e9 dans son cypr\u00e8s quand les balles sifflaient autour de lui\u00a0? peut-\u00eatre y avait-il d\u00e9j\u00e0 son nid. Pour moi les larmes me vinrent aux yeux\u00a0; il me semblait comprendre le rossignol\u00a0: il chantait la paix, l\u2019amour, la famille.<\/em>\u00ab\u00a0<\/p><\/blockquote>\n\n\n\n<p>N\u00e9anmoins, le ton inspir\u00e9 d\u2019Alix Payen ne doit pas nous faire oublier les difficiles conditions du front pour les gardes f\u00e9d\u00e9r\u00e9s, les cantini\u00e8res et les infirmi\u00e8res&nbsp;: elle \u00e9crit ses lettres au crayon \u00e0 papier, au milieu des tranch\u00e9es transform\u00e9es en rivi\u00e8res de boue, souvent sous une pluie battante en ce maussade mois d\u2019avril 1871, dont elle prend bravement son parti&nbsp;: apr\u00e8s neuf nuits dehors sans campement et sous une pluie continuelle, elle est bien heureuse de trouver quelque r\u00e9pit au fort de Vanves m\u00eame si l\u2019eau s\u2019immisce dans les chambres faisant \u00e7a-et-l\u00e0 de petites mares sur les plancher, car \u00ab&nbsp;depuis plus de dix jours que [elle \u00e9tait] toujours tremp\u00e9e, [elle commen\u00e7ait] \u00e0 croire que [elle ne s\u00e8cherait] plus jamais de la vie&nbsp;\u00bb. Elle ne nous \u00e9pargne pas non plus la vision macabre des hommes frigorifi\u00e9s, r\u00e9duits \u00e0 ouvrir les caveaux du cimeti\u00e8re pour y dormir \u00e0 la place des morts quelques heures \u00e0 l\u2019abri du froid. Elle multiplie les sauvetages de bless\u00e9s sous les bombes, elle-m\u00eame expos\u00e9e au feu ennemi, sans armes pour se d\u00e9fendre, elle tire les corps jusqu\u2019\u00e0 l\u2019ambulance, donne les premiers soins, galvanise les hommes d\u00e9sesp\u00e9r\u00e9s et fascine par sa gaiet\u00e9 et son courage&nbsp;; elle sourit quand on s\u2019extasie sur la force de cette petite femme et quand on dit d\u2019elle qu\u2019elle \u00ab&nbsp;manie les morts comme [d\u2019autres] un verre de vin&nbsp;\u00bb.<\/p>\n\n\n\n<p>In\u00e9vitablement, la nature chronologique d\u2019une correspondance nous achemine vers une issue dont nous ne connaissons que trop certainement la r\u00e9solution. L\u2019encha\u00eenement des dates \u00e9pouse l\u2019aggravation des conditions du si\u00e8ge de Paris, les rationnements du peuple, sa r\u00e9volte et le sentiment de trahison qui ont accompagn\u00e9 la signature de l\u2019Armistice, la difficult\u00e9 des permissions, la mauvaise gestion des bataillons, les mutineries face au d\u00e9couragement des rel\u00e8ves qui n\u2019arrivent pas. Les munitions s\u2019\u00e9puisent, les places fortes tombent progressivement et les hommes meurent comme Henri, le mari d\u2019Alix Payen, bless\u00e9 lors de la Semaine Sanglante.<\/p>\n\n\n\n<p>Si elle a envisag\u00e9 de publier un jour ses lettres \u2013 ce qu\u2019elle n\u2019a malheureusement pas fait \u2013, cela tient sans doute \u00e0 la l\u00e9gitimit\u00e9 qu\u2019elle \u00e9prouve tr\u00e8s t\u00f4t gr\u00e2ce \u00e0 son enr\u00f4lement. On est frapp\u00e9 par la minutie avec laquelle elle enregistre les faits et la justesse des commentaires pourtant propos\u00e9s \u00e0 chaud. Elle semble se vivre comme une voix qui compte, assur\u00e9e par son engagement physique dans la Commune\u00a0: \u00ab\u00a0aussi puis-je dire maintenant que je sais ce que c\u2019est qu\u2019un combat\u00a0\u00bb. L\u2019exp\u00e9rience du feu et son r\u00e9cit cessent avec l\u2019exp\u00e9rience sociale de la Commune de n\u2019\u00eatre qu\u2019une affaire d\u2019hommes. Bien que les femmes aient rel\u00e9gu\u00e9 au second plan leur vell\u00e9it\u00e9 de participer aux \u00e9lections au m\u00eame titre que les hommes en 1871, elles ont appel\u00e9 \u00e0 une participation active dans l\u2019\u0153uvre de lib\u00e9ration par les armes.<\/p>\n\n\n\n<p>Alix Payen incarne une femme de la Commune parmi d\u2019autres qui restent \u00e0 d\u00e9couvrir, une femme aux aspirations \u00e9galitaires de justice sociale, une femme d\u2019origine bourgeoise fa\u00e7onn\u00e9e par les id\u00e9es de l\u2019utopie socialiste de Charles Fourier. Elle marche dans l\u2019Histoire aux c\u00f4t\u00e9s de Andr\u00e9 L\u00e9o, de Victorine Brocher et d\u2019autres \u00ab&nbsp;p\u00e9troleuses&nbsp;\u00bb dont les visages ne doivent pas retomber dans l\u2019oubli dans lequel ils ont \u00e9t\u00e9 maintenus de longues ann\u00e9es et qui ressurgissent gr\u00e2ce \u00e0 la pers\u00e9v\u00e9rance de passionn\u00e9es comme Edith Thomas, Chlo\u00e9 Leprince et Mich\u00e8le Audin. Nous devons les enlever \u00e0 cette nuit semblable \u00e0 celle qui terrorise Alix Payen dans la plaine, \u00e0 la merci des tirs ennemis \u00e0 son retour de Clichy&nbsp;:<\/p>\n\n\n\n<blockquote class=\"wp-block-quote is-layout-flow wp-block-quote-is-layout-flow\"><p><em>La nuit tombait rapidement, bient\u00f4t elle est tr\u00e8s noire\u00a0; quelques bombes de temps en temps passent sur ma t\u00eate, c\u2019est sinistre au milieu de cette nuit et dans une plaine nue et aride, sans un pan de mur ou un arbre pour s\u2019abriter, pour comble je ne me reconnais plus du tout. Je suis seule, compl\u00e8tement seule dans cette plaine noire.\u00a0<\/em><\/p><\/blockquote>\n\n\n\n<p>Heureusement, de l\u2019autre c\u00f4t\u00e9 de la plaine, elle retrouve son bataillon, son collectif qui lui donne la force de reprendre le combat.<\/p>\n\n\n\n<p>L\u2019exposition <a href=\"http:\/\/www.museehistoirevivante.fr\/expositions\/exposition-du-29-mai-2021-au-31-janvier-2022\/memoires-commune-s-1871-2021\" target=\"_blank\" rel=\"noreferrer noopener\">\u00ab&nbsp;M\u00e9moire(s) commune(s)&nbsp;\u00bb<\/a> fait la part belle aux communard.es jusqu\u2019au 31 janvier 2022.<\/p>\n\n\n\n<p>\u00c0 l\u2019occasion du 150e anniversaire de la Commune de Paris, le Mus\u00e9e de l\u2019Histoire vivante de Montreuil propose de retourner dans ce pass\u00e9 se projetant dans de possibles futurs et dont les \u00e9chos nous parviennent encore aujourd\u2019hui. Au gr\u00e9 d\u2019un parcours historique et th\u00e9matique, nous sommes invit\u00e9.es \u00e0 d\u00e9couvrir ou red\u00e9couvrir par l\u2019image et le texte, cette r\u00e9volution dans toute sa diversit\u00e9, son d\u00e9veloppement en province ou \u00e0 l\u2019\u00e9tranger, son action et ses projets de r\u00e9formes, mais aussi ses errements violents incomparables avec la terrible r\u00e9pression qui s\u2019abattit sur les communard.es du 21-28 mai 1871. Un parcours d\u2019histoire qui se conclura par le souvenir, les m\u00e9moires de la Commune de 1880 \u00e0 nos jours.<\/p>\n","protected":false},"excerpt":{"rendered":"<p>Rares sont les t\u00e9moignages \u00e9crits pendant les semaines insurrectionnelles de la Commune, ceux-ci paraissent surtout apr\u00e8s l\u2019ann\u00e9e 1871 dans l\u2019espoir de contrer une histoire \u00e9crite par les vainqueurs et de r\u00e9futer une lecture barbare des actions de celles et ceux qui ont fait le r\u00eave d\u2019une R\u00e9publique sociale. Souvent publi\u00e9s sous forme de tribunes, de [&hellip;]<\/p>\n","protected":false},"author":40,"featured_media":3793,"comment_status":"closed","ping_status":"open","sticky":false,"template":"","format":"standard","meta":{"footnotes":""},"categories":[5],"tags":[],"class_list":["post-3790","post","type-post","status-publish","format-standard","has-post-thumbnail","hentry","category-essais-recents","has-thumbnail"],"yoast_head":"<!-- This site is optimized with the Yoast SEO plugin v23.5 - https:\/\/yoast.com\/wordpress\/plugins\/seo\/ -->\n<title>C\u2019est la nuit surtout que le combat devient furieux\u00a0: Chronique d\u2019une \u00ab\u00a0cr\u00e2ne petite citoyenne\u00a0\u00bb - Missives<\/title>\n<meta name=\"robots\" content=\"index, follow, max-snippet:-1, max-image-preview:large, max-video-preview:-1\" \/>\n<link rel=\"canonical\" href=\"http:\/\/www.lesmissives.fr\/index.php\/2021\/07\/02\/cest-la-nuit-surtout-que-le-combat-devient-furieux-chronique-dune-crane-petite-citoyenne\/\" \/>\n<meta property=\"og:locale\" content=\"fr_FR\" \/>\n<meta property=\"og:type\" content=\"article\" \/>\n<meta property=\"og:title\" content=\"C\u2019est la nuit surtout que le combat devient furieux\u00a0: Chronique d\u2019une \u00ab\u00a0cr\u00e2ne petite citoyenne\u00a0\u00bb - Missives\" \/>\n<meta property=\"og:description\" content=\"Rares sont les t\u00e9moignages \u00e9crits pendant les semaines insurrectionnelles de la Commune, ceux-ci paraissent surtout apr\u00e8s l\u2019ann\u00e9e 1871 dans l\u2019espoir de contrer une histoire \u00e9crite par les vainqueurs et de r\u00e9futer une lecture barbare des actions de celles et ceux qui ont fait le r\u00eave d\u2019une R\u00e9publique sociale. Souvent publi\u00e9s sous forme de tribunes, de [&hellip;]\" \/>\n<meta property=\"og:url\" content=\"http:\/\/www.lesmissives.fr\/index.php\/2021\/07\/02\/cest-la-nuit-surtout-que-le-combat-devient-furieux-chronique-dune-crane-petite-citoyenne\/\" \/>\n<meta property=\"og:site_name\" content=\"Missives\" \/>\n<meta property=\"article:publisher\" content=\"https:\/\/www.facebook.com\/LesMissives\/\" \/>\n<meta property=\"article:published_time\" content=\"2021-07-02T10:06:06+00:00\" \/>\n<meta property=\"article:modified_time\" content=\"2021-07-02T10:06:07+00:00\" \/>\n<meta property=\"og:image\" content=\"http:\/\/www.lesmissives.fr\/wp-content\/uploads\/2021\/07\/featAlix.jpg\" \/>\n\t<meta property=\"og:image:width\" content=\"820\" \/>\n\t<meta property=\"og:image:height\" content=\"428\" \/>\n\t<meta property=\"og:image:type\" content=\"image\/jpeg\" \/>\n<meta name=\"author\" content=\"Marie Rondou\" \/>\n<meta name=\"twitter:card\" content=\"summary_large_image\" \/>\n<meta name=\"twitter:label1\" content=\"\u00c9crit par\" \/>\n\t<meta name=\"twitter:data1\" content=\"Marie Rondou\" \/>\n\t<meta name=\"twitter:label2\" content=\"Dur\u00e9e de lecture estim\u00e9e\" \/>\n\t<meta name=\"twitter:data2\" content=\"9 minutes\" \/>\n<script type=\"application\/ld+json\" class=\"yoast-schema-graph\">{\"@context\":\"https:\/\/schema.org\",\"@graph\":[{\"@type\":\"Article\",\"@id\":\"http:\/\/www.lesmissives.fr\/index.php\/2021\/07\/02\/cest-la-nuit-surtout-que-le-combat-devient-furieux-chronique-dune-crane-petite-citoyenne\/#article\",\"isPartOf\":{\"@id\":\"http:\/\/www.lesmissives.fr\/index.php\/2021\/07\/02\/cest-la-nuit-surtout-que-le-combat-devient-furieux-chronique-dune-crane-petite-citoyenne\/\"},\"author\":{\"name\":\"Marie Rondou\",\"@id\":\"https:\/\/www.lesmissives.fr\/#\/schema\/person\/0c0797d88c4af5447e94eca562614aa0\"},\"headline\":\"C\u2019est la nuit surtout que le combat devient furieux\u00a0: Chronique d\u2019une \u00ab\u00a0cr\u00e2ne petite citoyenne\u00a0\u00bb\",\"datePublished\":\"2021-07-02T10:06:06+00:00\",\"dateModified\":\"2021-07-02T10:06:07+00:00\",\"mainEntityOfPage\":{\"@id\":\"http:\/\/www.lesmissives.fr\/index.php\/2021\/07\/02\/cest-la-nuit-surtout-que-le-combat-devient-furieux-chronique-dune-crane-petite-citoyenne\/\"},\"wordCount\":1815,\"publisher\":{\"@id\":\"https:\/\/www.lesmissives.fr\/#organization\"},\"image\":{\"@id\":\"http:\/\/www.lesmissives.fr\/index.php\/2021\/07\/02\/cest-la-nuit-surtout-que-le-combat-devient-furieux-chronique-dune-crane-petite-citoyenne\/#primaryimage\"},\"thumbnailUrl\":\"https:\/\/www.lesmissives.fr\/wp-content\/uploads\/2021\/07\/nuitfurieuse.png\",\"articleSection\":[\"Essais r\u00e9cents\"],\"inLanguage\":\"fr-FR\"},{\"@type\":\"WebPage\",\"@id\":\"http:\/\/www.lesmissives.fr\/index.php\/2021\/07\/02\/cest-la-nuit-surtout-que-le-combat-devient-furieux-chronique-dune-crane-petite-citoyenne\/\",\"url\":\"http:\/\/www.lesmissives.fr\/index.php\/2021\/07\/02\/cest-la-nuit-surtout-que-le-combat-devient-furieux-chronique-dune-crane-petite-citoyenne\/\",\"name\":\"C\u2019est la nuit surtout que le combat devient furieux\u00a0: Chronique d\u2019une \u00ab\u00a0cr\u00e2ne petite citoyenne\u00a0\u00bb - Missives\",\"isPartOf\":{\"@id\":\"https:\/\/www.lesmissives.fr\/#website\"},\"primaryImageOfPage\":{\"@id\":\"http:\/\/www.lesmissives.fr\/index.php\/2021\/07\/02\/cest-la-nuit-surtout-que-le-combat-devient-furieux-chronique-dune-crane-petite-citoyenne\/#primaryimage\"},\"image\":{\"@id\":\"http:\/\/www.lesmissives.fr\/index.php\/2021\/07\/02\/cest-la-nuit-surtout-que-le-combat-devient-furieux-chronique-dune-crane-petite-citoyenne\/#primaryimage\"},\"thumbnailUrl\":\"https:\/\/www.lesmissives.fr\/wp-content\/uploads\/2021\/07\/nuitfurieuse.png\",\"datePublished\":\"2021-07-02T10:06:06+00:00\",\"dateModified\":\"2021-07-02T10:06:07+00:00\",\"breadcrumb\":{\"@id\":\"http:\/\/www.lesmissives.fr\/index.php\/2021\/07\/02\/cest-la-nuit-surtout-que-le-combat-devient-furieux-chronique-dune-crane-petite-citoyenne\/#breadcrumb\"},\"inLanguage\":\"fr-FR\",\"potentialAction\":[{\"@type\":\"ReadAction\",\"target\":[\"http:\/\/www.lesmissives.fr\/index.php\/2021\/07\/02\/cest-la-nuit-surtout-que-le-combat-devient-furieux-chronique-dune-crane-petite-citoyenne\/\"]}]},{\"@type\":\"ImageObject\",\"inLanguage\":\"fr-FR\",\"@id\":\"http:\/\/www.lesmissives.fr\/index.php\/2021\/07\/02\/cest-la-nuit-surtout-que-le-combat-devient-furieux-chronique-dune-crane-petite-citoyenne\/#primaryimage\",\"url\":\"https:\/\/www.lesmissives.fr\/wp-content\/uploads\/2021\/07\/nuitfurieuse.png\",\"contentUrl\":\"https:\/\/www.lesmissives.fr\/wp-content\/uploads\/2021\/07\/nuitfurieuse.png\",\"width\":500,\"height\":824},{\"@type\":\"BreadcrumbList\",\"@id\":\"http:\/\/www.lesmissives.fr\/index.php\/2021\/07\/02\/cest-la-nuit-surtout-que-le-combat-devient-furieux-chronique-dune-crane-petite-citoyenne\/#breadcrumb\",\"itemListElement\":[{\"@type\":\"ListItem\",\"position\":1,\"name\":\"Accueil\",\"item\":\"https:\/\/www.lesmissives.fr\/\"},{\"@type\":\"ListItem\",\"position\":2,\"name\":\"C\u2019est la nuit surtout que le combat devient furieux\u00a0: Chronique d\u2019une \u00ab\u00a0cr\u00e2ne petite citoyenne\u00a0\u00bb\"}]},{\"@type\":\"WebSite\",\"@id\":\"https:\/\/www.lesmissives.fr\/#website\",\"url\":\"https:\/\/www.lesmissives.fr\/\",\"name\":\"Missives\",\"description\":\"Des livres os\u00e9s et f\u00e9ministes, au sens large\",\"publisher\":{\"@id\":\"https:\/\/www.lesmissives.fr\/#organization\"},\"potentialAction\":[{\"@type\":\"SearchAction\",\"target\":{\"@type\":\"EntryPoint\",\"urlTemplate\":\"https:\/\/www.lesmissives.fr\/?s={search_term_string}\"},\"query-input\":{\"@type\":\"PropertyValueSpecification\",\"valueRequired\":true,\"valueName\":\"search_term_string\"}}],\"inLanguage\":\"fr-FR\"},{\"@type\":\"Organization\",\"@id\":\"https:\/\/www.lesmissives.fr\/#organization\",\"name\":\"les missives\",\"url\":\"https:\/\/www.lesmissives.fr\/\",\"logo\":{\"@type\":\"ImageObject\",\"inLanguage\":\"fr-FR\",\"@id\":\"https:\/\/www.lesmissives.fr\/#\/schema\/logo\/image\/\",\"url\":\"https:\/\/www.lesmissives.fr\/wp-content\/uploads\/2025\/09\/cropped-LOGO-MISSIVES-ROUGE-COMPLET2-scaled-1.jpg\",\"contentUrl\":\"https:\/\/www.lesmissives.fr\/wp-content\/uploads\/2025\/09\/cropped-LOGO-MISSIVES-ROUGE-COMPLET2-scaled-1.jpg\",\"width\":1130,\"height\":800,\"caption\":\"les missives\"},\"image\":{\"@id\":\"https:\/\/www.lesmissives.fr\/#\/schema\/logo\/image\/\"},\"sameAs\":[\"https:\/\/www.facebook.com\/LesMissives\/\"]},{\"@type\":\"Person\",\"@id\":\"https:\/\/www.lesmissives.fr\/#\/schema\/person\/0c0797d88c4af5447e94eca562614aa0\",\"name\":\"Marie Rondou\",\"image\":{\"@type\":\"ImageObject\",\"inLanguage\":\"fr-FR\",\"@id\":\"https:\/\/www.lesmissives.fr\/#\/schema\/person\/image\/\",\"url\":\"https:\/\/secure.gravatar.com\/avatar\/ba94292f10ca85fce13e76d85918becd?s=96&d=mm&r=g\",\"contentUrl\":\"https:\/\/secure.gravatar.com\/avatar\/ba94292f10ca85fce13e76d85918becd?s=96&d=mm&r=g\",\"caption\":\"Marie Rondou\"},\"description\":\"Elle r\u00eavait de tenir un ranch dans le Wyoming, mais sa phobie de l'avion l'a pouss\u00e9e \u00e0 embrasser la carri\u00e8re d'enseignante \u00e0 Montreuil pour partager sa passion des grands espaces litt\u00e9raires.\",\"url\":\"https:\/\/www.lesmissives.fr\/index.php\/author\/marierondou\/\"}]}<\/script>\n<!-- \/ Yoast SEO plugin. -->","yoast_head_json":{"title":"C\u2019est la nuit surtout que le combat devient furieux\u00a0: Chronique d\u2019une \u00ab\u00a0cr\u00e2ne petite citoyenne\u00a0\u00bb - Missives","robots":{"index":"index","follow":"follow","max-snippet":"max-snippet:-1","max-image-preview":"max-image-preview:large","max-video-preview":"max-video-preview:-1"},"canonical":"http:\/\/www.lesmissives.fr\/index.php\/2021\/07\/02\/cest-la-nuit-surtout-que-le-combat-devient-furieux-chronique-dune-crane-petite-citoyenne\/","og_locale":"fr_FR","og_type":"article","og_title":"C\u2019est la nuit surtout que le combat devient furieux\u00a0: Chronique d\u2019une \u00ab\u00a0cr\u00e2ne petite citoyenne\u00a0\u00bb - Missives","og_description":"Rares sont les t\u00e9moignages \u00e9crits pendant les semaines insurrectionnelles de la Commune, ceux-ci paraissent surtout apr\u00e8s l\u2019ann\u00e9e 1871 dans l\u2019espoir de contrer une histoire \u00e9crite par les vainqueurs et de r\u00e9futer une lecture barbare des actions de celles et ceux qui ont fait le r\u00eave d\u2019une R\u00e9publique sociale. Souvent publi\u00e9s sous forme de tribunes, de [&hellip;]","og_url":"http:\/\/www.lesmissives.fr\/index.php\/2021\/07\/02\/cest-la-nuit-surtout-que-le-combat-devient-furieux-chronique-dune-crane-petite-citoyenne\/","og_site_name":"Missives","article_publisher":"https:\/\/www.facebook.com\/LesMissives\/","article_published_time":"2021-07-02T10:06:06+00:00","article_modified_time":"2021-07-02T10:06:07+00:00","og_image":[{"width":820,"height":428,"url":"http:\/\/www.lesmissives.fr\/wp-content\/uploads\/2021\/07\/featAlix.jpg","type":"image\/jpeg"}],"author":"Marie Rondou","twitter_card":"summary_large_image","twitter_misc":{"\u00c9crit par":"Marie Rondou","Dur\u00e9e de lecture estim\u00e9e":"9 minutes"},"schema":{"@context":"https:\/\/schema.org","@graph":[{"@type":"Article","@id":"http:\/\/www.lesmissives.fr\/index.php\/2021\/07\/02\/cest-la-nuit-surtout-que-le-combat-devient-furieux-chronique-dune-crane-petite-citoyenne\/#article","isPartOf":{"@id":"http:\/\/www.lesmissives.fr\/index.php\/2021\/07\/02\/cest-la-nuit-surtout-que-le-combat-devient-furieux-chronique-dune-crane-petite-citoyenne\/"},"author":{"name":"Marie Rondou","@id":"https:\/\/www.lesmissives.fr\/#\/schema\/person\/0c0797d88c4af5447e94eca562614aa0"},"headline":"C\u2019est la nuit surtout que le combat devient furieux\u00a0: Chronique d\u2019une \u00ab\u00a0cr\u00e2ne petite citoyenne\u00a0\u00bb","datePublished":"2021-07-02T10:06:06+00:00","dateModified":"2021-07-02T10:06:07+00:00","mainEntityOfPage":{"@id":"http:\/\/www.lesmissives.fr\/index.php\/2021\/07\/02\/cest-la-nuit-surtout-que-le-combat-devient-furieux-chronique-dune-crane-petite-citoyenne\/"},"wordCount":1815,"publisher":{"@id":"https:\/\/www.lesmissives.fr\/#organization"},"image":{"@id":"http:\/\/www.lesmissives.fr\/index.php\/2021\/07\/02\/cest-la-nuit-surtout-que-le-combat-devient-furieux-chronique-dune-crane-petite-citoyenne\/#primaryimage"},"thumbnailUrl":"https:\/\/www.lesmissives.fr\/wp-content\/uploads\/2021\/07\/nuitfurieuse.png","articleSection":["Essais r\u00e9cents"],"inLanguage":"fr-FR"},{"@type":"WebPage","@id":"http:\/\/www.lesmissives.fr\/index.php\/2021\/07\/02\/cest-la-nuit-surtout-que-le-combat-devient-furieux-chronique-dune-crane-petite-citoyenne\/","url":"http:\/\/www.lesmissives.fr\/index.php\/2021\/07\/02\/cest-la-nuit-surtout-que-le-combat-devient-furieux-chronique-dune-crane-petite-citoyenne\/","name":"C\u2019est la nuit surtout que le combat devient furieux\u00a0: Chronique d\u2019une \u00ab\u00a0cr\u00e2ne petite citoyenne\u00a0\u00bb - Missives","isPartOf":{"@id":"https:\/\/www.lesmissives.fr\/#website"},"primaryImageOfPage":{"@id":"http:\/\/www.lesmissives.fr\/index.php\/2021\/07\/02\/cest-la-nuit-surtout-que-le-combat-devient-furieux-chronique-dune-crane-petite-citoyenne\/#primaryimage"},"image":{"@id":"http:\/\/www.lesmissives.fr\/index.php\/2021\/07\/02\/cest-la-nuit-surtout-que-le-combat-devient-furieux-chronique-dune-crane-petite-citoyenne\/#primaryimage"},"thumbnailUrl":"https:\/\/www.lesmissives.fr\/wp-content\/uploads\/2021\/07\/nuitfurieuse.png","datePublished":"2021-07-02T10:06:06+00:00","dateModified":"2021-07-02T10:06:07+00:00","breadcrumb":{"@id":"http:\/\/www.lesmissives.fr\/index.php\/2021\/07\/02\/cest-la-nuit-surtout-que-le-combat-devient-furieux-chronique-dune-crane-petite-citoyenne\/#breadcrumb"},"inLanguage":"fr-FR","potentialAction":[{"@type":"ReadAction","target":["http:\/\/www.lesmissives.fr\/index.php\/2021\/07\/02\/cest-la-nuit-surtout-que-le-combat-devient-furieux-chronique-dune-crane-petite-citoyenne\/"]}]},{"@type":"ImageObject","inLanguage":"fr-FR","@id":"http:\/\/www.lesmissives.fr\/index.php\/2021\/07\/02\/cest-la-nuit-surtout-que-le-combat-devient-furieux-chronique-dune-crane-petite-citoyenne\/#primaryimage","url":"https:\/\/www.lesmissives.fr\/wp-content\/uploads\/2021\/07\/nuitfurieuse.png","contentUrl":"https:\/\/www.lesmissives.fr\/wp-content\/uploads\/2021\/07\/nuitfurieuse.png","width":500,"height":824},{"@type":"BreadcrumbList","@id":"http:\/\/www.lesmissives.fr\/index.php\/2021\/07\/02\/cest-la-nuit-surtout-que-le-combat-devient-furieux-chronique-dune-crane-petite-citoyenne\/#breadcrumb","itemListElement":[{"@type":"ListItem","position":1,"name":"Accueil","item":"https:\/\/www.lesmissives.fr\/"},{"@type":"ListItem","position":2,"name":"C\u2019est la nuit surtout que le combat devient furieux\u00a0: Chronique d\u2019une \u00ab\u00a0cr\u00e2ne petite citoyenne\u00a0\u00bb"}]},{"@type":"WebSite","@id":"https:\/\/www.lesmissives.fr\/#website","url":"https:\/\/www.lesmissives.fr\/","name":"Missives","description":"Des livres os\u00e9s et f\u00e9ministes, au sens large","publisher":{"@id":"https:\/\/www.lesmissives.fr\/#organization"},"potentialAction":[{"@type":"SearchAction","target":{"@type":"EntryPoint","urlTemplate":"https:\/\/www.lesmissives.fr\/?s={search_term_string}"},"query-input":{"@type":"PropertyValueSpecification","valueRequired":true,"valueName":"search_term_string"}}],"inLanguage":"fr-FR"},{"@type":"Organization","@id":"https:\/\/www.lesmissives.fr\/#organization","name":"les missives","url":"https:\/\/www.lesmissives.fr\/","logo":{"@type":"ImageObject","inLanguage":"fr-FR","@id":"https:\/\/www.lesmissives.fr\/#\/schema\/logo\/image\/","url":"https:\/\/www.lesmissives.fr\/wp-content\/uploads\/2025\/09\/cropped-LOGO-MISSIVES-ROUGE-COMPLET2-scaled-1.jpg","contentUrl":"https:\/\/www.lesmissives.fr\/wp-content\/uploads\/2025\/09\/cropped-LOGO-MISSIVES-ROUGE-COMPLET2-scaled-1.jpg","width":1130,"height":800,"caption":"les missives"},"image":{"@id":"https:\/\/www.lesmissives.fr\/#\/schema\/logo\/image\/"},"sameAs":["https:\/\/www.facebook.com\/LesMissives\/"]},{"@type":"Person","@id":"https:\/\/www.lesmissives.fr\/#\/schema\/person\/0c0797d88c4af5447e94eca562614aa0","name":"Marie Rondou","image":{"@type":"ImageObject","inLanguage":"fr-FR","@id":"https:\/\/www.lesmissives.fr\/#\/schema\/person\/image\/","url":"https:\/\/secure.gravatar.com\/avatar\/ba94292f10ca85fce13e76d85918becd?s=96&d=mm&r=g","contentUrl":"https:\/\/secure.gravatar.com\/avatar\/ba94292f10ca85fce13e76d85918becd?s=96&d=mm&r=g","caption":"Marie Rondou"},"description":"Elle r\u00eavait de tenir un ranch dans le Wyoming, mais sa phobie de l'avion l'a pouss\u00e9e \u00e0 embrasser la carri\u00e8re d'enseignante \u00e0 Montreuil pour partager sa passion des grands espaces litt\u00e9raires.","url":"https:\/\/www.lesmissives.fr\/index.php\/author\/marierondou\/"}]}},"_links":{"self":[{"href":"https:\/\/www.lesmissives.fr\/index.php\/wp-json\/wp\/v2\/posts\/3790"}],"collection":[{"href":"https:\/\/www.lesmissives.fr\/index.php\/wp-json\/wp\/v2\/posts"}],"about":[{"href":"https:\/\/www.lesmissives.fr\/index.php\/wp-json\/wp\/v2\/types\/post"}],"author":[{"embeddable":true,"href":"https:\/\/www.lesmissives.fr\/index.php\/wp-json\/wp\/v2\/users\/40"}],"replies":[{"embeddable":true,"href":"https:\/\/www.lesmissives.fr\/index.php\/wp-json\/wp\/v2\/comments?post=3790"}],"version-history":[{"count":2,"href":"https:\/\/www.lesmissives.fr\/index.php\/wp-json\/wp\/v2\/posts\/3790\/revisions"}],"predecessor-version":[{"id":3794,"href":"https:\/\/www.lesmissives.fr\/index.php\/wp-json\/wp\/v2\/posts\/3790\/revisions\/3794"}],"wp:featuredmedia":[{"embeddable":true,"href":"https:\/\/www.lesmissives.fr\/index.php\/wp-json\/wp\/v2\/media\/3793"}],"wp:attachment":[{"href":"https:\/\/www.lesmissives.fr\/index.php\/wp-json\/wp\/v2\/media?parent=3790"}],"wp:term":[{"taxonomy":"category","embeddable":true,"href":"https:\/\/www.lesmissives.fr\/index.php\/wp-json\/wp\/v2\/categories?post=3790"},{"taxonomy":"post_tag","embeddable":true,"href":"https:\/\/www.lesmissives.fr\/index.php\/wp-json\/wp\/v2\/tags?post=3790"}],"curies":[{"name":"wp","href":"https:\/\/api.w.org\/{rel}","templated":true}]}}