{"id":6557,"date":"2025-09-14T11:52:04","date_gmt":"2025-09-14T09:52:04","guid":{"rendered":"https:\/\/www.lesmissives.fr\/?p=6557"},"modified":"2025-09-14T11:53:06","modified_gmt":"2025-09-14T09:53:06","slug":"rendre-la-chair-aux-mots-la-nuit-au-coeur-de-nathacha-appanah","status":"publish","type":"post","link":"http:\/\/www.lesmissives.fr\/index.php\/2025\/09\/14\/rendre-la-chair-aux-mots-la-nuit-au-coeur-de-nathacha-appanah\/","title":{"rendered":"Rendre la chair aux mots : La Nuit au c\u0153ur de Nathacha Appanah"},"content":{"rendered":"\n<p><\/p>\n\n\n\n<blockquote class=\"wp-block-quote is-layout-flow wp-block-quote-is-layout-flow\">\n<p> \u00ab&nbsp;Les monstres, \u00e7a n\u2019existe pas. C\u2019est notre soci\u00e9t\u00e9. C\u2019est nous, nos amis, nos p\u00e8res. C\u2019est \u00e7a qu\u2019on doit regarder.&nbsp;\u00bb <\/p>\n<\/blockquote>\n\n\n\n<p>En novembre 2019, sur le plateau de <a href=\"https:\/\/www.youtube.com\/watch?v=QFRPci2wK2Y&amp;ab_channel=Mediapart\">Mediapart<\/a>, Ad\u00e8le Haenel mettait des mots sur une v\u00e9rit\u00e9 qui, encore aujourd\u2019hui, d\u00e9range. Les harceleurs, les abuseurs, les violeurs ne sont pas des \u00eatres hors du commun dans leur cruaut\u00e9, leur sadisme ou leur perversit\u00e9. Ce ne sont que des hommes, fa\u00e7onn\u00e9s par une soci\u00e9t\u00e9 qui leur promet yeux ferm\u00e9s, impunit\u00e9 et complicit\u00e9.<\/p>\n\n\n\n<figure class=\"wp-block-image size-full\"><img loading=\"lazy\" decoding=\"async\" width=\"697\" height=\"420\" src=\"https:\/\/www.lesmissives.fr\/wp-content\/uploads\/2025\/09\/bandeau-appaanah-1.jpg\" alt=\"\" class=\"wp-image-6561\" srcset=\"http:\/\/www.lesmissives.fr\/wp-content\/uploads\/2025\/09\/bandeau-appaanah-1.jpg 697w, http:\/\/www.lesmissives.fr\/wp-content\/uploads\/2025\/09\/bandeau-appaanah-1-300x181.jpg 300w, http:\/\/www.lesmissives.fr\/wp-content\/uploads\/2025\/09\/bandeau-appaanah-1-400x241.jpg 400w\" sizes=\"(max-width: 697px) 100vw, 697px\" \/><\/figure>\n\n\n\n<p><br>Avec <em>La Nuit au c\u0153ur<\/em>, la romanci\u00e8re mauricienne Nathacha Appanah ajoute ses mots \u00e0 ceux d\u2019Ad\u00e8le Haenel, mais aussi de Vanessa Springora ou Judith Godr\u00e8che. Elle y raconte trois histoires, toutes vraies, de femmes ayant v\u00e9cu l\u2019horreur d\u2019une relation d\u2019emprise o\u00f9 la violence se faisait passer pour de l\u2019amour. Deux en sont mortes, victimes de f\u00e9minicides\u00a0; une a surv\u00e9cu et \u00e9crit ce roman. C\u2019est l\u2019autrice elle-m\u00eame.<\/p>\n\n\n\n<blockquote class=\"wp-block-quote is-layout-flow wp-block-quote-is-layout-flow\">\n<p>\u00ab&nbsp;Ils ne sont pas enti\u00e8rement mauvais.<br>S\u2019il existait une mani\u00e8re de les presser pour en extraire un jus, ce jus ne serait pas tout \u00e0 fait imbuvable, non, parfois sous son amertume empoisonn\u00e9e il y aurait un arri\u00e8re-go\u00fbt de douceur. S\u2019il existait une mani\u00e8re de les passer entre deux rouleaux compresseurs pour qu\u2019ils se transforment en feuilles plates, ces feuilles ne seraient pas totalement opaques et inqui\u00e9tantes comme le fond des mers, non, elles auraient ici et l\u00e0 des transparences et des veines fines qui leur donneraient un semblant de vuln\u00e9rabilit\u00e9. S\u2019il existait une mani\u00e8re de les broyer en fine poussi\u00e8re, cette poussi\u00e8re ne serait pas compl\u00e8tement toxique, non, certaines particules flotteraient dans les rais du soleil et \u00e0 les regarder, on pourrait croire \u00e0 un ballet innocent.&nbsp;\u00bb<\/p>\n<\/blockquote>\n\n\n\n<p><strong>La banalit\u00e9 du m\u00e2le<\/strong><\/p>\n\n\n\n<p><em>La Nuit au c\u0153ur<\/em> s\u2019ouvre sur ces mots et sur trois portraits d\u2019hommes. L\u2019un est ma\u00e7on, l\u2019autre chauffeur, le dernier journaliste et po\u00e8te. \u00ab&nbsp;\u00c0 les voir ainsi, on n\u2019imagine pas.&nbsp;\u00bb Un voisin poli, un travailleur s\u00e9rieux, un ami d\u00e9vou\u00e9\u2026 Un mari tyrannique, un assassin. Et en creux, une question&nbsp;: est-ce qu\u2019\u00e0 voir leur femme, on imaginait&nbsp;? La violence, la peur, la vigilance constante, l\u2019\u00e9puisement, les abus, l\u2019effacement&nbsp;?<\/p>\n\n\n\n<p>L\u2019autrice m\u00eale son histoire \u00e0 celles de deux f\u00e9minicides. Celui d\u2019Emma, une femme renvers\u00e9e puis \u00e9cras\u00e9e par son mari \u00e0 Maurice (Emma \u00e9tait la cousine de Nathacha Appanah). Et celui de Chahinez Daoud, immol\u00e9e par son mari en pleine rue de la banlieue de Bordeaux apr\u00e8s qu\u2019il lui avait tir\u00e9 deux fois dans les jambes. L\u2019\u00e9crivaine redonne \u00e0 ses femmes une \u00e9paisseur, une substance, une vie et une identit\u00e9 autres que celle de \u00ab&nbsp;victime de f\u00e9minicide&nbsp;\u00bb. Les mots viennent comme un baume, une caresse pleine de douceur pour apaiser la violence, sans jamais l\u2019effacer ou m\u00eame l\u2019\u00e9dulcorer. Certaines pages sont physiquement \u00e9prouvantes \u00e0 lire. Les frissons, la naus\u00e9e, les larmes montent. On lit l\u2019emprise comme elle a rarement \u00e9t\u00e9 \u00e9crite. L\u2019horreur du quotidien, mais aussi et surtout les m\u00e9canismes syst\u00e9miques qui l\u2019entourent. Le parall\u00e8le entre les trois histoires et l\u2019in\u00e9vitable empathie que l\u2019autrice ressent pour les deux femmes dont elle parle \u2013 et pour toutes les autres que l\u2019on imagine, invisibilis\u00e9es derri\u00e8re les quatre murs de leur maison \u2013 met en lumi\u00e8re la terrible universalit\u00e9 de cette violence et tout ce qui lui permet de perdurer.<\/p>\n\n\n\n<blockquote class=\"wp-block-quote is-layout-flow wp-block-quote-is-layout-flow\">\n<p>\u00ab&nbsp;Cette chose se passe en plein jour et il n\u2019y a personne pour l\u2019interrompre, personne pour crier, personne pour me sortir de l\u00e0.&nbsp;\u00bb<\/p>\n<\/blockquote>\n\n\n\n<p><strong>\u00c9crire l\u2019indicible<\/strong><\/p>\n\n\n\n<p>La plume de Nathacha Appanah coule avec une force saisissante. Les \u00e9v\u00e9nements qu\u2019elle y raconte sont \u00e9videmment d\u00e9chirants&nbsp;; son style est aussi fluide que virtuose, entre le r\u00e9cit journalistique et l\u2019autobiographie&nbsp;; mais surtout, la mani\u00e8re dont l\u2019autrice se regarde en train d\u2019\u00e9crire, d\u2019analyser ce que cela produit en elle d\u2019\u00e9crire certains mots, est particuli\u00e8rement remarquable.<\/p>\n\n\n\n<p>Elle s\u2019encourage dans son \u00e9criture, s\u2019accompagne dans la description des moments les plus traumatiques et indicibles&nbsp;: \u00ab&nbsp;Il ne faut pas que j\u2019abandonne ici, il me faut continuer avec une, deux, trois, vingt phrases sur la texture, la forme, la masse et le poids des choses.&nbsp;\u00bb Parfois m\u00eame, elle avoue ne pas \u00eatre \u00e0 l\u2019aise avec ce qu\u2019elle couche sur le papier, avec ce que cela dit de son v\u00e9cu&nbsp;: \u00ab&nbsp;[\u2026] et m\u00eame aujourd\u2019hui quand j\u2019\u00e9cris ces lignes je m\u2019arr\u00eate, je voudrais les effacer, je refuse de ne pas \u00eatre indemne [\u2026].&nbsp;\u00bb Et surtout, l\u2019\u00e9crivaine d\u00e9masque les limites de la langue, des mots et de l\u2019\u00e9criture d\u2019une r\u00e9alit\u00e9 qui ne devrait pas exister&nbsp;:<\/p>\n\n\n\n<blockquote class=\"wp-block-quote is-layout-flow wp-block-quote-is-layout-flow\">\n<p>\u00ab&nbsp;Peut-\u00eatre qu\u2019apr\u00e8s tout je voudrais \u00e9crire ce qui va suivre en trouvant un autre moyen que l\u2019\u00e9criture, en l\u2019\u00e9claboussant sur cette page, en le balan\u00e7ant ici tel quel d\u2019un coup d\u2019un seul, et il \u00e9claterait comme un fruit trop m\u00fbr une grenade et il d\u00e9goulinerait sur tout le livre et sur toutes les mains qui le tiennent et son encre sa couleur sa tache son odeur seraient ind\u00e9l\u00e9biles, inoubliables.&nbsp;\u00bb<\/p>\n<\/blockquote>\n\n\n\n<p><strong>La violence en nombres<\/strong><\/p>\n\n\n\n<p>Pour l\u2019autrice, ce livre a \u00e9t\u00e9 comme une qu\u00eate<a href=\"#sdfootnote1sym\" id=\"sdfootnote1anc\"><sup>1<\/sup><\/a>. De compr\u00e9hension, certainement, d\u2019une forme d\u2019apaisement, et surtout de r\u00e9habilitation pour Chahinez et Emma, au-del\u00e0 de leur statut de victimes, fig\u00e9 dans le temps, les articles de presse et la m\u00e9moire collective. Cette qu\u00eate passe par des ponts constants entre les histoires, et par une obsession pour le chiffre trois. Trois femmes, trois hommes, trois histoires de violence. Mais aussi trois possibilit\u00e9s de r\u00e9\u00e9crire les faits&nbsp;: tels qu\u2019on pensait les comprendre, tels qu\u2019ils ont r\u00e9ellement eu lieu, tels qu\u2019ils auraient pu advenir si le monde avait \u00e9t\u00e9 plus doux. Cette d\u00e9composition en trois temps ponctue l\u2019ouvrage \u00e0 plusieurs reprises et vient incarner un \u00e9quilibre auquel se raccrocher, une respiration dans un r\u00e9cit lu presque en apn\u00e9e.<\/p>\n\n\n\n<p>Au milieu d\u2019une rentr\u00e9e litt\u00e9raire foisonnante, <em>La Nuit au c\u0153ur<\/em> est incontestablement l\u2019un des titres les plus marquants. Pas un mot n\u2019est de trop, jamais l\u2019autrice ne nous prend par la main, trop occup\u00e9e qu\u2019elle est \u00e0 accompagner Emma et Chahinez hors de leur solitude. C\u2019est \u00e0 nous, lecteurices, de faire face, seul\u00b7es face aux mots de la page, \u00e0 la noirceur de ce monde et aux voix puissantes et vibrantes qui s\u2019\u00e9l\u00e8vent pour y ramener un peu de lumi\u00e8re.<\/p>\n\n\n\n<p><a href=\"#sdfootnote1anc\" id=\"sdfootnote1sym\">1<\/a> Source&nbsp;: https:\/\/www.youtube.com\/watch?v=tllMODtqqDw&amp;ab_channel=LaGrandeLibrairie-FranceT%C3%A9l%C3%A9visions<\/p>\n","protected":false},"excerpt":{"rendered":"<p>\u00ab&nbsp;Les monstres, \u00e7a n\u2019existe pas. C\u2019est notre soci\u00e9t\u00e9. C\u2019est nous, nos amis, nos p\u00e8res. C\u2019est \u00e7a qu\u2019on doit regarder.&nbsp;\u00bb En novembre 2019, sur le plateau de Mediapart, Ad\u00e8le Haenel mettait des mots sur une v\u00e9rit\u00e9 qui, encore aujourd\u2019hui, d\u00e9range. Les harceleurs, les abuseurs, les violeurs ne sont pas des \u00eatres hors du commun dans leur [&hellip;]<\/p>\n","protected":false},"author":31,"featured_media":6558,"comment_status":"closed","ping_status":"open","sticky":false,"template":"","format":"standard","meta":{"footnotes":""},"categories":[1],"tags":[],"class_list":["post-6557","post","type-post","status-publish","format-standard","has-post-thumbnail","hentry","category-non-classe","has-thumbnail"],"yoast_head":"<!-- This site is optimized with the Yoast SEO plugin v23.5 - https:\/\/yoast.com\/wordpress\/plugins\/seo\/ -->\n<title>Rendre la chair aux mots : La Nuit au c\u0153ur de Nathacha Appanah - Missives<\/title>\n<meta name=\"robots\" content=\"index, follow, max-snippet:-1, max-image-preview:large, max-video-preview:-1\" \/>\n<link rel=\"canonical\" href=\"https:\/\/www.lesmissives.fr\/index.php\/2025\/09\/14\/rendre-la-chair-aux-mots-la-nuit-au-coeur-de-nathacha-appanah\/\" \/>\n<meta property=\"og:locale\" content=\"fr_FR\" \/>\n<meta property=\"og:type\" content=\"article\" \/>\n<meta property=\"og:title\" content=\"Rendre la chair aux mots : La Nuit au c\u0153ur de Nathacha Appanah - Missives\" \/>\n<meta property=\"og:description\" content=\"\u00ab&nbsp;Les monstres, \u00e7a n\u2019existe pas. C\u2019est notre soci\u00e9t\u00e9. C\u2019est nous, nos amis, nos p\u00e8res. C\u2019est \u00e7a qu\u2019on doit regarder.&nbsp;\u00bb En novembre 2019, sur le plateau de Mediapart, Ad\u00e8le Haenel mettait des mots sur une v\u00e9rit\u00e9 qui, encore aujourd\u2019hui, d\u00e9range. Les harceleurs, les abuseurs, les violeurs ne sont pas des \u00eatres hors du commun dans leur [&hellip;]\" \/>\n<meta property=\"og:url\" content=\"https:\/\/www.lesmissives.fr\/index.php\/2025\/09\/14\/rendre-la-chair-aux-mots-la-nuit-au-coeur-de-nathacha-appanah\/\" \/>\n<meta property=\"og:site_name\" content=\"Missives\" \/>\n<meta property=\"article:publisher\" content=\"https:\/\/www.facebook.com\/LesMissives\/\" \/>\n<meta property=\"article:published_time\" content=\"2025-09-14T09:52:04+00:00\" \/>\n<meta property=\"article:modified_time\" content=\"2025-09-14T09:53:06+00:00\" \/>\n<meta property=\"og:image\" content=\"https:\/\/www.lesmissives.fr\/wp-content\/uploads\/2025\/09\/bandeau-appaanah.jpg\" \/>\n\t<meta property=\"og:image:width\" content=\"697\" \/>\n\t<meta property=\"og:image:height\" content=\"420\" \/>\n\t<meta property=\"og:image:type\" content=\"image\/jpeg\" \/>\n<meta name=\"author\" content=\"Manon Rolland\" \/>\n<meta name=\"twitter:card\" content=\"summary_large_image\" \/>\n<meta name=\"twitter:label1\" content=\"\u00c9crit par\" \/>\n\t<meta name=\"twitter:data1\" content=\"Manon Rolland\" \/>\n\t<meta name=\"twitter:label2\" content=\"Dur\u00e9e de lecture estim\u00e9e\" \/>\n\t<meta name=\"twitter:data2\" content=\"5 minutes\" \/>\n<script type=\"application\/ld+json\" class=\"yoast-schema-graph\">{\"@context\":\"https:\/\/schema.org\",\"@graph\":[{\"@type\":\"Article\",\"@id\":\"https:\/\/www.lesmissives.fr\/index.php\/2025\/09\/14\/rendre-la-chair-aux-mots-la-nuit-au-coeur-de-nathacha-appanah\/#article\",\"isPartOf\":{\"@id\":\"https:\/\/www.lesmissives.fr\/index.php\/2025\/09\/14\/rendre-la-chair-aux-mots-la-nuit-au-coeur-de-nathacha-appanah\/\"},\"author\":{\"name\":\"Manon Rolland\",\"@id\":\"https:\/\/www.lesmissives.fr\/#\/schema\/person\/92c15cb840f1dc535fff5b350203923b\"},\"headline\":\"Rendre la chair aux mots : La Nuit au c\u0153ur de Nathacha Appanah\",\"datePublished\":\"2025-09-14T09:52:04+00:00\",\"dateModified\":\"2025-09-14T09:53:06+00:00\",\"mainEntityOfPage\":{\"@id\":\"https:\/\/www.lesmissives.fr\/index.php\/2025\/09\/14\/rendre-la-chair-aux-mots-la-nuit-au-coeur-de-nathacha-appanah\/\"},\"wordCount\":1200,\"publisher\":{\"@id\":\"https:\/\/www.lesmissives.fr\/#organization\"},\"image\":{\"@id\":\"https:\/\/www.lesmissives.fr\/index.php\/2025\/09\/14\/rendre-la-chair-aux-mots-la-nuit-au-coeur-de-nathacha-appanah\/#primaryimage\"},\"thumbnailUrl\":\"http:\/\/www.lesmissives.fr\/wp-content\/uploads\/2025\/09\/La-nuit-au-coeur-e1748785555392.jpg\",\"articleSection\":[\"Livre pratique\"],\"inLanguage\":\"fr-FR\"},{\"@type\":\"WebPage\",\"@id\":\"https:\/\/www.lesmissives.fr\/index.php\/2025\/09\/14\/rendre-la-chair-aux-mots-la-nuit-au-coeur-de-nathacha-appanah\/\",\"url\":\"https:\/\/www.lesmissives.fr\/index.php\/2025\/09\/14\/rendre-la-chair-aux-mots-la-nuit-au-coeur-de-nathacha-appanah\/\",\"name\":\"Rendre la chair aux mots : La Nuit au c\u0153ur de Nathacha Appanah - Missives\",\"isPartOf\":{\"@id\":\"https:\/\/www.lesmissives.fr\/#website\"},\"primaryImageOfPage\":{\"@id\":\"https:\/\/www.lesmissives.fr\/index.php\/2025\/09\/14\/rendre-la-chair-aux-mots-la-nuit-au-coeur-de-nathacha-appanah\/#primaryimage\"},\"image\":{\"@id\":\"https:\/\/www.lesmissives.fr\/index.php\/2025\/09\/14\/rendre-la-chair-aux-mots-la-nuit-au-coeur-de-nathacha-appanah\/#primaryimage\"},\"thumbnailUrl\":\"http:\/\/www.lesmissives.fr\/wp-content\/uploads\/2025\/09\/La-nuit-au-coeur-e1748785555392.jpg\",\"datePublished\":\"2025-09-14T09:52:04+00:00\",\"dateModified\":\"2025-09-14T09:53:06+00:00\",\"breadcrumb\":{\"@id\":\"https:\/\/www.lesmissives.fr\/index.php\/2025\/09\/14\/rendre-la-chair-aux-mots-la-nuit-au-coeur-de-nathacha-appanah\/#breadcrumb\"},\"inLanguage\":\"fr-FR\",\"potentialAction\":[{\"@type\":\"ReadAction\",\"target\":[\"https:\/\/www.lesmissives.fr\/index.php\/2025\/09\/14\/rendre-la-chair-aux-mots-la-nuit-au-coeur-de-nathacha-appanah\/\"]}]},{\"@type\":\"ImageObject\",\"inLanguage\":\"fr-FR\",\"@id\":\"https:\/\/www.lesmissives.fr\/index.php\/2025\/09\/14\/rendre-la-chair-aux-mots-la-nuit-au-coeur-de-nathacha-appanah\/#primaryimage\",\"url\":\"http:\/\/www.lesmissives.fr\/wp-content\/uploads\/2025\/09\/La-nuit-au-coeur-e1748785555392.jpg\",\"contentUrl\":\"http:\/\/www.lesmissives.fr\/wp-content\/uploads\/2025\/09\/La-nuit-au-coeur-e1748785555392.jpg\",\"width\":400,\"height\":585},{\"@type\":\"BreadcrumbList\",\"@id\":\"https:\/\/www.lesmissives.fr\/index.php\/2025\/09\/14\/rendre-la-chair-aux-mots-la-nuit-au-coeur-de-nathacha-appanah\/#breadcrumb\",\"itemListElement\":[{\"@type\":\"ListItem\",\"position\":1,\"name\":\"Accueil\",\"item\":\"https:\/\/www.lesmissives.fr\/\"},{\"@type\":\"ListItem\",\"position\":2,\"name\":\"Rendre la chair aux mots : La Nuit au c\u0153ur de Nathacha Appanah\"}]},{\"@type\":\"WebSite\",\"@id\":\"https:\/\/www.lesmissives.fr\/#website\",\"url\":\"https:\/\/www.lesmissives.fr\/\",\"name\":\"Missives\",\"description\":\"Des livres os\u00e9s et f\u00e9ministes, au sens large\",\"publisher\":{\"@id\":\"https:\/\/www.lesmissives.fr\/#organization\"},\"potentialAction\":[{\"@type\":\"SearchAction\",\"target\":{\"@type\":\"EntryPoint\",\"urlTemplate\":\"https:\/\/www.lesmissives.fr\/?s={search_term_string}\"},\"query-input\":{\"@type\":\"PropertyValueSpecification\",\"valueRequired\":true,\"valueName\":\"search_term_string\"}}],\"inLanguage\":\"fr-FR\"},{\"@type\":\"Organization\",\"@id\":\"https:\/\/www.lesmissives.fr\/#organization\",\"name\":\"les missives\",\"url\":\"https:\/\/www.lesmissives.fr\/\",\"logo\":{\"@type\":\"ImageObject\",\"inLanguage\":\"fr-FR\",\"@id\":\"https:\/\/www.lesmissives.fr\/#\/schema\/logo\/image\/\",\"url\":\"http:\/\/www.lesmissives.fr\/wp-content\/uploads\/2025\/09\/cropped-LOGO-MISSIVES-ROUGE-COMPLET2-scaled-1.jpg\",\"contentUrl\":\"http:\/\/www.lesmissives.fr\/wp-content\/uploads\/2025\/09\/cropped-LOGO-MISSIVES-ROUGE-COMPLET2-scaled-1.jpg\",\"width\":1130,\"height\":800,\"caption\":\"les missives\"},\"image\":{\"@id\":\"https:\/\/www.lesmissives.fr\/#\/schema\/logo\/image\/\"},\"sameAs\":[\"https:\/\/www.facebook.com\/LesMissives\/\"]},{\"@type\":\"Person\",\"@id\":\"https:\/\/www.lesmissives.fr\/#\/schema\/person\/92c15cb840f1dc535fff5b350203923b\",\"name\":\"Manon Rolland\",\"image\":{\"@type\":\"ImageObject\",\"inLanguage\":\"fr-FR\",\"@id\":\"https:\/\/www.lesmissives.fr\/#\/schema\/person\/image\/\",\"url\":\"http:\/\/2.gravatar.com\/avatar\/b3f901197cd392a26947bc491370e776?s=96&d=mm&r=g\",\"contentUrl\":\"http:\/\/2.gravatar.com\/avatar\/b3f901197cd392a26947bc491370e776?s=96&d=mm&r=g\",\"caption\":\"Manon Rolland\"},\"description\":\"Visc\u00e9ralement litt\u00e9raire, \u00e9ditrice de formation, libraire de profession, Manon passe une grande partie de son temps entour\u00e9e de livres. Mona Chollet a chang\u00e9 sa vie, m\u00eame si elle ne le sait pas. \u00c0 ses c\u00f4t\u00e9s, Virginie Despentes, Simone de Beauvoir, Manon Garcia et tant d'autres forment le bouclier qui l'aide, pas \u00e0 pas, \u00e0 faire reculer le patriarcat.\",\"url\":\"http:\/\/www.lesmissives.fr\/index.php\/author\/manonrolland\/\"}]}<\/script>\n<!-- \/ Yoast SEO plugin. -->","yoast_head_json":{"title":"Rendre la chair aux mots : La Nuit au c\u0153ur de Nathacha Appanah - Missives","robots":{"index":"index","follow":"follow","max-snippet":"max-snippet:-1","max-image-preview":"max-image-preview:large","max-video-preview":"max-video-preview:-1"},"canonical":"https:\/\/www.lesmissives.fr\/index.php\/2025\/09\/14\/rendre-la-chair-aux-mots-la-nuit-au-coeur-de-nathacha-appanah\/","og_locale":"fr_FR","og_type":"article","og_title":"Rendre la chair aux mots : La Nuit au c\u0153ur de Nathacha Appanah - Missives","og_description":"\u00ab&nbsp;Les monstres, \u00e7a n\u2019existe pas. C\u2019est notre soci\u00e9t\u00e9. C\u2019est nous, nos amis, nos p\u00e8res. C\u2019est \u00e7a qu\u2019on doit regarder.&nbsp;\u00bb En novembre 2019, sur le plateau de Mediapart, Ad\u00e8le Haenel mettait des mots sur une v\u00e9rit\u00e9 qui, encore aujourd\u2019hui, d\u00e9range. Les harceleurs, les abuseurs, les violeurs ne sont pas des \u00eatres hors du commun dans leur [&hellip;]","og_url":"https:\/\/www.lesmissives.fr\/index.php\/2025\/09\/14\/rendre-la-chair-aux-mots-la-nuit-au-coeur-de-nathacha-appanah\/","og_site_name":"Missives","article_publisher":"https:\/\/www.facebook.com\/LesMissives\/","article_published_time":"2025-09-14T09:52:04+00:00","article_modified_time":"2025-09-14T09:53:06+00:00","og_image":[{"width":697,"height":420,"url":"https:\/\/www.lesmissives.fr\/wp-content\/uploads\/2025\/09\/bandeau-appaanah.jpg","type":"image\/jpeg"}],"author":"Manon Rolland","twitter_card":"summary_large_image","twitter_misc":{"\u00c9crit par":"Manon Rolland","Dur\u00e9e de lecture estim\u00e9e":"5 minutes"},"schema":{"@context":"https:\/\/schema.org","@graph":[{"@type":"Article","@id":"https:\/\/www.lesmissives.fr\/index.php\/2025\/09\/14\/rendre-la-chair-aux-mots-la-nuit-au-coeur-de-nathacha-appanah\/#article","isPartOf":{"@id":"https:\/\/www.lesmissives.fr\/index.php\/2025\/09\/14\/rendre-la-chair-aux-mots-la-nuit-au-coeur-de-nathacha-appanah\/"},"author":{"name":"Manon Rolland","@id":"https:\/\/www.lesmissives.fr\/#\/schema\/person\/92c15cb840f1dc535fff5b350203923b"},"headline":"Rendre la chair aux mots : La Nuit au c\u0153ur de Nathacha Appanah","datePublished":"2025-09-14T09:52:04+00:00","dateModified":"2025-09-14T09:53:06+00:00","mainEntityOfPage":{"@id":"https:\/\/www.lesmissives.fr\/index.php\/2025\/09\/14\/rendre-la-chair-aux-mots-la-nuit-au-coeur-de-nathacha-appanah\/"},"wordCount":1200,"publisher":{"@id":"https:\/\/www.lesmissives.fr\/#organization"},"image":{"@id":"https:\/\/www.lesmissives.fr\/index.php\/2025\/09\/14\/rendre-la-chair-aux-mots-la-nuit-au-coeur-de-nathacha-appanah\/#primaryimage"},"thumbnailUrl":"http:\/\/www.lesmissives.fr\/wp-content\/uploads\/2025\/09\/La-nuit-au-coeur-e1748785555392.jpg","articleSection":["Livre pratique"],"inLanguage":"fr-FR"},{"@type":"WebPage","@id":"https:\/\/www.lesmissives.fr\/index.php\/2025\/09\/14\/rendre-la-chair-aux-mots-la-nuit-au-coeur-de-nathacha-appanah\/","url":"https:\/\/www.lesmissives.fr\/index.php\/2025\/09\/14\/rendre-la-chair-aux-mots-la-nuit-au-coeur-de-nathacha-appanah\/","name":"Rendre la chair aux mots : La Nuit au c\u0153ur de Nathacha Appanah - Missives","isPartOf":{"@id":"https:\/\/www.lesmissives.fr\/#website"},"primaryImageOfPage":{"@id":"https:\/\/www.lesmissives.fr\/index.php\/2025\/09\/14\/rendre-la-chair-aux-mots-la-nuit-au-coeur-de-nathacha-appanah\/#primaryimage"},"image":{"@id":"https:\/\/www.lesmissives.fr\/index.php\/2025\/09\/14\/rendre-la-chair-aux-mots-la-nuit-au-coeur-de-nathacha-appanah\/#primaryimage"},"thumbnailUrl":"http:\/\/www.lesmissives.fr\/wp-content\/uploads\/2025\/09\/La-nuit-au-coeur-e1748785555392.jpg","datePublished":"2025-09-14T09:52:04+00:00","dateModified":"2025-09-14T09:53:06+00:00","breadcrumb":{"@id":"https:\/\/www.lesmissives.fr\/index.php\/2025\/09\/14\/rendre-la-chair-aux-mots-la-nuit-au-coeur-de-nathacha-appanah\/#breadcrumb"},"inLanguage":"fr-FR","potentialAction":[{"@type":"ReadAction","target":["https:\/\/www.lesmissives.fr\/index.php\/2025\/09\/14\/rendre-la-chair-aux-mots-la-nuit-au-coeur-de-nathacha-appanah\/"]}]},{"@type":"ImageObject","inLanguage":"fr-FR","@id":"https:\/\/www.lesmissives.fr\/index.php\/2025\/09\/14\/rendre-la-chair-aux-mots-la-nuit-au-coeur-de-nathacha-appanah\/#primaryimage","url":"http:\/\/www.lesmissives.fr\/wp-content\/uploads\/2025\/09\/La-nuit-au-coeur-e1748785555392.jpg","contentUrl":"http:\/\/www.lesmissives.fr\/wp-content\/uploads\/2025\/09\/La-nuit-au-coeur-e1748785555392.jpg","width":400,"height":585},{"@type":"BreadcrumbList","@id":"https:\/\/www.lesmissives.fr\/index.php\/2025\/09\/14\/rendre-la-chair-aux-mots-la-nuit-au-coeur-de-nathacha-appanah\/#breadcrumb","itemListElement":[{"@type":"ListItem","position":1,"name":"Accueil","item":"https:\/\/www.lesmissives.fr\/"},{"@type":"ListItem","position":2,"name":"Rendre la chair aux mots : La Nuit au c\u0153ur de Nathacha Appanah"}]},{"@type":"WebSite","@id":"https:\/\/www.lesmissives.fr\/#website","url":"https:\/\/www.lesmissives.fr\/","name":"Missives","description":"Des livres os\u00e9s et f\u00e9ministes, au sens large","publisher":{"@id":"https:\/\/www.lesmissives.fr\/#organization"},"potentialAction":[{"@type":"SearchAction","target":{"@type":"EntryPoint","urlTemplate":"https:\/\/www.lesmissives.fr\/?s={search_term_string}"},"query-input":{"@type":"PropertyValueSpecification","valueRequired":true,"valueName":"search_term_string"}}],"inLanguage":"fr-FR"},{"@type":"Organization","@id":"https:\/\/www.lesmissives.fr\/#organization","name":"les missives","url":"https:\/\/www.lesmissives.fr\/","logo":{"@type":"ImageObject","inLanguage":"fr-FR","@id":"https:\/\/www.lesmissives.fr\/#\/schema\/logo\/image\/","url":"http:\/\/www.lesmissives.fr\/wp-content\/uploads\/2025\/09\/cropped-LOGO-MISSIVES-ROUGE-COMPLET2-scaled-1.jpg","contentUrl":"http:\/\/www.lesmissives.fr\/wp-content\/uploads\/2025\/09\/cropped-LOGO-MISSIVES-ROUGE-COMPLET2-scaled-1.jpg","width":1130,"height":800,"caption":"les missives"},"image":{"@id":"https:\/\/www.lesmissives.fr\/#\/schema\/logo\/image\/"},"sameAs":["https:\/\/www.facebook.com\/LesMissives\/"]},{"@type":"Person","@id":"https:\/\/www.lesmissives.fr\/#\/schema\/person\/92c15cb840f1dc535fff5b350203923b","name":"Manon Rolland","image":{"@type":"ImageObject","inLanguage":"fr-FR","@id":"https:\/\/www.lesmissives.fr\/#\/schema\/person\/image\/","url":"http:\/\/2.gravatar.com\/avatar\/b3f901197cd392a26947bc491370e776?s=96&d=mm&r=g","contentUrl":"http:\/\/2.gravatar.com\/avatar\/b3f901197cd392a26947bc491370e776?s=96&d=mm&r=g","caption":"Manon Rolland"},"description":"Visc\u00e9ralement litt\u00e9raire, \u00e9ditrice de formation, libraire de profession, Manon passe une grande partie de son temps entour\u00e9e de livres. Mona Chollet a chang\u00e9 sa vie, m\u00eame si elle ne le sait pas. \u00c0 ses c\u00f4t\u00e9s, Virginie Despentes, Simone de Beauvoir, Manon Garcia et tant d'autres forment le bouclier qui l'aide, pas \u00e0 pas, \u00e0 faire reculer le patriarcat.","url":"http:\/\/www.lesmissives.fr\/index.php\/author\/manonrolland\/"}]}},"_links":{"self":[{"href":"http:\/\/www.lesmissives.fr\/index.php\/wp-json\/wp\/v2\/posts\/6557"}],"collection":[{"href":"http:\/\/www.lesmissives.fr\/index.php\/wp-json\/wp\/v2\/posts"}],"about":[{"href":"http:\/\/www.lesmissives.fr\/index.php\/wp-json\/wp\/v2\/types\/post"}],"author":[{"embeddable":true,"href":"http:\/\/www.lesmissives.fr\/index.php\/wp-json\/wp\/v2\/users\/31"}],"replies":[{"embeddable":true,"href":"http:\/\/www.lesmissives.fr\/index.php\/wp-json\/wp\/v2\/comments?post=6557"}],"version-history":[{"count":2,"href":"http:\/\/www.lesmissives.fr\/index.php\/wp-json\/wp\/v2\/posts\/6557\/revisions"}],"predecessor-version":[{"id":6562,"href":"http:\/\/www.lesmissives.fr\/index.php\/wp-json\/wp\/v2\/posts\/6557\/revisions\/6562"}],"wp:featuredmedia":[{"embeddable":true,"href":"http:\/\/www.lesmissives.fr\/index.php\/wp-json\/wp\/v2\/media\/6558"}],"wp:attachment":[{"href":"http:\/\/www.lesmissives.fr\/index.php\/wp-json\/wp\/v2\/media?parent=6557"}],"wp:term":[{"taxonomy":"category","embeddable":true,"href":"http:\/\/www.lesmissives.fr\/index.php\/wp-json\/wp\/v2\/categories?post=6557"},{"taxonomy":"post_tag","embeddable":true,"href":"http:\/\/www.lesmissives.fr\/index.php\/wp-json\/wp\/v2\/tags?post=6557"}],"curies":[{"name":"wp","href":"https:\/\/api.w.org\/{rel}","templated":true}]}}