{"id":6354,"date":"2025-04-08T13:30:05","date_gmt":"2025-04-08T11:30:05","guid":{"rendered":"https:\/\/www.lesmissives.fr\/?p=6354"},"modified":"2025-04-08T13:30:05","modified_gmt":"2025-04-08T11:30:05","slug":"soiree-missives-40-litterature-jeunesse-a-la-recherche-de-visages-pluriels","status":"publish","type":"post","link":"http:\/\/www.lesmissives.fr\/index.php\/2025\/04\/08\/soiree-missives-40-litterature-jeunesse-a-la-recherche-de-visages-pluriels\/","title":{"rendered":"Soir\u00e9e Missives #40 : Litt\u00e9rature jeunesse, \u00e0 la recherche de visages pluriels"},"content":{"rendered":"\n<p>Avec son essai paru aux \u00e9ditions On ne compte pas pour du beurre, l&rsquo;autrice Sarah Ghelam jette un pav\u00e9 dans la mare : o\u00f9 sont les personnages d&rsquo;enfants non blancs dans la litt\u00e9rature jeunesse? On sait que tous les enfants ont besoin de s&rsquo;identifier aux h\u00e9ros et h\u00e9ro\u00efnes qu&rsquo;ils ont sous la main pour \u00e9largir leurs imaginaires, pourtant, il faut bien reconna\u00eetre que les personnages des albums jeunesse sont encore loin de refl\u00e9ter la diversit\u00e9 de notre soci\u00e9t\u00e9. \u00c0 quand une litt\u00e9rature jeunesse vraiment repr\u00e9sentative de tous les enfants et de toutes leurs familles?<\/p>\n\n\n\n<p>En pr\u00e9sence d&rsquo;Elsa Kedadouche, \u00e9ditrice d&rsquo;On ne compte pas pour du beurre. Les Missives animeront un coin lecture enfants pour laisser les parents profiter de la rencontre en toute qui\u00e9tude ! <\/p>\n\n\n\n<figure class=\"wp-block-gallery has-nested-images columns-default is-cropped wp-block-gallery-1 is-layout-flex wp-block-gallery-is-layout-flex\">\n<figure class=\"wp-block-image size-large\"><img loading=\"lazy\" decoding=\"async\" width=\"566\" height=\"800\" data-id=\"6355\" src=\"https:\/\/www.lesmissives.fr\/wp-content\/uploads\/2025\/04\/Grande-affiche-litte-jeunesse-21-724x1024.jpg\" alt=\"\" class=\"wp-image-6355\" srcset=\"http:\/\/www.lesmissives.fr\/wp-content\/uploads\/2025\/04\/Grande-affiche-litte-jeunesse-21.jpg 566w, http:\/\/www.lesmissives.fr\/wp-content\/uploads\/2025\/04\/Grande-affiche-litte-jeunesse-21-212x300.jpg 212w, http:\/\/www.lesmissives.fr\/wp-content\/uploads\/2025\/04\/Grande-affiche-litte-jeunesse-21-400x566.jpg 400w, http:\/\/www.lesmissives.fr\/wp-content\/uploads\/2025\/04\/Grande-affiche-litte-jeunesse-21-800x1132.jpg 565w\" sizes=\"(max-width: 566px) 100vw, 566px\" \/><\/figure>\n<\/figure>\n","protected":false},"excerpt":{"rendered":"<p>Avec son essai paru aux \u00e9ditions On ne compte pas pour du beurre, l&rsquo;autrice Sarah Ghelam jette un pav\u00e9 dans la mare : o\u00f9 sont les personnages d&rsquo;enfants non blancs dans la litt\u00e9rature jeunesse? On sait que tous les enfants ont besoin de s&rsquo;identifier aux h\u00e9ros et h\u00e9ro\u00efnes qu&rsquo;ils ont sous la main pour \u00e9largir [&hellip;]<\/p>\n","protected":false},"author":41,"featured_media":6356,"comment_status":"closed","ping_status":"open","sticky":false,"template":"","format":"standard","meta":{"footnotes":""},"categories":[14],"tags":[],"class_list":["post-6354","post","type-post","status-publish","format-standard","has-post-thumbnail","hentry","category-evenements-2","has-thumbnail"],"yoast_head":"<!-- This site is optimized with the Yoast SEO plugin v23.5 - https:\/\/yoast.com\/wordpress\/plugins\/seo\/ -->\n<title>Soir\u00e9e Missives #40 : Litt\u00e9rature jeunesse, \u00e0 la recherche de visages pluriels - Missives<\/title>\n<meta name=\"robots\" content=\"index, follow, max-snippet:-1, max-image-preview:large, max-video-preview:-1\" \/>\n<link rel=\"canonical\" href=\"http:\/\/www.lesmissives.fr\/index.php\/2025\/04\/08\/soiree-missives-40-litterature-jeunesse-a-la-recherche-de-visages-pluriels\/\" \/>\n<meta property=\"og:locale\" content=\"fr_FR\" \/>\n<meta property=\"og:type\" content=\"article\" \/>\n<meta property=\"og:title\" content=\"Soir\u00e9e Missives #40 : Litt\u00e9rature jeunesse, \u00e0 la recherche de visages pluriels - Missives\" \/>\n<meta property=\"og:description\" content=\"Avec son essai paru aux \u00e9ditions On ne compte pas pour du beurre, l&rsquo;autrice Sarah Ghelam jette un pav\u00e9 dans la mare : o\u00f9 sont les personnages d&rsquo;enfants non blancs dans la litt\u00e9rature jeunesse? On sait que tous les enfants ont besoin de s&rsquo;identifier aux h\u00e9ros et h\u00e9ro\u00efnes qu&rsquo;ils ont sous la main pour \u00e9largir [&hellip;]\" \/>\n<meta property=\"og:url\" content=\"http:\/\/www.lesmissives.fr\/index.php\/2025\/04\/08\/soiree-missives-40-litterature-jeunesse-a-la-recherche-de-visages-pluriels\/\" \/>\n<meta property=\"og:site_name\" content=\"Missives\" \/>\n<meta property=\"article:publisher\" content=\"https:\/\/www.facebook.com\/LesMissives\/\" \/>\n<meta property=\"article:published_time\" content=\"2025-04-08T11:30:05+00:00\" \/>\n<meta property=\"og:image\" content=\"http:\/\/www.lesmissives.fr\/wp-content\/uploads\/2025\/04\/Grande-affiche-litte-jeunesse-21-1.jpg\" \/>\n\t<meta property=\"og:image:width\" content=\"566\" \/>\n\t<meta property=\"og:image:height\" content=\"800\" \/>\n\t<meta property=\"og:image:type\" content=\"image\/jpeg\" \/>\n<meta name=\"author\" content=\"Lucie Giovanetti\" \/>\n<meta name=\"twitter:card\" content=\"summary_large_image\" \/>\n<meta name=\"twitter:label1\" content=\"\u00c9crit par\" \/>\n\t<meta name=\"twitter:data1\" content=\"Lucie Giovanetti\" \/>\n\t<meta name=\"twitter:label2\" content=\"Dur\u00e9e de lecture estim\u00e9e\" \/>\n\t<meta name=\"twitter:data2\" content=\"2 minutes\" \/>\n<script type=\"application\/ld+json\" class=\"yoast-schema-graph\">{\"@context\":\"https:\/\/schema.org\",\"@graph\":[{\"@type\":\"Article\",\"@id\":\"http:\/\/www.lesmissives.fr\/index.php\/2025\/04\/08\/soiree-missives-40-litterature-jeunesse-a-la-recherche-de-visages-pluriels\/#article\",\"isPartOf\":{\"@id\":\"http:\/\/www.lesmissives.fr\/index.php\/2025\/04\/08\/soiree-missives-40-litterature-jeunesse-a-la-recherche-de-visages-pluriels\/\"},\"author\":{\"name\":\"Lucie Giovanetti\",\"@id\":\"http:\/\/www.lesmissives.fr\/#\/schema\/person\/afc125ef96027c9234aed8b8332e8f30\"},\"headline\":\"Soir\u00e9e Missives #40 : Litt\u00e9rature jeunesse, \u00e0 la recherche de visages pluriels\",\"datePublished\":\"2025-04-08T11:30:05+00:00\",\"dateModified\":\"2025-04-08T11:30:05+00:00\",\"mainEntityOfPage\":{\"@id\":\"http:\/\/www.lesmissives.fr\/index.php\/2025\/04\/08\/soiree-missives-40-litterature-jeunesse-a-la-recherche-de-visages-pluriels\/\"},\"wordCount\":144,\"publisher\":{\"@id\":\"http:\/\/www.lesmissives.fr\/#organization\"},\"image\":{\"@id\":\"http:\/\/www.lesmissives.fr\/index.php\/2025\/04\/08\/soiree-missives-40-litterature-jeunesse-a-la-recherche-de-visages-pluriels\/#primaryimage\"},\"thumbnailUrl\":\"http:\/\/www.lesmissives.fr\/wp-content\/uploads\/2025\/04\/Grande-affiche-litte-jeunesse-21-1.jpg\",\"articleSection\":[\"\u00c9v\u00e8nements\"],\"inLanguage\":\"fr-FR\"},{\"@type\":\"WebPage\",\"@id\":\"http:\/\/www.lesmissives.fr\/index.php\/2025\/04\/08\/soiree-missives-40-litterature-jeunesse-a-la-recherche-de-visages-pluriels\/\",\"url\":\"http:\/\/www.lesmissives.fr\/index.php\/2025\/04\/08\/soiree-missives-40-litterature-jeunesse-a-la-recherche-de-visages-pluriels\/\",\"name\":\"Soir\u00e9e Missives #40 : Litt\u00e9rature jeunesse, \u00e0 la recherche de visages pluriels - Missives\",\"isPartOf\":{\"@id\":\"http:\/\/www.lesmissives.fr\/#website\"},\"primaryImageOfPage\":{\"@id\":\"http:\/\/www.lesmissives.fr\/index.php\/2025\/04\/08\/soiree-missives-40-litterature-jeunesse-a-la-recherche-de-visages-pluriels\/#primaryimage\"},\"image\":{\"@id\":\"http:\/\/www.lesmissives.fr\/index.php\/2025\/04\/08\/soiree-missives-40-litterature-jeunesse-a-la-recherche-de-visages-pluriels\/#primaryimage\"},\"thumbnailUrl\":\"http:\/\/www.lesmissives.fr\/wp-content\/uploads\/2025\/04\/Grande-affiche-litte-jeunesse-21-1.jpg\",\"datePublished\":\"2025-04-08T11:30:05+00:00\",\"dateModified\":\"2025-04-08T11:30:05+00:00\",\"breadcrumb\":{\"@id\":\"http:\/\/www.lesmissives.fr\/index.php\/2025\/04\/08\/soiree-missives-40-litterature-jeunesse-a-la-recherche-de-visages-pluriels\/#breadcrumb\"},\"inLanguage\":\"fr-FR\",\"potentialAction\":[{\"@type\":\"ReadAction\",\"target\":[\"http:\/\/www.lesmissives.fr\/index.php\/2025\/04\/08\/soiree-missives-40-litterature-jeunesse-a-la-recherche-de-visages-pluriels\/\"]}]},{\"@type\":\"ImageObject\",\"inLanguage\":\"fr-FR\",\"@id\":\"http:\/\/www.lesmissives.fr\/index.php\/2025\/04\/08\/soiree-missives-40-litterature-jeunesse-a-la-recherche-de-visages-pluriels\/#primaryimage\",\"url\":\"http:\/\/www.lesmissives.fr\/wp-content\/uploads\/2025\/04\/Grande-affiche-litte-jeunesse-21-1.jpg\",\"contentUrl\":\"http:\/\/www.lesmissives.fr\/wp-content\/uploads\/2025\/04\/Grande-affiche-litte-jeunesse-21-1.jpg\",\"width\":566,\"height\":800},{\"@type\":\"BreadcrumbList\",\"@id\":\"http:\/\/www.lesmissives.fr\/index.php\/2025\/04\/08\/soiree-missives-40-litterature-jeunesse-a-la-recherche-de-visages-pluriels\/#breadcrumb\",\"itemListElement\":[{\"@type\":\"ListItem\",\"position\":1,\"name\":\"Accueil\",\"item\":\"http:\/\/www.lesmissives.fr\/\"},{\"@type\":\"ListItem\",\"position\":2,\"name\":\"Soir\u00e9e Missives #40 : Litt\u00e9rature jeunesse, \u00e0 la recherche de visages pluriels\"}]},{\"@type\":\"WebSite\",\"@id\":\"http:\/\/www.lesmissives.fr\/#website\",\"url\":\"http:\/\/www.lesmissives.fr\/\",\"name\":\"Missives\",\"description\":\"Des livres os\u00e9s et f\u00e9ministes, au sens large\",\"publisher\":{\"@id\":\"http:\/\/www.lesmissives.fr\/#organization\"},\"potentialAction\":[{\"@type\":\"SearchAction\",\"target\":{\"@type\":\"EntryPoint\",\"urlTemplate\":\"http:\/\/www.lesmissives.fr\/?s={search_term_string}\"},\"query-input\":{\"@type\":\"PropertyValueSpecification\",\"valueRequired\":true,\"valueName\":\"search_term_string\"}}],\"inLanguage\":\"fr-FR\"},{\"@type\":\"Organization\",\"@id\":\"http:\/\/www.lesmissives.fr\/#organization\",\"name\":\"les missives\",\"url\":\"http:\/\/www.lesmissives.fr\/\",\"logo\":{\"@type\":\"ImageObject\",\"inLanguage\":\"fr-FR\",\"@id\":\"http:\/\/www.lesmissives.fr\/#\/schema\/logo\/image\/\",\"url\":\"http:\/\/www.lesmissives.fr\/wp-content\/uploads\/2025\/09\/cropped-LOGO-MISSIVES-ROUGE-COMPLET2-scaled-1.jpg\",\"contentUrl\":\"http:\/\/www.lesmissives.fr\/wp-content\/uploads\/2025\/09\/cropped-LOGO-MISSIVES-ROUGE-COMPLET2-scaled-1.jpg\",\"width\":1130,\"height\":800,\"caption\":\"les missives\"},\"image\":{\"@id\":\"http:\/\/www.lesmissives.fr\/#\/schema\/logo\/image\/\"},\"sameAs\":[\"https:\/\/www.facebook.com\/LesMissives\/\"]},{\"@type\":\"Person\",\"@id\":\"http:\/\/www.lesmissives.fr\/#\/schema\/person\/afc125ef96027c9234aed8b8332e8f30\",\"name\":\"Lucie Giovanetti\",\"image\":{\"@type\":\"ImageObject\",\"inLanguage\":\"fr-FR\",\"@id\":\"http:\/\/www.lesmissives.fr\/#\/schema\/person\/image\/\",\"url\":\"http:\/\/1.gravatar.com\/avatar\/483cebe23137b99d0d1010e645c47b4b?s=96&d=mm&r=g\",\"contentUrl\":\"http:\/\/1.gravatar.com\/avatar\/483cebe23137b99d0d1010e645c47b4b?s=96&d=mm&r=g\",\"caption\":\"Lucie Giovanetti\"},\"description\":\"Apr\u00e8s s'\u00eatre aper\u00e7ue qu'en 116 ans d'existence le Goncourt avait \u00e9t\u00e9 attribu\u00e9 \u00e0 12 femmes et 104 hommes, elle s'est dit que certes, une chambre \u00e0 soi et un peu d'argent de c\u00f4t\u00e9 \u00e7a pouvait aider \u00e0 \u00e9crire des livres \u2013 et que les femmes manquaient souvent des deux \u2013 mais qu'il y avait quand m\u00eame, peut-\u00eatre, un petit probl\u00e8me de repr\u00e9sentation dans les m\u00e9dias. C'est ainsi qu'elle a d\u00e9cid\u00e9 de participer \u00e0 Missives, heureuse de partager son enthousiasme pour les autrices qui la font vibrer, aimer, r\u00e9fl\u00e9chir et lutter.\",\"url\":\"http:\/\/www.lesmissives.fr\/index.php\/author\/luciegiovanetti\/\"}]}<\/script>\n<!-- \/ Yoast SEO plugin. -->","yoast_head_json":{"title":"Soir\u00e9e Missives #40 : Litt\u00e9rature jeunesse, \u00e0 la recherche de visages pluriels - Missives","robots":{"index":"index","follow":"follow","max-snippet":"max-snippet:-1","max-image-preview":"max-image-preview:large","max-video-preview":"max-video-preview:-1"},"canonical":"http:\/\/www.lesmissives.fr\/index.php\/2025\/04\/08\/soiree-missives-40-litterature-jeunesse-a-la-recherche-de-visages-pluriels\/","og_locale":"fr_FR","og_type":"article","og_title":"Soir\u00e9e Missives #40 : Litt\u00e9rature jeunesse, \u00e0 la recherche de visages pluriels - Missives","og_description":"Avec son essai paru aux \u00e9ditions On ne compte pas pour du beurre, l&rsquo;autrice Sarah Ghelam jette un pav\u00e9 dans la mare : o\u00f9 sont les personnages d&rsquo;enfants non blancs dans la litt\u00e9rature jeunesse? On sait que tous les enfants ont besoin de s&rsquo;identifier aux h\u00e9ros et h\u00e9ro\u00efnes qu&rsquo;ils ont sous la main pour \u00e9largir [&hellip;]","og_url":"http:\/\/www.lesmissives.fr\/index.php\/2025\/04\/08\/soiree-missives-40-litterature-jeunesse-a-la-recherche-de-visages-pluriels\/","og_site_name":"Missives","article_publisher":"https:\/\/www.facebook.com\/LesMissives\/","article_published_time":"2025-04-08T11:30:05+00:00","og_image":[{"width":566,"height":800,"url":"http:\/\/www.lesmissives.fr\/wp-content\/uploads\/2025\/04\/Grande-affiche-litte-jeunesse-21-1.jpg","type":"image\/jpeg"}],"author":"Lucie Giovanetti","twitter_card":"summary_large_image","twitter_misc":{"\u00c9crit par":"Lucie Giovanetti","Dur\u00e9e de lecture estim\u00e9e":"2 minutes"},"schema":{"@context":"https:\/\/schema.org","@graph":[{"@type":"Article","@id":"http:\/\/www.lesmissives.fr\/index.php\/2025\/04\/08\/soiree-missives-40-litterature-jeunesse-a-la-recherche-de-visages-pluriels\/#article","isPartOf":{"@id":"http:\/\/www.lesmissives.fr\/index.php\/2025\/04\/08\/soiree-missives-40-litterature-jeunesse-a-la-recherche-de-visages-pluriels\/"},"author":{"name":"Lucie Giovanetti","@id":"http:\/\/www.lesmissives.fr\/#\/schema\/person\/afc125ef96027c9234aed8b8332e8f30"},"headline":"Soir\u00e9e Missives #40 : Litt\u00e9rature jeunesse, \u00e0 la recherche de visages pluriels","datePublished":"2025-04-08T11:30:05+00:00","dateModified":"2025-04-08T11:30:05+00:00","mainEntityOfPage":{"@id":"http:\/\/www.lesmissives.fr\/index.php\/2025\/04\/08\/soiree-missives-40-litterature-jeunesse-a-la-recherche-de-visages-pluriels\/"},"wordCount":144,"publisher":{"@id":"http:\/\/www.lesmissives.fr\/#organization"},"image":{"@id":"http:\/\/www.lesmissives.fr\/index.php\/2025\/04\/08\/soiree-missives-40-litterature-jeunesse-a-la-recherche-de-visages-pluriels\/#primaryimage"},"thumbnailUrl":"http:\/\/www.lesmissives.fr\/wp-content\/uploads\/2025\/04\/Grande-affiche-litte-jeunesse-21-1.jpg","articleSection":["\u00c9v\u00e8nements"],"inLanguage":"fr-FR"},{"@type":"WebPage","@id":"http:\/\/www.lesmissives.fr\/index.php\/2025\/04\/08\/soiree-missives-40-litterature-jeunesse-a-la-recherche-de-visages-pluriels\/","url":"http:\/\/www.lesmissives.fr\/index.php\/2025\/04\/08\/soiree-missives-40-litterature-jeunesse-a-la-recherche-de-visages-pluriels\/","name":"Soir\u00e9e Missives #40 : Litt\u00e9rature jeunesse, \u00e0 la recherche de visages pluriels - Missives","isPartOf":{"@id":"http:\/\/www.lesmissives.fr\/#website"},"primaryImageOfPage":{"@id":"http:\/\/www.lesmissives.fr\/index.php\/2025\/04\/08\/soiree-missives-40-litterature-jeunesse-a-la-recherche-de-visages-pluriels\/#primaryimage"},"image":{"@id":"http:\/\/www.lesmissives.fr\/index.php\/2025\/04\/08\/soiree-missives-40-litterature-jeunesse-a-la-recherche-de-visages-pluriels\/#primaryimage"},"thumbnailUrl":"http:\/\/www.lesmissives.fr\/wp-content\/uploads\/2025\/04\/Grande-affiche-litte-jeunesse-21-1.jpg","datePublished":"2025-04-08T11:30:05+00:00","dateModified":"2025-04-08T11:30:05+00:00","breadcrumb":{"@id":"http:\/\/www.lesmissives.fr\/index.php\/2025\/04\/08\/soiree-missives-40-litterature-jeunesse-a-la-recherche-de-visages-pluriels\/#breadcrumb"},"inLanguage":"fr-FR","potentialAction":[{"@type":"ReadAction","target":["http:\/\/www.lesmissives.fr\/index.php\/2025\/04\/08\/soiree-missives-40-litterature-jeunesse-a-la-recherche-de-visages-pluriels\/"]}]},{"@type":"ImageObject","inLanguage":"fr-FR","@id":"http:\/\/www.lesmissives.fr\/index.php\/2025\/04\/08\/soiree-missives-40-litterature-jeunesse-a-la-recherche-de-visages-pluriels\/#primaryimage","url":"http:\/\/www.lesmissives.fr\/wp-content\/uploads\/2025\/04\/Grande-affiche-litte-jeunesse-21-1.jpg","contentUrl":"http:\/\/www.lesmissives.fr\/wp-content\/uploads\/2025\/04\/Grande-affiche-litte-jeunesse-21-1.jpg","width":566,"height":800},{"@type":"BreadcrumbList","@id":"http:\/\/www.lesmissives.fr\/index.php\/2025\/04\/08\/soiree-missives-40-litterature-jeunesse-a-la-recherche-de-visages-pluriels\/#breadcrumb","itemListElement":[{"@type":"ListItem","position":1,"name":"Accueil","item":"http:\/\/www.lesmissives.fr\/"},{"@type":"ListItem","position":2,"name":"Soir\u00e9e Missives #40 : Litt\u00e9rature jeunesse, \u00e0 la recherche de visages pluriels"}]},{"@type":"WebSite","@id":"http:\/\/www.lesmissives.fr\/#website","url":"http:\/\/www.lesmissives.fr\/","name":"Missives","description":"Des livres os\u00e9s et f\u00e9ministes, au sens large","publisher":{"@id":"http:\/\/www.lesmissives.fr\/#organization"},"potentialAction":[{"@type":"SearchAction","target":{"@type":"EntryPoint","urlTemplate":"http:\/\/www.lesmissives.fr\/?s={search_term_string}"},"query-input":{"@type":"PropertyValueSpecification","valueRequired":true,"valueName":"search_term_string"}}],"inLanguage":"fr-FR"},{"@type":"Organization","@id":"http:\/\/www.lesmissives.fr\/#organization","name":"les missives","url":"http:\/\/www.lesmissives.fr\/","logo":{"@type":"ImageObject","inLanguage":"fr-FR","@id":"http:\/\/www.lesmissives.fr\/#\/schema\/logo\/image\/","url":"http:\/\/www.lesmissives.fr\/wp-content\/uploads\/2025\/09\/cropped-LOGO-MISSIVES-ROUGE-COMPLET2-scaled-1.jpg","contentUrl":"http:\/\/www.lesmissives.fr\/wp-content\/uploads\/2025\/09\/cropped-LOGO-MISSIVES-ROUGE-COMPLET2-scaled-1.jpg","width":1130,"height":800,"caption":"les missives"},"image":{"@id":"http:\/\/www.lesmissives.fr\/#\/schema\/logo\/image\/"},"sameAs":["https:\/\/www.facebook.com\/LesMissives\/"]},{"@type":"Person","@id":"http:\/\/www.lesmissives.fr\/#\/schema\/person\/afc125ef96027c9234aed8b8332e8f30","name":"Lucie Giovanetti","image":{"@type":"ImageObject","inLanguage":"fr-FR","@id":"http:\/\/www.lesmissives.fr\/#\/schema\/person\/image\/","url":"http:\/\/1.gravatar.com\/avatar\/483cebe23137b99d0d1010e645c47b4b?s=96&d=mm&r=g","contentUrl":"http:\/\/1.gravatar.com\/avatar\/483cebe23137b99d0d1010e645c47b4b?s=96&d=mm&r=g","caption":"Lucie Giovanetti"},"description":"Apr\u00e8s s'\u00eatre aper\u00e7ue qu'en 116 ans d'existence le Goncourt avait \u00e9t\u00e9 attribu\u00e9 \u00e0 12 femmes et 104 hommes, elle s'est dit que certes, une chambre \u00e0 soi et un peu d'argent de c\u00f4t\u00e9 \u00e7a pouvait aider \u00e0 \u00e9crire des livres \u2013 et que les femmes manquaient souvent des deux \u2013 mais qu'il y avait quand m\u00eame, peut-\u00eatre, un petit probl\u00e8me de repr\u00e9sentation dans les m\u00e9dias. C'est ainsi qu'elle a d\u00e9cid\u00e9 de participer \u00e0 Missives, heureuse de partager son enthousiasme pour les autrices qui la font vibrer, aimer, r\u00e9fl\u00e9chir et lutter.","url":"http:\/\/www.lesmissives.fr\/index.php\/author\/luciegiovanetti\/"}]}},"_links":{"self":[{"href":"http:\/\/www.lesmissives.fr\/index.php\/wp-json\/wp\/v2\/posts\/6354"}],"collection":[{"href":"http:\/\/www.lesmissives.fr\/index.php\/wp-json\/wp\/v2\/posts"}],"about":[{"href":"http:\/\/www.lesmissives.fr\/index.php\/wp-json\/wp\/v2\/types\/post"}],"author":[{"embeddable":true,"href":"http:\/\/www.lesmissives.fr\/index.php\/wp-json\/wp\/v2\/users\/41"}],"replies":[{"embeddable":true,"href":"http:\/\/www.lesmissives.fr\/index.php\/wp-json\/wp\/v2\/comments?post=6354"}],"version-history":[{"count":1,"href":"http:\/\/www.lesmissives.fr\/index.php\/wp-json\/wp\/v2\/posts\/6354\/revisions"}],"predecessor-version":[{"id":6357,"href":"http:\/\/www.lesmissives.fr\/index.php\/wp-json\/wp\/v2\/posts\/6354\/revisions\/6357"}],"wp:featuredmedia":[{"embeddable":true,"href":"http:\/\/www.lesmissives.fr\/index.php\/wp-json\/wp\/v2\/media\/6356"}],"wp:attachment":[{"href":"http:\/\/www.lesmissives.fr\/index.php\/wp-json\/wp\/v2\/media?parent=6354"}],"wp:term":[{"taxonomy":"category","embeddable":true,"href":"http:\/\/www.lesmissives.fr\/index.php\/wp-json\/wp\/v2\/categories?post=6354"},{"taxonomy":"post_tag","embeddable":true,"href":"http:\/\/www.lesmissives.fr\/index.php\/wp-json\/wp\/v2\/tags?post=6354"}],"curies":[{"name":"wp","href":"https:\/\/api.w.org\/{rel}","templated":true}]}}