{"id":6310,"date":"2025-03-22T21:39:37","date_gmt":"2025-03-22T20:39:37","guid":{"rendered":"https:\/\/www.lesmissives.fr\/?p=6310"},"modified":"2025-03-22T21:49:14","modified_gmt":"2025-03-22T20:49:14","slug":"racines-de-lou-lubie-plus-quune-histoire-de-cheveux","status":"publish","type":"post","link":"http:\/\/www.lesmissives.fr\/index.php\/2025\/03\/22\/racines-de-lou-lubie-plus-quune-histoire-de-cheveux\/","title":{"rendered":"Racines de Lou Lubie : plus qu&rsquo;une histoire de cheveux"},"content":{"rendered":"\n<p><\/p>\n\n\n\n<p>Lou Lubie&nbsp;est une&nbsp;illustratrice,&nbsp;b\u00e9d\u00e9iste, et&nbsp;d\u00e9veloppeuse&nbsp;fran\u00e7aise&nbsp;n\u00e9e en 1990. Elle a fond\u00e9 en 2008 le <a href=\"https:\/\/www.forum-dessine.fr\/\">Forum Dessin\u00e9<\/a>, un site web communautaire largement compos\u00e9 de francophones destin\u00e9 \u00e0 la cr\u00e9ation de BD num\u00e9rique collective. Apr\u00e8s un premier roman en deux volumes,&nbsp;<em>Hallucinog\u00e8ne<\/em>, publi\u00e9 \u00e0 l&rsquo;\u00e2ge de 18 ans, Lou Lubie se tourne vers la bande dessin\u00e9e. De 2009 \u00e0 2011, elle publie cinq livres \u00e0&nbsp;la R\u00e9union, dont elle est originaire. En 2016, elle r\u00e9v\u00e8le \u00eatre atteinte de&nbsp;cyclothymie dans une bande dessin\u00e9e de vulgarisation scientifique,&nbsp;<em>Goupil ou face<\/em>&nbsp;(aux \u00e9ditions Vraoum puis Delcourt). D&rsquo;abord \u00e9dit\u00e9 en France, le livre est ensuite traduit dans plusieurs langues. Dans le sillage de cette \u0153uvre, elle participe \u00e0 un web-documentaire d&rsquo;information et de sensibilisation,&nbsp;<em>Epsykoi<\/em>, organis\u00e9 par l&rsquo;association Solidarit\u00e9 R\u00e9habilitation sur les affections psychologiques. S&rsquo;associant avec&nbsp;Manon Desveaux, Lou Lubie cr\u00e9e&nbsp;<em>La Fille dans l&rsquo;\u00e9cran<\/em> en 2019 aux \u00e9ditions Marabout, \u00e9crit et dessin\u00e9 \u00e0 quatre mains. Le r\u00e9cit porte sur la survenue fortuite et le d\u00e9veloppement d&rsquo;une relation amoureuse \u00e0 distance entre deux femmes. Lui fait suite d\u00e9but 2021&nbsp;<em>L&rsquo;Homme de la situation<\/em>. Puis, fin 2021,&nbsp;<em>Et \u00e0 la fin ils meurent<\/em>&nbsp;(aux \u00e9ditions Delcourt). En 2024 est publi\u00e9e sa BD&nbsp;<em>Racines<\/em>, toujours aux \u00e9ditions Delcourt.<\/p>\n\n\n\n<figure class=\"wp-block-image size-full\"><img loading=\"lazy\" decoding=\"async\" width=\"622\" height=\"424\" src=\"https:\/\/www.lesmissives.fr\/wp-content\/uploads\/2025\/03\/lou-lubie-1.jpg\" alt=\"\" class=\"wp-image-6313\" srcset=\"http:\/\/www.lesmissives.fr\/wp-content\/uploads\/2025\/03\/lou-lubie-1.jpg 622w, http:\/\/www.lesmissives.fr\/wp-content\/uploads\/2025\/03\/lou-lubie-1-300x205.jpg 300w, http:\/\/www.lesmissives.fr\/wp-content\/uploads\/2025\/03\/lou-lubie-1-400x273.jpg 400w\" sizes=\"(max-width: 622px) 100vw, 622px\" \/><figcaption class=\"wp-element-caption\">Cr\u00e9dits photo Chlo\u00e9 Vollmer<\/figcaption><\/figure>\n\n\n\n<p><em>Racines<\/em> nous am\u00e8ne \u00e0 la d\u00e9couverte de Rose, une R\u00e9unionnaise dont on suit le parcours de vie de la petite enfance jusqu\u2019au seuil de la trentaine. Ce parcours est envisag\u00e9 sous l\u2019angle de sa relation \u00e0 ses cheveux et l\u2019autrice nous livre un panorama des diverses \u00e9tapes de la construction de la f\u00e9minit\u00e9 de Rose, des recherches et des exp\u00e9rimentations de solutions capillaires pour en arriver \u00e0 une r\u00e9elle acceptation de soi.<\/p>\n\n\n\n<p><strong>Des cheveux fris\u00e9s \/ cr\u00e9pus\u2026 et des coiffures<\/strong><\/p>\n\n\n\n<p>Du d\u00e9but \u00e0 la fin de la BD, Rose exp\u00e9rimente diverses coiffures, et le nombre de coiffeuses diff\u00e9rentes qui apparaissent et qui la coiffent, en comptant sa m\u00e8re, est de 7&nbsp;! L\u2019avantage du format que repr\u00e9sente la BD c\u2019est que le visuel nous permet de voir les diff\u00e9rents styles et les \u00e9tapes du coiffage&nbsp;: les tresses coll\u00e9es, les rajouts, le d\u00e9frisage, les cheveux au naturel, la coupe \u00e0 la gar\u00e7onne, etc. Pour arriver \u00e0 ce qui lui convient, Rose fait vivre des aventures tr\u00e8s vari\u00e9es \u00e0 ses cheveux.<\/p>\n\n\n\n<figure class=\"wp-block-image size-large\"><img loading=\"lazy\" decoding=\"async\" width=\"566\" height=\"800\" src=\"https:\/\/www.lesmissives.fr\/wp-content\/uploads\/2025\/03\/06-725x1024.jpg\" alt=\"\" class=\"wp-image-6314\" srcset=\"http:\/\/www.lesmissives.fr\/wp-content\/uploads\/2025\/03\/06.jpg 566w, http:\/\/www.lesmissives.fr\/wp-content\/uploads\/2025\/03\/06-212x300.jpg 212w, http:\/\/www.lesmissives.fr\/wp-content\/uploads\/2025\/03\/06-400x565.jpg 400w\" sizes=\"(max-width: 566px) 100vw, 566px\" \/><\/figure>\n\n\n\n<p>\u00c0 chaque fois, elle expose les avantages et les inconv\u00e9nients de chaque coiffure. Par exemple, quand elle se fait faire des box braids longues (longues tresses avec des rajouts), elle commence par exposer les \u00e9tapes de la coiffure&nbsp;: \u00ab&nbsp;Diviser en carr\u00e9s, nouer la m\u00e8che synth\u00e9tique avec de la cire, faire un n\u0153ud \u00e0 la racine et tresser&nbsp;\u00bb. Puis la page suivante, elle \u00e9num\u00e8re les inconv\u00e9nients d\u2019une telle coiffure&nbsp;: le mal de t\u00eate lors de la premi\u00e8re \u00e0 cause du serrage, parvenir \u00e0 attacher les tresses pour la douche, ne pas s\u2019asseoir dessus, \u00e9viter de les coincer partout et ne pas les tremper dans la cuvette&nbsp;\u00bb. Quelques pages plus loin, elle en souligne les avantages&nbsp;: \u00ab&nbsp;\u00c0 l\u2019int\u00e9rieur, les cheveux sont pr\u00e9serv\u00e9s des agressions, des peignes, brosses, pollution, produits\u2026&nbsp;\u00bb, \u00ab&nbsp;\u00c0 l\u2019abri des regards, mes cheveux poussaient et se soignaient&nbsp;\u00bb. Chaque aventure capillaire donne lieu \u00e0 un inventaire des impacts sur le corps mais \u00e9galement sur la perception de ses propres cheveux.<\/p>\n\n\n\n<p><strong>Cheveux = f\u00e9minit\u00e9 = attirance\u2026 vraiment?<\/strong><\/p>\n\n\n\n<p>Rose apprend tr\u00e8s t\u00f4t le pouvoir du cheveu en g\u00e9n\u00e9ral&nbsp;: celui du cheveu cr\u00e9pu et celui du cheveu lisse. Quand ils sont lisses, elle se fait complimenter&nbsp;: d\u2019abord en \u00e9tant enfant \u00ab&nbsp;Rose&nbsp;! comme tu es jolie&nbsp;!&nbsp;\u00bb&nbsp;; puis une fois adulte \u00ab&nbsp;Charmante&nbsp;!&nbsp;\u00bb lui d\u00e9clare un homme qu\u2019elle croise dans la rue. Ce qui va faire la diff\u00e9rence vient d\u2019elle \u00e0 chaque moment&nbsp;: petite, elle assimile la beaut\u00e9 au lissage tandis qu\u2019en tant que femme, elle est capable se de rendre compte que la beaut\u00e9 que la femme noire associe aux cheveux lisses est bien l\u00e0 une cons\u00e9quence de l\u2019esclavage. Quand ils sont cr\u00e9pus, ses cheveux la mettent en contact direct avec des st\u00e9r\u00e9otypes&nbsp;: ceux des enfants \u00e0 l\u2019\u00e9cole \u00ab&nbsp;Tu t\u2019es coiff\u00e9e avec un p\u00e9tard&nbsp;?&nbsp;\u00bb ainsi que ceux des hommes&nbsp;: \u00ab&nbsp;Tes cheveux, l\u00e0\u2026fris\u00e9s comme des poils pubiens, forc\u00e9ment \u00e7a m\u2019excite&nbsp;!&nbsp;\u00bb. Autrement dit, la construction personnelle de sa propre beaut\u00e9 est largement inf\u00e9od\u00e9e \u00e0 une perception soci\u00e9tale.<\/p>\n\n\n\n<p>L\u2019autrice r\u00e9serve un sort \u00e0 la construction adolescente de Rose, en particulier la p\u00e9riode de confrontation avec d\u2019autres esth\u00e9tiques f\u00e9minines. Qu\u2019elles soient palpables et symboliques&nbsp;: \u00ab&nbsp;Qu\u2019est-ce que j\u2019apprenais en jouant \u00e0 la Barbie&nbsp;? Que \u00ab&nbsp;coiffer&nbsp;\u00bb c\u2019\u00e9tait le mouvement souple de la brosse, le glissement soyeux des cheveux&nbsp;\u00bb. Qu\u2019elles soient vraies et \u00e0 la mode&nbsp;: Britney Spears, Vanessa Carlton et Avril Lavigne&nbsp;; sur chaque image le m\u00eame mot apparait dans une bulle avec une fl\u00e8che en direction de leurs cheveux&nbsp;:\u00ab&nbsp;Lisses&nbsp;\u00bb. Lou Lubie, l\u00e0, pr\u00e9sente un \u00e9cueil important \u00e0 l\u2019acceptation de soi par une adolescente, m\u00e9tiss\u00e9e, sur une \u00eele qui est une ancienne colonie, qui naturellement se compare aux stars de sa g\u00e9n\u00e9ration.<\/p>\n\n\n\n<figure class=\"wp-block-image size-full\"><img loading=\"lazy\" decoding=\"async\" width=\"567\" height=\"800\" src=\"https:\/\/www.lesmissives.fr\/wp-content\/uploads\/2025\/03\/4124_P12-redim.jpg\" alt=\"\" class=\"wp-image-6317\" srcset=\"http:\/\/www.lesmissives.fr\/wp-content\/uploads\/2025\/03\/4124_P12-redim.jpg 567w, http:\/\/www.lesmissives.fr\/wp-content\/uploads\/2025\/03\/4124_P12-redim-213x300.jpg 213w, http:\/\/www.lesmissives.fr\/wp-content\/uploads\/2025\/03\/4124_P12-redim-400x565.jpg 400w\" sizes=\"(max-width: 567px) 100vw, 567px\" \/><\/figure>\n\n\n\n<p>Mais c\u2019est la sororit\u00e9 qui va apaiser les tensions int\u00e9rieures et ext\u00e9rieures. Les deux images qui encadrent le livre en sont significatives. La premi\u00e8re repr\u00e9sente Rose, enfant, en gros plan, poussant un cri de douleur&nbsp;: c\u2019est celle qui ne connait qu\u2019un rapport difficile, haineux et plein d\u2019incompr\u00e9hensions avec ses cheveux. En effet, \u00e0 cette p\u00e9riode de sa vie, la s\u00e9ance de coiffure est une vraie torture pour elle, et elle est v\u00e9cue comme une injustice par rapport \u00e0 celles de ses fr\u00e8res. En revanche, la derni\u00e8re image repr\u00e9sente Rose, adulte, de retour sur son \u00eele natale, La R\u00e9union, face \u00e0 sa m\u00e8re qui la complimente sur la beaut\u00e9 de ses cheveux accompagn\u00e9 d\u2019un geste tendre touchant ses cheveux. Les deux ont la m\u00eame longueur de cheveux, mais pas la m\u00eame texture&nbsp;; mais ce qu\u2019on remarque surtout c\u2019est la profondeur du regard des deux femmes qui sont en paix avec leur corps respectif.<\/p>\n\n\n\n<p><strong>Une longue histoire<\/strong><\/p>\n\n\n\n<p>De fa\u00e7on \u00e9parse et r\u00e9guli\u00e8re, et non al\u00e9atoire, Lou Lubie glisse sur quelques pages une documentation pointue et \u00e0 propos. Ces informations bien souvent une remarque personnelle de Rose, une de ses difficult\u00e9s ou encore une situation v\u00e9cue par elle. Par exemple, lorsque Rose sort de chez la coiffeuse avec des tresses, l\u2019autrice fait l\u2019historique de cette coiffure. Depuis son origine \u00ab&nbsp;Les premi\u00e8res tresses datent au moins de l\u2019Egypte antique&nbsp;\u00bb&nbsp;jusqu\u2019\u00e0 son usage dans les colonies am\u00e9ricaines et carib\u00e9ennes \u00ab&nbsp;On y cache \u00e9galement des graines, du riz ou de petites p\u00e9pites d\u2019or pour survivre apr\u00e8s l\u2019\u00e9vasion&nbsp;\u00bb. Ce d\u00e9crochage apparent de l\u2019intrigue n\u2019est en fait qu\u2019une fa\u00e7on d\u2019ancrer Rose dans une histoire qui fait sens et replacer Rose dans la lign\u00e9e de femmes, et d\u2019hommes aussi, qui avaient une grande ma\u00eetrise de la coiffure et qui lui avait donn\u00e9 une v\u00e9ritable fonction sociale. C\u2019est \u00e9galement l\u2019occasion de se r\u00e9approprier ce type de coiffure et de l\u2019inscrire dans une actualit\u00e9 o\u00f9 elle trouvera sa place et un nouveau r\u00f4le. C\u2019est naturellement, qu\u2019apr\u00e8s avoir montr\u00e9 des t\u00eates tress\u00e9es de femmes malgaches, d\u2019Afrique de l\u2019est et des Comores, que Rose en conclut \u00ab&nbsp;Mes arri\u00e8res, arri\u00e8res, arri\u00e8res, arri\u00e8res, arri\u00e8res\u2026grands-m\u00e8res&nbsp;\u00bb.<\/p>\n\n\n\n<figure class=\"wp-block-image size-full\"><img loading=\"lazy\" decoding=\"async\" width=\"581\" height=\"800\" src=\"https:\/\/www.lesmissives.fr\/wp-content\/uploads\/2025\/03\/racines-6.jpg\" alt=\"\" class=\"wp-image-6315\" srcset=\"http:\/\/www.lesmissives.fr\/wp-content\/uploads\/2025\/03\/racines-6.jpg 581w, http:\/\/www.lesmissives.fr\/wp-content\/uploads\/2025\/03\/racines-6-218x300.jpg 218w, http:\/\/www.lesmissives.fr\/wp-content\/uploads\/2025\/03\/racines-6-400x551.jpg 400w\" sizes=\"(max-width: 581px) 100vw, 581px\" \/><\/figure>\n\n\n\n<p><em>Racines <\/em>propose un t\u00e9moignage sinc\u00e8re et profond des douleurs et des bouleversement provoqu\u00e9.e.s par les questions sur la texture du cheveu cr\u00e9pu\/fris\u00e9. Apr\u00e8s son arriv\u00e9e \u00e0 Paris, Rose fait un aveu&nbsp;: \u00ab&nbsp;Il me fallut un peu de temps pour identifier d\u2019o\u00f9 venait mon sentiment de d\u00e9calage&nbsp;\u00bb. Sur une double page, Rose est pr\u00e9sent\u00e9e au milieu de personnes avec des cheveux longs et lisses alors que ses cheveux sont tr\u00e8s bruns et tr\u00e8s courts. De plus, la traduction syst\u00e9matique du cr\u00e9ole r\u00e9unionnais en fran\u00e7ais montre clairement un objectif de diffusion et de distribution tr\u00e8s large de ce t\u00e9moignage qui le rend accessible \u00e0 un public vari\u00e9.<\/p>\n\n\n\n<p><strong>H\u00e9ritage capillaire, h\u00e9ritage historique<\/strong><\/p>\n\n\n\n<p>Face \u00e0 tous ces \u00e9cueils rencontr\u00e9s par Rose, il y a un invariant, un espace de protection et de ressource qui stimule et encourage l\u2019h\u00e9ro\u00efne. C\u2019est la sororit\u00e9&nbsp;! C\u2019est elle qui apaise et rassure quand la panique ou l\u2019anxi\u00e9t\u00e9 s\u2019installe \u00e0 cause des diff\u00e9rences. Apr\u00e8s avoir test\u00e9 moult coiffures et s\u2019\u00eatre trouv\u00e9e dans plusieurs situations angoissantes \u00e0 cause de ses cheveux, Rose choisit la sororit\u00e9 pour apaiser ses tensions. En effet, \u00e0 la fin de la BD elle donne \u00e0 sa meilleure amie, Sarah, une fille blonde rencontr\u00e9e \u00e0 la fac \u00e0 Paris quelques ann\u00e9es auparavant, les pouvoirs sur ses cheveux&nbsp;:&nbsp;\u00ab&nbsp;Est-ce que tu accepterais de me couper les cheveux&nbsp;?&nbsp;\u00bb. Sarah, c\u2019est celle qui l\u2019a accompagn\u00e9e, une fois adulte, dans ses d\u00e9marches et dans ses changements\u2026et c\u2019est aussi elle qui est volontairement choisie pour coiffer. C\u2019est aussi celle qui l\u2019\u00e9veille \u00e0 la dysmorphophobie<a href=\"#sdfootnote1sym\" id=\"sdfootnote1anc\"><sup>1<\/sup><\/a>. Ce qui est dit, c\u2019est surtout que face \u00e0 ce qui a \u00e9t\u00e9 longtemps source de souffrance, c\u2019est l\u2019abandon en des mains de confiance qui est valoris\u00e9.<\/p>\n\n\n\n<p>L\u2019acceptation des cheveux de Rose prend du temps et elle est accompagn\u00e9e de passionn\u00e9es et de professionnelles du cheveux cr\u00e9pu\/fris\u00e9. Elle fait de r\u00e9elles d\u00e9couvertes&nbsp;: \u00ab&nbsp;Personne ne m\u2019avait jamais dit qu\u2019on pouvait couper les cheveux \u00e0 sec&nbsp;\u00bb. Progressivement, apprenant \u00e0 conna\u00eetre son cheveu et en \u00e9coutant l\u2019exp\u00e9rience des autres, elle va apprendre \u00e0 aimer son cheveu et trouver sa propre solution. L\u2019autrice met cette r\u00e9v\u00e9lation en parall\u00e8le avec une avanc\u00e9e d\u2019actualit\u00e9&nbsp;: \u00ab&nbsp;Et c\u2019est bien le probl\u00e8me&nbsp;: en C.A.P Coiffure, cette texture de cheveux n\u2019est pas \u00e9tudi\u00e9e. Jusqu\u2019en 2023, aucune \u00e9cole reconnue par l\u2019\u00c9tat ne forme aux cheveux boucl\u00e9s, fris\u00e9s, cr\u00e9pus&nbsp;\u00bb. La r\u00e9solution personnelle arrive en m\u00eame temps qu\u2019une d\u00e9cision politique&nbsp;: quel est le lien entre elles&nbsp;? L\u2019auto-valorisation de ses propres cheveux cr\u00e9pus\/fris\u00e9s semble \u00e9pouser une avanc\u00e9e soci\u00e9tale, destin\u00e9e \u00e0 agir directement sur les \u00e9coles de coiffure en leur demandant de revoir leurs enseignements.<\/p>\n\n\n\n<p>En somme, lire <em>Racines<\/em>, c\u2019est partir \u00e0 la d\u00e9couverte de Rose, celle qui, comme bon nombre de femmes noires, paie \u00ab&nbsp;le double prix du sexisme et du racisme&nbsp;\u00bb, au sens propre comme au sens figur\u00e9, pour devenir celle qui vit en pleine conscience sa cr\u00e9olit\u00e9. C\u2019est partir aussi \u00e0 la d\u00e9couverte de l\u2019aventure des racines, capillaires comme g\u00e9n\u00e9tiques, et assister \u00e0 une vraie renaissance \u00e0 soi.<\/p>\n\n\n\n<p><a href=\"#sdfootnote1anc\" id=\"sdfootnote1sym\">1<\/a> D\u00e9finition donn\u00e9e par Lou Lubie dans la BD&nbsp;: \u00ab&nbsp;Trouble de la perception de son corps, caract\u00e9ris\u00e9 par une obsession pour un d\u00e9faut physique inexistant ou l\u00e9ger qui cause de la souffrance et affecte le comportement&nbsp;\u00bb.<\/p>\n","protected":false},"excerpt":{"rendered":"<p>Lou Lubie&nbsp;est une&nbsp;illustratrice,&nbsp;b\u00e9d\u00e9iste, et&nbsp;d\u00e9veloppeuse&nbsp;fran\u00e7aise&nbsp;n\u00e9e en 1990. Elle a fond\u00e9 en 2008 le Forum Dessin\u00e9, un site web communautaire largement compos\u00e9 de francophones destin\u00e9 \u00e0 la cr\u00e9ation de BD num\u00e9rique collective. Apr\u00e8s un premier roman en deux volumes,&nbsp;Hallucinog\u00e8ne, publi\u00e9 \u00e0 l&rsquo;\u00e2ge de 18 ans, Lou Lubie se tourne vers la bande dessin\u00e9e. De 2009 \u00e0 2011, [&hellip;]<\/p>\n","protected":false},"author":52,"featured_media":6311,"comment_status":"closed","ping_status":"open","sticky":false,"template":"","format":"standard","meta":{"footnotes":""},"categories":[1],"tags":[],"class_list":["post-6310","post","type-post","status-publish","format-standard","has-post-thumbnail","hentry","category-non-classe","has-thumbnail"],"yoast_head":"<!-- This site is optimized with the Yoast SEO plugin v23.5 - https:\/\/yoast.com\/wordpress\/plugins\/seo\/ -->\n<title>Racines de Lou Lubie : plus qu&#039;une histoire de cheveux - Missives<\/title>\n<meta name=\"robots\" content=\"index, follow, max-snippet:-1, max-image-preview:large, max-video-preview:-1\" \/>\n<link rel=\"canonical\" href=\"http:\/\/www.lesmissives.fr\/index.php\/2025\/03\/22\/racines-de-lou-lubie-plus-quune-histoire-de-cheveux\/\" \/>\n<meta property=\"og:locale\" content=\"fr_FR\" \/>\n<meta property=\"og:type\" content=\"article\" \/>\n<meta property=\"og:title\" content=\"Racines de Lou Lubie : plus qu&#039;une histoire de cheveux - Missives\" \/>\n<meta property=\"og:description\" content=\"Lou Lubie&nbsp;est une&nbsp;illustratrice,&nbsp;b\u00e9d\u00e9iste, et&nbsp;d\u00e9veloppeuse&nbsp;fran\u00e7aise&nbsp;n\u00e9e en 1990. Elle a fond\u00e9 en 2008 le Forum Dessin\u00e9, un site web communautaire largement compos\u00e9 de francophones destin\u00e9 \u00e0 la cr\u00e9ation de BD num\u00e9rique collective. Apr\u00e8s un premier roman en deux volumes,&nbsp;Hallucinog\u00e8ne, publi\u00e9 \u00e0 l&rsquo;\u00e2ge de 18 ans, Lou Lubie se tourne vers la bande dessin\u00e9e. De 2009 \u00e0 2011, [&hellip;]\" \/>\n<meta property=\"og:url\" content=\"http:\/\/www.lesmissives.fr\/index.php\/2025\/03\/22\/racines-de-lou-lubie-plus-quune-histoire-de-cheveux\/\" \/>\n<meta property=\"og:site_name\" content=\"Missives\" \/>\n<meta property=\"article:publisher\" content=\"https:\/\/www.facebook.com\/LesMissives\/\" \/>\n<meta property=\"article:published_time\" content=\"2025-03-22T20:39:37+00:00\" \/>\n<meta property=\"article:modified_time\" content=\"2025-03-22T20:49:14+00:00\" \/>\n<meta property=\"og:image\" content=\"http:\/\/www.lesmissives.fr\/wp-content\/uploads\/2025\/03\/lou-lubie.jpg\" \/>\n\t<meta property=\"og:image:width\" content=\"622\" \/>\n\t<meta property=\"og:image:height\" content=\"424\" \/>\n\t<meta property=\"og:image:type\" content=\"image\/jpeg\" \/>\n<meta name=\"author\" content=\"Magaly Jouhateau-Mauriello\" \/>\n<meta name=\"twitter:card\" content=\"summary_large_image\" \/>\n<meta name=\"twitter:label1\" content=\"\u00c9crit par\" \/>\n\t<meta name=\"twitter:data1\" content=\"Magaly Jouhateau-Mauriello\" \/>\n\t<meta name=\"twitter:label2\" content=\"Dur\u00e9e de lecture estim\u00e9e\" \/>\n\t<meta name=\"twitter:data2\" content=\"10 minutes\" \/>\n<script type=\"application\/ld+json\" class=\"yoast-schema-graph\">{\"@context\":\"https:\/\/schema.org\",\"@graph\":[{\"@type\":\"Article\",\"@id\":\"http:\/\/www.lesmissives.fr\/index.php\/2025\/03\/22\/racines-de-lou-lubie-plus-quune-histoire-de-cheveux\/#article\",\"isPartOf\":{\"@id\":\"http:\/\/www.lesmissives.fr\/index.php\/2025\/03\/22\/racines-de-lou-lubie-plus-quune-histoire-de-cheveux\/\"},\"author\":{\"name\":\"Magaly Jouhateau-Mauriello\",\"@id\":\"https:\/\/www.lesmissives.fr\/#\/schema\/person\/a7e1e237c3e17e888a84e8173b1c3d02\"},\"headline\":\"Racines de Lou Lubie : plus qu&rsquo;une histoire de cheveux\",\"datePublished\":\"2025-03-22T20:39:37+00:00\",\"dateModified\":\"2025-03-22T20:49:14+00:00\",\"mainEntityOfPage\":{\"@id\":\"http:\/\/www.lesmissives.fr\/index.php\/2025\/03\/22\/racines-de-lou-lubie-plus-quune-histoire-de-cheveux\/\"},\"wordCount\":1992,\"publisher\":{\"@id\":\"https:\/\/www.lesmissives.fr\/#organization\"},\"image\":{\"@id\":\"http:\/\/www.lesmissives.fr\/index.php\/2025\/03\/22\/racines-de-lou-lubie-plus-quune-histoire-de-cheveux\/#primaryimage\"},\"thumbnailUrl\":\"http:\/\/www.lesmissives.fr\/wp-content\/uploads\/2025\/03\/racines-5407665-264-432.webp\",\"articleSection\":[\"Livre pratique\"],\"inLanguage\":\"fr-FR\"},{\"@type\":\"WebPage\",\"@id\":\"http:\/\/www.lesmissives.fr\/index.php\/2025\/03\/22\/racines-de-lou-lubie-plus-quune-histoire-de-cheveux\/\",\"url\":\"http:\/\/www.lesmissives.fr\/index.php\/2025\/03\/22\/racines-de-lou-lubie-plus-quune-histoire-de-cheveux\/\",\"name\":\"Racines de Lou Lubie : plus qu'une histoire de cheveux - Missives\",\"isPartOf\":{\"@id\":\"https:\/\/www.lesmissives.fr\/#website\"},\"primaryImageOfPage\":{\"@id\":\"http:\/\/www.lesmissives.fr\/index.php\/2025\/03\/22\/racines-de-lou-lubie-plus-quune-histoire-de-cheveux\/#primaryimage\"},\"image\":{\"@id\":\"http:\/\/www.lesmissives.fr\/index.php\/2025\/03\/22\/racines-de-lou-lubie-plus-quune-histoire-de-cheveux\/#primaryimage\"},\"thumbnailUrl\":\"http:\/\/www.lesmissives.fr\/wp-content\/uploads\/2025\/03\/racines-5407665-264-432.webp\",\"datePublished\":\"2025-03-22T20:39:37+00:00\",\"dateModified\":\"2025-03-22T20:49:14+00:00\",\"breadcrumb\":{\"@id\":\"http:\/\/www.lesmissives.fr\/index.php\/2025\/03\/22\/racines-de-lou-lubie-plus-quune-histoire-de-cheveux\/#breadcrumb\"},\"inLanguage\":\"fr-FR\",\"potentialAction\":[{\"@type\":\"ReadAction\",\"target\":[\"http:\/\/www.lesmissives.fr\/index.php\/2025\/03\/22\/racines-de-lou-lubie-plus-quune-histoire-de-cheveux\/\"]}]},{\"@type\":\"ImageObject\",\"inLanguage\":\"fr-FR\",\"@id\":\"http:\/\/www.lesmissives.fr\/index.php\/2025\/03\/22\/racines-de-lou-lubie-plus-quune-histoire-de-cheveux\/#primaryimage\",\"url\":\"http:\/\/www.lesmissives.fr\/wp-content\/uploads\/2025\/03\/racines-5407665-264-432.webp\",\"contentUrl\":\"http:\/\/www.lesmissives.fr\/wp-content\/uploads\/2025\/03\/racines-5407665-264-432.webp\",\"width\":264,\"height\":364},{\"@type\":\"BreadcrumbList\",\"@id\":\"http:\/\/www.lesmissives.fr\/index.php\/2025\/03\/22\/racines-de-lou-lubie-plus-quune-histoire-de-cheveux\/#breadcrumb\",\"itemListElement\":[{\"@type\":\"ListItem\",\"position\":1,\"name\":\"Accueil\",\"item\":\"https:\/\/www.lesmissives.fr\/\"},{\"@type\":\"ListItem\",\"position\":2,\"name\":\"Racines de Lou Lubie : plus qu&rsquo;une histoire de cheveux\"}]},{\"@type\":\"WebSite\",\"@id\":\"https:\/\/www.lesmissives.fr\/#website\",\"url\":\"https:\/\/www.lesmissives.fr\/\",\"name\":\"Missives\",\"description\":\"Des livres os\u00e9s et f\u00e9ministes, au sens large\",\"publisher\":{\"@id\":\"https:\/\/www.lesmissives.fr\/#organization\"},\"potentialAction\":[{\"@type\":\"SearchAction\",\"target\":{\"@type\":\"EntryPoint\",\"urlTemplate\":\"https:\/\/www.lesmissives.fr\/?s={search_term_string}\"},\"query-input\":{\"@type\":\"PropertyValueSpecification\",\"valueRequired\":true,\"valueName\":\"search_term_string\"}}],\"inLanguage\":\"fr-FR\"},{\"@type\":\"Organization\",\"@id\":\"https:\/\/www.lesmissives.fr\/#organization\",\"name\":\"les missives\",\"url\":\"https:\/\/www.lesmissives.fr\/\",\"logo\":{\"@type\":\"ImageObject\",\"inLanguage\":\"fr-FR\",\"@id\":\"https:\/\/www.lesmissives.fr\/#\/schema\/logo\/image\/\",\"url\":\"http:\/\/www.lesmissives.fr\/wp-content\/uploads\/2025\/09\/cropped-LOGO-MISSIVES-ROUGE-COMPLET2-scaled-1.jpg\",\"contentUrl\":\"http:\/\/www.lesmissives.fr\/wp-content\/uploads\/2025\/09\/cropped-LOGO-MISSIVES-ROUGE-COMPLET2-scaled-1.jpg\",\"width\":1130,\"height\":800,\"caption\":\"les missives\"},\"image\":{\"@id\":\"https:\/\/www.lesmissives.fr\/#\/schema\/logo\/image\/\"},\"sameAs\":[\"https:\/\/www.facebook.com\/LesMissives\/\"]},{\"@type\":\"Person\",\"@id\":\"https:\/\/www.lesmissives.fr\/#\/schema\/person\/a7e1e237c3e17e888a84e8173b1c3d02\",\"name\":\"Magaly Jouhateau-Mauriello\",\"image\":{\"@type\":\"ImageObject\",\"inLanguage\":\"fr-FR\",\"@id\":\"https:\/\/www.lesmissives.fr\/#\/schema\/person\/image\/\",\"url\":\"http:\/\/2.gravatar.com\/avatar\/2d5da1f4045787a5fbcc42da3a5d64ea?s=96&d=mm&r=g\",\"contentUrl\":\"http:\/\/2.gravatar.com\/avatar\/2d5da1f4045787a5fbcc42da3a5d64ea?s=96&d=mm&r=g\",\"caption\":\"Magaly Jouhateau-Mauriello\"},\"description\":\"Passionn\u00e9e de lecture depuis petite, Magaly Jouhateau-Mauriello voit en la litt\u00e9rature la meilleure fa\u00e7on de d\u00e9couvrir l'\u00e2me humaine, avec ce qu'elle a de beau mais aussi de plus obscur. Ce domaine, selon elle, est le meilleur moyen de redonner une voix \u00e0 celles et ceux que l'on a voulu depuis trop longtemps consid\u00e9rer comme muet.te.s.\",\"url\":\"http:\/\/www.lesmissives.fr\/index.php\/author\/magaly-jouhateau-mauriello\/\"}]}<\/script>\n<!-- \/ Yoast SEO plugin. -->","yoast_head_json":{"title":"Racines de Lou Lubie : plus qu'une histoire de cheveux - Missives","robots":{"index":"index","follow":"follow","max-snippet":"max-snippet:-1","max-image-preview":"max-image-preview:large","max-video-preview":"max-video-preview:-1"},"canonical":"http:\/\/www.lesmissives.fr\/index.php\/2025\/03\/22\/racines-de-lou-lubie-plus-quune-histoire-de-cheveux\/","og_locale":"fr_FR","og_type":"article","og_title":"Racines de Lou Lubie : plus qu'une histoire de cheveux - Missives","og_description":"Lou Lubie&nbsp;est une&nbsp;illustratrice,&nbsp;b\u00e9d\u00e9iste, et&nbsp;d\u00e9veloppeuse&nbsp;fran\u00e7aise&nbsp;n\u00e9e en 1990. Elle a fond\u00e9 en 2008 le Forum Dessin\u00e9, un site web communautaire largement compos\u00e9 de francophones destin\u00e9 \u00e0 la cr\u00e9ation de BD num\u00e9rique collective. Apr\u00e8s un premier roman en deux volumes,&nbsp;Hallucinog\u00e8ne, publi\u00e9 \u00e0 l&rsquo;\u00e2ge de 18 ans, Lou Lubie se tourne vers la bande dessin\u00e9e. De 2009 \u00e0 2011, [&hellip;]","og_url":"http:\/\/www.lesmissives.fr\/index.php\/2025\/03\/22\/racines-de-lou-lubie-plus-quune-histoire-de-cheveux\/","og_site_name":"Missives","article_publisher":"https:\/\/www.facebook.com\/LesMissives\/","article_published_time":"2025-03-22T20:39:37+00:00","article_modified_time":"2025-03-22T20:49:14+00:00","og_image":[{"width":622,"height":424,"url":"http:\/\/www.lesmissives.fr\/wp-content\/uploads\/2025\/03\/lou-lubie.jpg","type":"image\/jpeg"}],"author":"Magaly Jouhateau-Mauriello","twitter_card":"summary_large_image","twitter_misc":{"\u00c9crit par":"Magaly Jouhateau-Mauriello","Dur\u00e9e de lecture estim\u00e9e":"10 minutes"},"schema":{"@context":"https:\/\/schema.org","@graph":[{"@type":"Article","@id":"http:\/\/www.lesmissives.fr\/index.php\/2025\/03\/22\/racines-de-lou-lubie-plus-quune-histoire-de-cheveux\/#article","isPartOf":{"@id":"http:\/\/www.lesmissives.fr\/index.php\/2025\/03\/22\/racines-de-lou-lubie-plus-quune-histoire-de-cheveux\/"},"author":{"name":"Magaly Jouhateau-Mauriello","@id":"https:\/\/www.lesmissives.fr\/#\/schema\/person\/a7e1e237c3e17e888a84e8173b1c3d02"},"headline":"Racines de Lou Lubie : plus qu&rsquo;une histoire de cheveux","datePublished":"2025-03-22T20:39:37+00:00","dateModified":"2025-03-22T20:49:14+00:00","mainEntityOfPage":{"@id":"http:\/\/www.lesmissives.fr\/index.php\/2025\/03\/22\/racines-de-lou-lubie-plus-quune-histoire-de-cheveux\/"},"wordCount":1992,"publisher":{"@id":"https:\/\/www.lesmissives.fr\/#organization"},"image":{"@id":"http:\/\/www.lesmissives.fr\/index.php\/2025\/03\/22\/racines-de-lou-lubie-plus-quune-histoire-de-cheveux\/#primaryimage"},"thumbnailUrl":"http:\/\/www.lesmissives.fr\/wp-content\/uploads\/2025\/03\/racines-5407665-264-432.webp","articleSection":["Livre pratique"],"inLanguage":"fr-FR"},{"@type":"WebPage","@id":"http:\/\/www.lesmissives.fr\/index.php\/2025\/03\/22\/racines-de-lou-lubie-plus-quune-histoire-de-cheveux\/","url":"http:\/\/www.lesmissives.fr\/index.php\/2025\/03\/22\/racines-de-lou-lubie-plus-quune-histoire-de-cheveux\/","name":"Racines de Lou Lubie : plus qu'une histoire de cheveux - Missives","isPartOf":{"@id":"https:\/\/www.lesmissives.fr\/#website"},"primaryImageOfPage":{"@id":"http:\/\/www.lesmissives.fr\/index.php\/2025\/03\/22\/racines-de-lou-lubie-plus-quune-histoire-de-cheveux\/#primaryimage"},"image":{"@id":"http:\/\/www.lesmissives.fr\/index.php\/2025\/03\/22\/racines-de-lou-lubie-plus-quune-histoire-de-cheveux\/#primaryimage"},"thumbnailUrl":"http:\/\/www.lesmissives.fr\/wp-content\/uploads\/2025\/03\/racines-5407665-264-432.webp","datePublished":"2025-03-22T20:39:37+00:00","dateModified":"2025-03-22T20:49:14+00:00","breadcrumb":{"@id":"http:\/\/www.lesmissives.fr\/index.php\/2025\/03\/22\/racines-de-lou-lubie-plus-quune-histoire-de-cheveux\/#breadcrumb"},"inLanguage":"fr-FR","potentialAction":[{"@type":"ReadAction","target":["http:\/\/www.lesmissives.fr\/index.php\/2025\/03\/22\/racines-de-lou-lubie-plus-quune-histoire-de-cheveux\/"]}]},{"@type":"ImageObject","inLanguage":"fr-FR","@id":"http:\/\/www.lesmissives.fr\/index.php\/2025\/03\/22\/racines-de-lou-lubie-plus-quune-histoire-de-cheveux\/#primaryimage","url":"http:\/\/www.lesmissives.fr\/wp-content\/uploads\/2025\/03\/racines-5407665-264-432.webp","contentUrl":"http:\/\/www.lesmissives.fr\/wp-content\/uploads\/2025\/03\/racines-5407665-264-432.webp","width":264,"height":364},{"@type":"BreadcrumbList","@id":"http:\/\/www.lesmissives.fr\/index.php\/2025\/03\/22\/racines-de-lou-lubie-plus-quune-histoire-de-cheveux\/#breadcrumb","itemListElement":[{"@type":"ListItem","position":1,"name":"Accueil","item":"https:\/\/www.lesmissives.fr\/"},{"@type":"ListItem","position":2,"name":"Racines de Lou Lubie : plus qu&rsquo;une histoire de cheveux"}]},{"@type":"WebSite","@id":"https:\/\/www.lesmissives.fr\/#website","url":"https:\/\/www.lesmissives.fr\/","name":"Missives","description":"Des livres os\u00e9s et f\u00e9ministes, au sens large","publisher":{"@id":"https:\/\/www.lesmissives.fr\/#organization"},"potentialAction":[{"@type":"SearchAction","target":{"@type":"EntryPoint","urlTemplate":"https:\/\/www.lesmissives.fr\/?s={search_term_string}"},"query-input":{"@type":"PropertyValueSpecification","valueRequired":true,"valueName":"search_term_string"}}],"inLanguage":"fr-FR"},{"@type":"Organization","@id":"https:\/\/www.lesmissives.fr\/#organization","name":"les missives","url":"https:\/\/www.lesmissives.fr\/","logo":{"@type":"ImageObject","inLanguage":"fr-FR","@id":"https:\/\/www.lesmissives.fr\/#\/schema\/logo\/image\/","url":"http:\/\/www.lesmissives.fr\/wp-content\/uploads\/2025\/09\/cropped-LOGO-MISSIVES-ROUGE-COMPLET2-scaled-1.jpg","contentUrl":"http:\/\/www.lesmissives.fr\/wp-content\/uploads\/2025\/09\/cropped-LOGO-MISSIVES-ROUGE-COMPLET2-scaled-1.jpg","width":1130,"height":800,"caption":"les missives"},"image":{"@id":"https:\/\/www.lesmissives.fr\/#\/schema\/logo\/image\/"},"sameAs":["https:\/\/www.facebook.com\/LesMissives\/"]},{"@type":"Person","@id":"https:\/\/www.lesmissives.fr\/#\/schema\/person\/a7e1e237c3e17e888a84e8173b1c3d02","name":"Magaly Jouhateau-Mauriello","image":{"@type":"ImageObject","inLanguage":"fr-FR","@id":"https:\/\/www.lesmissives.fr\/#\/schema\/person\/image\/","url":"http:\/\/2.gravatar.com\/avatar\/2d5da1f4045787a5fbcc42da3a5d64ea?s=96&d=mm&r=g","contentUrl":"http:\/\/2.gravatar.com\/avatar\/2d5da1f4045787a5fbcc42da3a5d64ea?s=96&d=mm&r=g","caption":"Magaly Jouhateau-Mauriello"},"description":"Passionn\u00e9e de lecture depuis petite, Magaly Jouhateau-Mauriello voit en la litt\u00e9rature la meilleure fa\u00e7on de d\u00e9couvrir l'\u00e2me humaine, avec ce qu'elle a de beau mais aussi de plus obscur. Ce domaine, selon elle, est le meilleur moyen de redonner une voix \u00e0 celles et ceux que l'on a voulu depuis trop longtemps consid\u00e9rer comme muet.te.s.","url":"http:\/\/www.lesmissives.fr\/index.php\/author\/magaly-jouhateau-mauriello\/"}]}},"_links":{"self":[{"href":"http:\/\/www.lesmissives.fr\/index.php\/wp-json\/wp\/v2\/posts\/6310"}],"collection":[{"href":"http:\/\/www.lesmissives.fr\/index.php\/wp-json\/wp\/v2\/posts"}],"about":[{"href":"http:\/\/www.lesmissives.fr\/index.php\/wp-json\/wp\/v2\/types\/post"}],"author":[{"embeddable":true,"href":"http:\/\/www.lesmissives.fr\/index.php\/wp-json\/wp\/v2\/users\/52"}],"replies":[{"embeddable":true,"href":"http:\/\/www.lesmissives.fr\/index.php\/wp-json\/wp\/v2\/comments?post=6310"}],"version-history":[{"count":2,"href":"http:\/\/www.lesmissives.fr\/index.php\/wp-json\/wp\/v2\/posts\/6310\/revisions"}],"predecessor-version":[{"id":6318,"href":"http:\/\/www.lesmissives.fr\/index.php\/wp-json\/wp\/v2\/posts\/6310\/revisions\/6318"}],"wp:featuredmedia":[{"embeddable":true,"href":"http:\/\/www.lesmissives.fr\/index.php\/wp-json\/wp\/v2\/media\/6311"}],"wp:attachment":[{"href":"http:\/\/www.lesmissives.fr\/index.php\/wp-json\/wp\/v2\/media?parent=6310"}],"wp:term":[{"taxonomy":"category","embeddable":true,"href":"http:\/\/www.lesmissives.fr\/index.php\/wp-json\/wp\/v2\/categories?post=6310"},{"taxonomy":"post_tag","embeddable":true,"href":"http:\/\/www.lesmissives.fr\/index.php\/wp-json\/wp\/v2\/tags?post=6310"}],"curies":[{"name":"wp","href":"https:\/\/api.w.org\/{rel}","templated":true}]}}