{"id":6208,"date":"2025-01-22T18:29:39","date_gmt":"2025-01-22T17:29:39","guid":{"rendered":"http:\/\/www.lesmissives.fr\/?p=6208"},"modified":"2025-01-29T16:47:25","modified_gmt":"2025-01-29T15:47:25","slug":"le-local-des-autrices-le-lieu-inespere-a-paris","status":"publish","type":"post","link":"http:\/\/www.lesmissives.fr\/index.php\/2025\/01\/22\/le-local-des-autrices-le-lieu-inespere-a-paris\/","title":{"rendered":"Le local des autrices : le lieu inesp\u00e9r\u00e9 \u00e0 Paris"},"content":{"rendered":"\n<p>Apr\u00e8s les annonces de fermeture de lieux de lutte \u00e0 Paris (le Lieu-dit, Le Saint-Sauveur), on reprend espoir avec ce nouveau lieu d\u00e9di\u00e9 aux autrices qui vient d&rsquo;ouvrir \u00e0 Paris 18 rue de l&rsquo;Orillon dans le 11e arrondissement de Paris. Sarah P\u00e8pe, sa directrice, a d\u00e9cid\u00e9 de r\u00e9sister \u00e0 la fonte des neiges et des subventions culture en permettant aux cr\u00e9atrices d&rsquo;unir leurs forces et leurs imaginaires dans un espace in\u00e9dit. Geste d&rsquo;audace et de courage immense quand on sait la bise glaciale qui siffle sur nos t\u00eates inspir\u00e9es ces derniers mois. Alors les Missives vous y donnent rendez-vous et vous attendent aux spectacles de Typhaine D qu&rsquo;on ne pr\u00e9sente plus (<em>Contes \u00e0 rebours, La P\u00e9rille Mortelle<\/em>), Sophie Bourel et son <em>Imbrisable \u00e9nergie<\/em> qui nous embarque aux c\u00f4t\u00e9s de Portrait de Virginie H\u00e9riot, cette formidable navigatrice autant que po\u00e9tesse et figure f\u00e9minine avant-gardiste et visionnaire m\u00e9connue. Ou encore Mathilde Cherbuin dans <em>Lonely Sweety<\/em>, un spectacle acide \u00e0 infusion lente, juste pour ce nouvel intitul\u00e9 g\u00e9n\u00e9rique. Sarah P\u00e8pe ne se contentant pas d&rsquo;administrer et d&rsquo;animer Le Local, elle joue aussi sa pi\u00e8ce  <em>Celle qui ne dit pas a dit<\/em>, un spectacle o\u00f9 elle s&rsquo;interroge sur la fa\u00e7on dont trois femmes se sont construites autour d&rsquo;un dire possible ou emp\u00each\u00e9. Clairement, on a envie de passer la t\u00eate par l&#8217;embrasure, pas vous ?<\/p>\n\n\n\n<p>Le programme est d\u00e9j\u00e0 bien ficel\u00e9 jusqu&rsquo;en juin et tellement riche qu&rsquo;on a peur de se lancer dans la litanie des formats propos\u00e9s : ateliers d&rsquo;\u00e9criture, soir\u00e9es cabaret, ap\u00e9ros spectacles, conf\u00e9rences gesticul\u00e9es, stages, cin\u00e9-club, festivals, jeune public&#8230; Si \u00e7a continue, les Missives vont d\u00e9m\u00e9nager au Local des Autrices, \u00e7a tombe \u00e0 pic, on cherche nos prochains partenariats.<\/p>\n\n\n\n<figure class=\"wp-block-image size-full is-resized\"><img loading=\"lazy\" decoding=\"async\" width=\"914\" height=\"646\" src=\"http:\/\/www.lesmissives.fr\/wp-content\/uploads\/2025\/01\/A-1.jpg\" alt=\"\" class=\"wp-image-6209\" style=\"width:839px;height:auto\" srcset=\"http:\/\/www.lesmissives.fr\/wp-content\/uploads\/2025\/01\/A-1.jpg 914w, http:\/\/www.lesmissives.fr\/wp-content\/uploads\/2025\/01\/A-1-300x212.jpg 300w, http:\/\/www.lesmissives.fr\/wp-content\/uploads\/2025\/01\/A-1-768x543.jpg 768w, http:\/\/www.lesmissives.fr\/wp-content\/uploads\/2025\/01\/A-1-400x283.jpg 400w, http:\/\/www.lesmissives.fr\/wp-content\/uploads\/2025\/01\/A-1-800x565.jpg 800w\" sizes=\"(max-width: 914px) 100vw, 914px\" \/><\/figure>\n\n\n\n<p>Pour suivre l&rsquo;actu du local sur instagram :<a href=\"https:\/\/www.instagram.com\/le_local_des_autrices\/#\"> le_local_des_autrices<\/a><\/p>\n","protected":false},"excerpt":{"rendered":"<p>Apr\u00e8s les annonces de fermeture de lieux de lutte \u00e0 Paris (le Lieu-dit, Le Saint-Sauveur), on reprend espoir avec ce nouveau lieu d\u00e9di\u00e9 aux autrices qui vient d&rsquo;ouvrir \u00e0 Paris 18 rue de l&rsquo;Orillon dans le 11e arrondissement de Paris. Sarah P\u00e8pe, sa directrice, a d\u00e9cid\u00e9 de r\u00e9sister \u00e0 la fonte des neiges et des [&hellip;]<\/p>\n","protected":false},"author":40,"featured_media":6210,"comment_status":"closed","ping_status":"open","sticky":false,"template":"","format":"standard","meta":{"footnotes":""},"categories":[14],"tags":[],"class_list":["post-6208","post","type-post","status-publish","format-standard","has-post-thumbnail","hentry","category-evenements-2","has-thumbnail"],"yoast_head":"<!-- This site is optimized with the Yoast SEO plugin v23.5 - https:\/\/yoast.com\/wordpress\/plugins\/seo\/ -->\n<title>Le local des autrices : le lieu inesp\u00e9r\u00e9 \u00e0 Paris - Missives<\/title>\n<meta name=\"robots\" content=\"index, follow, max-snippet:-1, max-image-preview:large, max-video-preview:-1\" \/>\n<link rel=\"canonical\" href=\"http:\/\/www.lesmissives.fr\/index.php\/2025\/01\/22\/le-local-des-autrices-le-lieu-inespere-a-paris\/\" \/>\n<meta property=\"og:locale\" content=\"fr_FR\" \/>\n<meta property=\"og:type\" content=\"article\" \/>\n<meta property=\"og:title\" content=\"Le local des autrices : le lieu inesp\u00e9r\u00e9 \u00e0 Paris - Missives\" \/>\n<meta property=\"og:description\" content=\"Apr\u00e8s les annonces de fermeture de lieux de lutte \u00e0 Paris (le Lieu-dit, Le Saint-Sauveur), on reprend espoir avec ce nouveau lieu d\u00e9di\u00e9 aux autrices qui vient d&rsquo;ouvrir \u00e0 Paris 18 rue de l&rsquo;Orillon dans le 11e arrondissement de Paris. Sarah P\u00e8pe, sa directrice, a d\u00e9cid\u00e9 de r\u00e9sister \u00e0 la fonte des neiges et des [&hellip;]\" \/>\n<meta property=\"og:url\" content=\"http:\/\/www.lesmissives.fr\/index.php\/2025\/01\/22\/le-local-des-autrices-le-lieu-inespere-a-paris\/\" \/>\n<meta property=\"og:site_name\" content=\"Missives\" \/>\n<meta property=\"article:publisher\" content=\"https:\/\/www.facebook.com\/LesMissives\/\" \/>\n<meta property=\"article:published_time\" content=\"2025-01-22T17:29:39+00:00\" \/>\n<meta property=\"article:modified_time\" content=\"2025-01-29T15:47:25+00:00\" \/>\n<meta property=\"og:image\" content=\"http:\/\/www.lesmissives.fr\/wp-content\/uploads\/2025\/01\/B-1.jpg\" \/>\n\t<meta property=\"og:image:width\" content=\"599\" \/>\n\t<meta property=\"og:image:height\" content=\"419\" \/>\n\t<meta property=\"og:image:type\" content=\"image\/jpeg\" \/>\n<meta name=\"author\" content=\"Marie Rondou\" \/>\n<meta name=\"twitter:card\" content=\"summary_large_image\" \/>\n<meta name=\"twitter:label1\" content=\"\u00c9crit par\" \/>\n\t<meta name=\"twitter:data1\" content=\"Marie Rondou\" \/>\n\t<meta name=\"twitter:label2\" content=\"Dur\u00e9e de lecture estim\u00e9e\" \/>\n\t<meta name=\"twitter:data2\" content=\"2 minutes\" \/>\n<script type=\"application\/ld+json\" class=\"yoast-schema-graph\">{\"@context\":\"https:\/\/schema.org\",\"@graph\":[{\"@type\":\"Article\",\"@id\":\"http:\/\/www.lesmissives.fr\/index.php\/2025\/01\/22\/le-local-des-autrices-le-lieu-inespere-a-paris\/#article\",\"isPartOf\":{\"@id\":\"http:\/\/www.lesmissives.fr\/index.php\/2025\/01\/22\/le-local-des-autrices-le-lieu-inespere-a-paris\/\"},\"author\":{\"name\":\"Marie Rondou\",\"@id\":\"http:\/\/www.lesmissives.fr\/#\/schema\/person\/0c0797d88c4af5447e94eca562614aa0\"},\"headline\":\"Le local des autrices : le lieu inesp\u00e9r\u00e9 \u00e0 Paris\",\"datePublished\":\"2025-01-22T17:29:39+00:00\",\"dateModified\":\"2025-01-29T15:47:25+00:00\",\"mainEntityOfPage\":{\"@id\":\"http:\/\/www.lesmissives.fr\/index.php\/2025\/01\/22\/le-local-des-autrices-le-lieu-inespere-a-paris\/\"},\"wordCount\":323,\"publisher\":{\"@id\":\"http:\/\/www.lesmissives.fr\/#organization\"},\"image\":{\"@id\":\"http:\/\/www.lesmissives.fr\/index.php\/2025\/01\/22\/le-local-des-autrices-le-lieu-inespere-a-paris\/#primaryimage\"},\"thumbnailUrl\":\"http:\/\/www.lesmissives.fr\/wp-content\/uploads\/2025\/01\/B-1.jpg\",\"articleSection\":[\"\u00c9v\u00e8nements\"],\"inLanguage\":\"fr-FR\"},{\"@type\":\"WebPage\",\"@id\":\"http:\/\/www.lesmissives.fr\/index.php\/2025\/01\/22\/le-local-des-autrices-le-lieu-inespere-a-paris\/\",\"url\":\"http:\/\/www.lesmissives.fr\/index.php\/2025\/01\/22\/le-local-des-autrices-le-lieu-inespere-a-paris\/\",\"name\":\"Le local des autrices : le lieu inesp\u00e9r\u00e9 \u00e0 Paris - Missives\",\"isPartOf\":{\"@id\":\"http:\/\/www.lesmissives.fr\/#website\"},\"primaryImageOfPage\":{\"@id\":\"http:\/\/www.lesmissives.fr\/index.php\/2025\/01\/22\/le-local-des-autrices-le-lieu-inespere-a-paris\/#primaryimage\"},\"image\":{\"@id\":\"http:\/\/www.lesmissives.fr\/index.php\/2025\/01\/22\/le-local-des-autrices-le-lieu-inespere-a-paris\/#primaryimage\"},\"thumbnailUrl\":\"http:\/\/www.lesmissives.fr\/wp-content\/uploads\/2025\/01\/B-1.jpg\",\"datePublished\":\"2025-01-22T17:29:39+00:00\",\"dateModified\":\"2025-01-29T15:47:25+00:00\",\"breadcrumb\":{\"@id\":\"http:\/\/www.lesmissives.fr\/index.php\/2025\/01\/22\/le-local-des-autrices-le-lieu-inespere-a-paris\/#breadcrumb\"},\"inLanguage\":\"fr-FR\",\"potentialAction\":[{\"@type\":\"ReadAction\",\"target\":[\"http:\/\/www.lesmissives.fr\/index.php\/2025\/01\/22\/le-local-des-autrices-le-lieu-inespere-a-paris\/\"]}]},{\"@type\":\"ImageObject\",\"inLanguage\":\"fr-FR\",\"@id\":\"http:\/\/www.lesmissives.fr\/index.php\/2025\/01\/22\/le-local-des-autrices-le-lieu-inespere-a-paris\/#primaryimage\",\"url\":\"http:\/\/www.lesmissives.fr\/wp-content\/uploads\/2025\/01\/B-1.jpg\",\"contentUrl\":\"http:\/\/www.lesmissives.fr\/wp-content\/uploads\/2025\/01\/B-1.jpg\",\"width\":599,\"height\":419},{\"@type\":\"BreadcrumbList\",\"@id\":\"http:\/\/www.lesmissives.fr\/index.php\/2025\/01\/22\/le-local-des-autrices-le-lieu-inespere-a-paris\/#breadcrumb\",\"itemListElement\":[{\"@type\":\"ListItem\",\"position\":1,\"name\":\"Accueil\",\"item\":\"http:\/\/www.lesmissives.fr\/\"},{\"@type\":\"ListItem\",\"position\":2,\"name\":\"Le local des autrices : le lieu inesp\u00e9r\u00e9 \u00e0 Paris\"}]},{\"@type\":\"WebSite\",\"@id\":\"http:\/\/www.lesmissives.fr\/#website\",\"url\":\"http:\/\/www.lesmissives.fr\/\",\"name\":\"Missives\",\"description\":\"Des livres os\u00e9s et f\u00e9ministes, au sens large\",\"publisher\":{\"@id\":\"http:\/\/www.lesmissives.fr\/#organization\"},\"potentialAction\":[{\"@type\":\"SearchAction\",\"target\":{\"@type\":\"EntryPoint\",\"urlTemplate\":\"http:\/\/www.lesmissives.fr\/?s={search_term_string}\"},\"query-input\":{\"@type\":\"PropertyValueSpecification\",\"valueRequired\":true,\"valueName\":\"search_term_string\"}}],\"inLanguage\":\"fr-FR\"},{\"@type\":\"Organization\",\"@id\":\"http:\/\/www.lesmissives.fr\/#organization\",\"name\":\"les missives\",\"url\":\"http:\/\/www.lesmissives.fr\/\",\"logo\":{\"@type\":\"ImageObject\",\"inLanguage\":\"fr-FR\",\"@id\":\"http:\/\/www.lesmissives.fr\/#\/schema\/logo\/image\/\",\"url\":\"http:\/\/www.lesmissives.fr\/wp-content\/uploads\/2025\/09\/cropped-LOGO-MISSIVES-ROUGE-COMPLET2-scaled-1.jpg\",\"contentUrl\":\"http:\/\/www.lesmissives.fr\/wp-content\/uploads\/2025\/09\/cropped-LOGO-MISSIVES-ROUGE-COMPLET2-scaled-1.jpg\",\"width\":1130,\"height\":800,\"caption\":\"les missives\"},\"image\":{\"@id\":\"http:\/\/www.lesmissives.fr\/#\/schema\/logo\/image\/\"},\"sameAs\":[\"https:\/\/www.facebook.com\/LesMissives\/\"]},{\"@type\":\"Person\",\"@id\":\"http:\/\/www.lesmissives.fr\/#\/schema\/person\/0c0797d88c4af5447e94eca562614aa0\",\"name\":\"Marie Rondou\",\"image\":{\"@type\":\"ImageObject\",\"inLanguage\":\"fr-FR\",\"@id\":\"http:\/\/www.lesmissives.fr\/#\/schema\/person\/image\/\",\"url\":\"http:\/\/2.gravatar.com\/avatar\/ba94292f10ca85fce13e76d85918becd?s=96&d=mm&r=g\",\"contentUrl\":\"http:\/\/2.gravatar.com\/avatar\/ba94292f10ca85fce13e76d85918becd?s=96&d=mm&r=g\",\"caption\":\"Marie Rondou\"},\"description\":\"Elle r\u00eavait de tenir un ranch dans le Wyoming, mais sa phobie de l'avion l'a pouss\u00e9e \u00e0 embrasser la carri\u00e8re d'enseignante \u00e0 Montreuil pour partager sa passion des grands espaces litt\u00e9raires.\",\"url\":\"http:\/\/www.lesmissives.fr\/index.php\/author\/marierondou\/\"}]}<\/script>\n<!-- \/ Yoast SEO plugin. -->","yoast_head_json":{"title":"Le local des autrices : le lieu inesp\u00e9r\u00e9 \u00e0 Paris - Missives","robots":{"index":"index","follow":"follow","max-snippet":"max-snippet:-1","max-image-preview":"max-image-preview:large","max-video-preview":"max-video-preview:-1"},"canonical":"http:\/\/www.lesmissives.fr\/index.php\/2025\/01\/22\/le-local-des-autrices-le-lieu-inespere-a-paris\/","og_locale":"fr_FR","og_type":"article","og_title":"Le local des autrices : le lieu inesp\u00e9r\u00e9 \u00e0 Paris - Missives","og_description":"Apr\u00e8s les annonces de fermeture de lieux de lutte \u00e0 Paris (le Lieu-dit, Le Saint-Sauveur), on reprend espoir avec ce nouveau lieu d\u00e9di\u00e9 aux autrices qui vient d&rsquo;ouvrir \u00e0 Paris 18 rue de l&rsquo;Orillon dans le 11e arrondissement de Paris. Sarah P\u00e8pe, sa directrice, a d\u00e9cid\u00e9 de r\u00e9sister \u00e0 la fonte des neiges et des [&hellip;]","og_url":"http:\/\/www.lesmissives.fr\/index.php\/2025\/01\/22\/le-local-des-autrices-le-lieu-inespere-a-paris\/","og_site_name":"Missives","article_publisher":"https:\/\/www.facebook.com\/LesMissives\/","article_published_time":"2025-01-22T17:29:39+00:00","article_modified_time":"2025-01-29T15:47:25+00:00","og_image":[{"width":599,"height":419,"url":"http:\/\/www.lesmissives.fr\/wp-content\/uploads\/2025\/01\/B-1.jpg","type":"image\/jpeg"}],"author":"Marie Rondou","twitter_card":"summary_large_image","twitter_misc":{"\u00c9crit par":"Marie Rondou","Dur\u00e9e de lecture estim\u00e9e":"2 minutes"},"schema":{"@context":"https:\/\/schema.org","@graph":[{"@type":"Article","@id":"http:\/\/www.lesmissives.fr\/index.php\/2025\/01\/22\/le-local-des-autrices-le-lieu-inespere-a-paris\/#article","isPartOf":{"@id":"http:\/\/www.lesmissives.fr\/index.php\/2025\/01\/22\/le-local-des-autrices-le-lieu-inespere-a-paris\/"},"author":{"name":"Marie Rondou","@id":"http:\/\/www.lesmissives.fr\/#\/schema\/person\/0c0797d88c4af5447e94eca562614aa0"},"headline":"Le local des autrices : le lieu inesp\u00e9r\u00e9 \u00e0 Paris","datePublished":"2025-01-22T17:29:39+00:00","dateModified":"2025-01-29T15:47:25+00:00","mainEntityOfPage":{"@id":"http:\/\/www.lesmissives.fr\/index.php\/2025\/01\/22\/le-local-des-autrices-le-lieu-inespere-a-paris\/"},"wordCount":323,"publisher":{"@id":"http:\/\/www.lesmissives.fr\/#organization"},"image":{"@id":"http:\/\/www.lesmissives.fr\/index.php\/2025\/01\/22\/le-local-des-autrices-le-lieu-inespere-a-paris\/#primaryimage"},"thumbnailUrl":"http:\/\/www.lesmissives.fr\/wp-content\/uploads\/2025\/01\/B-1.jpg","articleSection":["\u00c9v\u00e8nements"],"inLanguage":"fr-FR"},{"@type":"WebPage","@id":"http:\/\/www.lesmissives.fr\/index.php\/2025\/01\/22\/le-local-des-autrices-le-lieu-inespere-a-paris\/","url":"http:\/\/www.lesmissives.fr\/index.php\/2025\/01\/22\/le-local-des-autrices-le-lieu-inespere-a-paris\/","name":"Le local des autrices : le lieu inesp\u00e9r\u00e9 \u00e0 Paris - Missives","isPartOf":{"@id":"http:\/\/www.lesmissives.fr\/#website"},"primaryImageOfPage":{"@id":"http:\/\/www.lesmissives.fr\/index.php\/2025\/01\/22\/le-local-des-autrices-le-lieu-inespere-a-paris\/#primaryimage"},"image":{"@id":"http:\/\/www.lesmissives.fr\/index.php\/2025\/01\/22\/le-local-des-autrices-le-lieu-inespere-a-paris\/#primaryimage"},"thumbnailUrl":"http:\/\/www.lesmissives.fr\/wp-content\/uploads\/2025\/01\/B-1.jpg","datePublished":"2025-01-22T17:29:39+00:00","dateModified":"2025-01-29T15:47:25+00:00","breadcrumb":{"@id":"http:\/\/www.lesmissives.fr\/index.php\/2025\/01\/22\/le-local-des-autrices-le-lieu-inespere-a-paris\/#breadcrumb"},"inLanguage":"fr-FR","potentialAction":[{"@type":"ReadAction","target":["http:\/\/www.lesmissives.fr\/index.php\/2025\/01\/22\/le-local-des-autrices-le-lieu-inespere-a-paris\/"]}]},{"@type":"ImageObject","inLanguage":"fr-FR","@id":"http:\/\/www.lesmissives.fr\/index.php\/2025\/01\/22\/le-local-des-autrices-le-lieu-inespere-a-paris\/#primaryimage","url":"http:\/\/www.lesmissives.fr\/wp-content\/uploads\/2025\/01\/B-1.jpg","contentUrl":"http:\/\/www.lesmissives.fr\/wp-content\/uploads\/2025\/01\/B-1.jpg","width":599,"height":419},{"@type":"BreadcrumbList","@id":"http:\/\/www.lesmissives.fr\/index.php\/2025\/01\/22\/le-local-des-autrices-le-lieu-inespere-a-paris\/#breadcrumb","itemListElement":[{"@type":"ListItem","position":1,"name":"Accueil","item":"http:\/\/www.lesmissives.fr\/"},{"@type":"ListItem","position":2,"name":"Le local des autrices : le lieu inesp\u00e9r\u00e9 \u00e0 Paris"}]},{"@type":"WebSite","@id":"http:\/\/www.lesmissives.fr\/#website","url":"http:\/\/www.lesmissives.fr\/","name":"Missives","description":"Des livres os\u00e9s et f\u00e9ministes, au sens large","publisher":{"@id":"http:\/\/www.lesmissives.fr\/#organization"},"potentialAction":[{"@type":"SearchAction","target":{"@type":"EntryPoint","urlTemplate":"http:\/\/www.lesmissives.fr\/?s={search_term_string}"},"query-input":{"@type":"PropertyValueSpecification","valueRequired":true,"valueName":"search_term_string"}}],"inLanguage":"fr-FR"},{"@type":"Organization","@id":"http:\/\/www.lesmissives.fr\/#organization","name":"les missives","url":"http:\/\/www.lesmissives.fr\/","logo":{"@type":"ImageObject","inLanguage":"fr-FR","@id":"http:\/\/www.lesmissives.fr\/#\/schema\/logo\/image\/","url":"http:\/\/www.lesmissives.fr\/wp-content\/uploads\/2025\/09\/cropped-LOGO-MISSIVES-ROUGE-COMPLET2-scaled-1.jpg","contentUrl":"http:\/\/www.lesmissives.fr\/wp-content\/uploads\/2025\/09\/cropped-LOGO-MISSIVES-ROUGE-COMPLET2-scaled-1.jpg","width":1130,"height":800,"caption":"les missives"},"image":{"@id":"http:\/\/www.lesmissives.fr\/#\/schema\/logo\/image\/"},"sameAs":["https:\/\/www.facebook.com\/LesMissives\/"]},{"@type":"Person","@id":"http:\/\/www.lesmissives.fr\/#\/schema\/person\/0c0797d88c4af5447e94eca562614aa0","name":"Marie Rondou","image":{"@type":"ImageObject","inLanguage":"fr-FR","@id":"http:\/\/www.lesmissives.fr\/#\/schema\/person\/image\/","url":"http:\/\/2.gravatar.com\/avatar\/ba94292f10ca85fce13e76d85918becd?s=96&d=mm&r=g","contentUrl":"http:\/\/2.gravatar.com\/avatar\/ba94292f10ca85fce13e76d85918becd?s=96&d=mm&r=g","caption":"Marie Rondou"},"description":"Elle r\u00eavait de tenir un ranch dans le Wyoming, mais sa phobie de l'avion l'a pouss\u00e9e \u00e0 embrasser la carri\u00e8re d'enseignante \u00e0 Montreuil pour partager sa passion des grands espaces litt\u00e9raires.","url":"http:\/\/www.lesmissives.fr\/index.php\/author\/marierondou\/"}]}},"_links":{"self":[{"href":"http:\/\/www.lesmissives.fr\/index.php\/wp-json\/wp\/v2\/posts\/6208"}],"collection":[{"href":"http:\/\/www.lesmissives.fr\/index.php\/wp-json\/wp\/v2\/posts"}],"about":[{"href":"http:\/\/www.lesmissives.fr\/index.php\/wp-json\/wp\/v2\/types\/post"}],"author":[{"embeddable":true,"href":"http:\/\/www.lesmissives.fr\/index.php\/wp-json\/wp\/v2\/users\/40"}],"replies":[{"embeddable":true,"href":"http:\/\/www.lesmissives.fr\/index.php\/wp-json\/wp\/v2\/comments?post=6208"}],"version-history":[{"count":3,"href":"http:\/\/www.lesmissives.fr\/index.php\/wp-json\/wp\/v2\/posts\/6208\/revisions"}],"predecessor-version":[{"id":6227,"href":"http:\/\/www.lesmissives.fr\/index.php\/wp-json\/wp\/v2\/posts\/6208\/revisions\/6227"}],"wp:featuredmedia":[{"embeddable":true,"href":"http:\/\/www.lesmissives.fr\/index.php\/wp-json\/wp\/v2\/media\/6210"}],"wp:attachment":[{"href":"http:\/\/www.lesmissives.fr\/index.php\/wp-json\/wp\/v2\/media?parent=6208"}],"wp:term":[{"taxonomy":"category","embeddable":true,"href":"http:\/\/www.lesmissives.fr\/index.php\/wp-json\/wp\/v2\/categories?post=6208"},{"taxonomy":"post_tag","embeddable":true,"href":"http:\/\/www.lesmissives.fr\/index.php\/wp-json\/wp\/v2\/tags?post=6208"}],"curies":[{"name":"wp","href":"https:\/\/api.w.org\/{rel}","templated":true}]}}