{"id":6187,"date":"2025-01-13T16:30:42","date_gmt":"2025-01-13T15:30:42","guid":{"rendered":"http:\/\/www.lesmissives.fr\/?p=6187"},"modified":"2025-01-13T16:31:38","modified_gmt":"2025-01-13T15:31:38","slug":"en-janvier-quest-ce-quon-lit","status":"publish","type":"post","link":"http:\/\/www.lesmissives.fr\/index.php\/2025\/01\/13\/en-janvier-quest-ce-quon-lit\/","title":{"rendered":"En janvier, qu&rsquo;est-ce qu&rsquo;on lit !"},"content":{"rendered":"\n<p><strong><em>La fille qui ne voulait pas se taire de Abi Dar\u00e9 (Harper Collins)<\/em><\/strong><\/p>\n\n\n\n<div class=\"wp-block-media-text is-stacked-on-mobile\" style=\"grid-template-columns:27% auto\"><figure class=\"wp-block-media-text__media\"><img loading=\"lazy\" decoding=\"async\" width=\"300\" height=\"439\" src=\"http:\/\/www.lesmissives.fr\/wp-content\/uploads\/2025\/01\/A.jpg\" alt=\"\" class=\"wp-image-6188 size-full\" srcset=\"http:\/\/www.lesmissives.fr\/wp-content\/uploads\/2025\/01\/A.jpg 300w, http:\/\/www.lesmissives.fr\/wp-content\/uploads\/2025\/01\/A-205x300.jpg 205w\" sizes=\"(max-width: 300px) 100vw, 300px\" \/><\/figure><div class=\"wp-block-media-text__content\">\n<p>Celle qui ne veut pas se taire, c&rsquo;est Adumni, une jeune Nig\u00e9riane de 14 ans vendue par son p\u00e8re \u00e0 un homme \u00e2g\u00e9 dont elle devient la troisi\u00e8me \u00e9pouse. Plong\u00e9e dans le Nig\u00e9ria comme dans la t\u00eate de cette jeune femme bien d\u00e9cid\u00e9e \u00e0 ne pas \u00eatre r\u00e9duite au silence malgr\u00e9 la violence et les obstacles, ce premier roman passionnant touche au c\u0153ur.<\/p>\n\n\n\n<p>Et pour d\u00e9couvrir un autre roman magnifique d&rsquo;une autre autrice nig\u00e9riane, <a href=\"http:\/\/www.lesmissives.fr\/index.php\/2020\/06\/06\/missives-en-ecoute-3-americanah-de-chimamanda-ngozi-adichie\/\">rdv l\u00e0<\/a>.<\/p>\n<\/div><\/div>\n\n\n\n<p><\/p>\n\n\n\n<p><strong><em>Le mauvais r\u00f4le de Flore Montoyat (Harper Collins)<\/em><\/strong><\/p>\n\n\n\n<div class=\"wp-block-media-text is-stacked-on-mobile\" style=\"grid-template-columns:40% auto\"><figure class=\"wp-block-media-text__media\"><img loading=\"lazy\" decoding=\"async\" width=\"340\" height=\"340\" src=\"http:\/\/www.lesmissives.fr\/wp-content\/uploads\/2025\/01\/B.jpg\" alt=\"\" class=\"wp-image-6189 size-full\" srcset=\"http:\/\/www.lesmissives.fr\/wp-content\/uploads\/2025\/01\/B.jpg 340w, http:\/\/www.lesmissives.fr\/wp-content\/uploads\/2025\/01\/B-300x300.jpg 300w, http:\/\/www.lesmissives.fr\/wp-content\/uploads\/2025\/01\/B-150x150.jpg 150w\" sizes=\"(max-width: 340px) 100vw, 340px\" \/><\/figure><div class=\"wp-block-media-text__content\">\n<p>Chlo\u00e9 est rapporteur \u00e0 la Cour Nationale du Droit d&rsquo;Asile et pr\u00e9sente au juge les dossiers des r\u00e9fugi\u00e9.e.s sans pouvoir d\u00e9cider de leur sort. Chlo\u00e9 a le mauvais r\u00f4le ; elle doit faire face \u00e0 des r\u00e9cits \u00e0 la violence insoutenable sans se laisser compl\u00e8tement consumer. L&rsquo;autrice, Flore Montoyat, s&rsquo;est inspir\u00e9e de sa propre exp\u00e9rience pour livrer ce r\u00e9cit bouleversant qui questionne les failles et les limites d&rsquo;un syst\u00e8me d&rsquo;accueil chancelant autant que notre propre humanit\u00e9. \u00a0En filigrane, il y a cette question : comment faire face \u00e0 l&rsquo;indicible et \u00e0 l&rsquo;injustice ? Saisissant.<\/p>\n<\/div><\/div>\n\n\n\n<p><\/p>\n\n\n\n<p><strong><em>Mal entendus de Nina Fasciaux (Payot)<\/em><\/strong><\/p>\n\n\n\n<div class=\"wp-block-media-text is-stacked-on-mobile\" style=\"grid-template-columns:25% auto\"><figure class=\"wp-block-media-text__media\"><img loading=\"lazy\" decoding=\"async\" width=\"185\" height=\"272\" src=\"http:\/\/www.lesmissives.fr\/wp-content\/uploads\/2025\/01\/C.jpg\" alt=\"\" class=\"wp-image-6190 size-full\"\/><\/figure><div class=\"wp-block-media-text__content\">\n<p>Au moment o\u00f9 Meta d\u00e9cide d&rsquo;arr\u00eater le <em>fact-checking<\/em> sur ses r\u00e9seaux sociaux, o\u00f9 Bollor\u00e9 fait de son investissement dans les m\u00e9dias un tremplin pour l&rsquo;extr\u00eame-droite et o\u00f9 le roi des <em>fake news<\/em> s&rsquo;appr\u00eate \u00e0 devenir \u00e0 nouveau pr\u00e9sident des Etats-Unis, voici un essai aussi accessible qu&rsquo;indispensable pour comprendre l&rsquo;information et la polarisation des d\u00e9bats au sein de nos d\u00e9mocraties.<\/p>\n<\/div><\/div>\n\n\n\n<p><\/p>\n\n\n\n<p><strong><em>Cui-cui de Juliet Drouar (Seuil)<\/em><\/strong><\/p>\n\n\n\n<div class=\"wp-block-media-text is-stacked-on-mobile\" style=\"grid-template-columns:26% auto\"><figure class=\"wp-block-media-text__media\"><img loading=\"lazy\" decoding=\"async\" width=\"400\" height=\"586\" src=\"http:\/\/www.lesmissives.fr\/wp-content\/uploads\/2025\/01\/D.jpg\" alt=\"\" class=\"wp-image-6191 size-full\" srcset=\"http:\/\/www.lesmissives.fr\/wp-content\/uploads\/2025\/01\/D.jpg 400w, http:\/\/www.lesmissives.fr\/wp-content\/uploads\/2025\/01\/D-205x300.jpg 205w\" sizes=\"(max-width: 400px) 100vw, 400px\" \/><\/figure><div class=\"wp-block-media-text__content\">\n<p>Avec ce roman d\u00e9stabilisant, fort et percutant, Juliet Drouar dit la violence de la vie au coll\u00e8ge, les m\u00e9tamorphoses de l&rsquo;adolescence, l&rsquo;\u00e9veil \u00e0 la politique et \u00e0 l&rsquo;engagement, la difficult\u00e9 de dire l&rsquo;inceste dans une langue singuli\u00e8re, audacieuse et r\u00e9solument actuelle.<\/p>\n<\/div><\/div>\n\n\n\n<p><\/p>\n\n\n\n<p><strong><em>Les bouch\u00e8res de Sophie Demange (l&rsquo;Iconoclaste)<\/em><\/strong><\/p>\n\n\n\n<div class=\"wp-block-media-text is-stacked-on-mobile\" style=\"grid-template-columns:25% auto\"><figure class=\"wp-block-media-text__media\"><img loading=\"lazy\" decoding=\"async\" width=\"192\" height=\"263\" src=\"http:\/\/www.lesmissives.fr\/wp-content\/uploads\/2025\/01\/E.jpg\" alt=\"\" class=\"wp-image-6192 size-full\"\/><\/figure><div class=\"wp-block-media-text__content\">\n<p>Trois bouch\u00e8res badass. Une histoire de vengeance et de sororit\u00e9 \u00e0 mi-chemin entre <em>Dexter<\/em> dans une version 100% f\u00e9minine et <em>Boulevard de la Mort<\/em>. Des chapitres finement tranch\u00e9s. Voil\u00e0 la recette de ce roman qui taille en pi\u00e8ces le patriarcat et se d\u00e9vore rapidement !<\/p>\n<\/div><\/div>\n\n\n\n<p><\/p>\n\n\n\n<p><strong><em>\u00c9poque de Laura Poggioli (L&rsquo;Iconoclaste)<\/em><\/strong><\/p>\n\n\n\n<div class=\"wp-block-media-text is-stacked-on-mobile\" style=\"grid-template-columns:27% auto\"><figure class=\"wp-block-media-text__media\"><img loading=\"lazy\" decoding=\"async\" width=\"584\" height=\"800\" src=\"http:\/\/www.lesmissives.fr\/wp-content\/uploads\/2025\/01\/F.jpg\" alt=\"\" class=\"wp-image-6193 size-full\" srcset=\"http:\/\/www.lesmissives.fr\/wp-content\/uploads\/2025\/01\/F.jpg 584w, http:\/\/www.lesmissives.fr\/wp-content\/uploads\/2025\/01\/F-219x300.jpg 219w, http:\/\/www.lesmissives.fr\/wp-content\/uploads\/2025\/01\/F-400x548.jpg 400w\" sizes=\"(max-width: 584px) 100vw, 584px\" \/><\/figure><div class=\"wp-block-media-text__content\">\n<p>Dans son nouveau roman (pour un extrait du pr\u00e9c\u00e9dent <a href=\"http:\/\/www.lesmissives.fr\/index.php\/2022\/10\/03\/missives-en-ecoute-39-trois-soeurs-de-laura-poggioli\/\">c&rsquo;est ici<\/a>), Laura Poggioli navigue entre un service d&rsquo;addictologie pour ados et le souvenir d&rsquo;une liaison de l&rsquo;h\u00e9ro\u00efne avec un m\u00e9decin r\u00e9put\u00e9 pour questionner notre addiction aux \u00e9crans, la collecte des donn\u00e9es personnelles ou encore le harc\u00e8lement en ligne.<\/p>\n\n\n\n<p>Troublant et vraiment pertinent.<\/p>\n<\/div><\/div>\n\n\n\n<h2 class=\"wp-block-heading\">Et caetera<\/h2>\n\n\n\n<p>Dans les sorties de cette rentr\u00e9e, on guette aussi <em>Patronyme<\/em> de Vanessa Springora (Grasset), <em>Le secret des m\u00e8res<\/em> de Sophie de Baere (JC Latt\u00e8s), <em>Le ciel est mon drapeau<\/em> de Vidya Narine (Les Avrils), <em>La Mystification Patriarcale<\/em> de Francine Sporenda (\u00e9ditions LIbre) et pour de la po\u00e9sie <em>Nous vous parlons d&rsquo;amour<\/em> de Jeanne Benameur (\u00e9ditions Bruno Doucey) ou encore en litt\u00e9rature jeunesse <em>Le ciel de Joy <\/em>de Sophie Adriansen qui sort \u00e0 l&rsquo;occasion des 50 ans de la Loi Veil (pour \u00e9couter un autre texte de l&rsquo;autrice, <a href=\"http:\/\/www.lesmissives.fr\/index.php\/2020\/12\/12\/missives-en-ecoute-19-linea-nigra-de-sophie-adriansen\/\">l&rsquo;\u00e9pisode 19 d&rsquo;Entre Nos Lignes<\/a> consacr\u00e9 \u00e0 son roman Linea Nigra)<\/p>\n\n\n\n<p><\/p>\n","protected":false},"excerpt":{"rendered":"<p>La fille qui ne voulait pas se taire de Abi Dar\u00e9 (Harper Collins) Celle qui ne veut pas se taire, c&rsquo;est Adumni, une jeune Nig\u00e9riane de 14 ans vendue par son p\u00e8re \u00e0 un homme \u00e2g\u00e9 dont elle devient la troisi\u00e8me \u00e9pouse. Plong\u00e9e dans le Nig\u00e9ria comme dans la t\u00eate de cette jeune femme bien [&hellip;]<\/p>\n","protected":false},"author":23,"featured_media":6192,"comment_status":"closed","ping_status":"open","sticky":false,"template":"","format":"standard","meta":{"footnotes":""},"categories":[15],"tags":[],"class_list":["post-6187","post","type-post","status-publish","format-standard","has-post-thumbnail","hentry","category-agenda-des-parutions","has-thumbnail"],"yoast_head":"<!-- This site is optimized with the Yoast SEO plugin v23.5 - https:\/\/yoast.com\/wordpress\/plugins\/seo\/ -->\n<title>En janvier, qu&#039;est-ce qu&#039;on lit ! - Missives<\/title>\n<meta name=\"robots\" content=\"index, follow, max-snippet:-1, max-image-preview:large, max-video-preview:-1\" \/>\n<link rel=\"canonical\" href=\"http:\/\/www.lesmissives.fr\/index.php\/2025\/01\/13\/en-janvier-quest-ce-quon-lit\/\" \/>\n<meta property=\"og:locale\" content=\"fr_FR\" \/>\n<meta property=\"og:type\" content=\"article\" \/>\n<meta property=\"og:title\" content=\"En janvier, qu&#039;est-ce qu&#039;on lit ! - Missives\" \/>\n<meta property=\"og:description\" content=\"La fille qui ne voulait pas se taire de Abi Dar\u00e9 (Harper Collins) Celle qui ne veut pas se taire, c&rsquo;est Adumni, une jeune Nig\u00e9riane de 14 ans vendue par son p\u00e8re \u00e0 un homme \u00e2g\u00e9 dont elle devient la troisi\u00e8me \u00e9pouse. Plong\u00e9e dans le Nig\u00e9ria comme dans la t\u00eate de cette jeune femme bien [&hellip;]\" \/>\n<meta property=\"og:url\" content=\"http:\/\/www.lesmissives.fr\/index.php\/2025\/01\/13\/en-janvier-quest-ce-quon-lit\/\" \/>\n<meta property=\"og:site_name\" content=\"Missives\" \/>\n<meta property=\"article:publisher\" content=\"https:\/\/www.facebook.com\/LesMissives\/\" \/>\n<meta property=\"article:published_time\" content=\"2025-01-13T15:30:42+00:00\" \/>\n<meta property=\"article:modified_time\" content=\"2025-01-13T15:31:38+00:00\" \/>\n<meta property=\"og:image\" content=\"http:\/\/www.lesmissives.fr\/wp-content\/uploads\/2025\/01\/E.jpg\" \/>\n\t<meta property=\"og:image:width\" content=\"192\" \/>\n\t<meta property=\"og:image:height\" content=\"263\" \/>\n\t<meta property=\"og:image:type\" content=\"image\/jpeg\" \/>\n<meta name=\"author\" content=\"Marie-\u00c9milie Michel\" \/>\n<meta name=\"twitter:card\" content=\"summary_large_image\" \/>\n<meta name=\"twitter:label1\" content=\"\u00c9crit par\" \/>\n\t<meta name=\"twitter:data1\" content=\"Marie-\u00c9milie Michel\" \/>\n\t<meta name=\"twitter:label2\" content=\"Dur\u00e9e de lecture estim\u00e9e\" \/>\n\t<meta name=\"twitter:data2\" content=\"4 minutes\" \/>\n<script type=\"application\/ld+json\" class=\"yoast-schema-graph\">{\"@context\":\"https:\/\/schema.org\",\"@graph\":[{\"@type\":\"Article\",\"@id\":\"http:\/\/www.lesmissives.fr\/index.php\/2025\/01\/13\/en-janvier-quest-ce-quon-lit\/#article\",\"isPartOf\":{\"@id\":\"http:\/\/www.lesmissives.fr\/index.php\/2025\/01\/13\/en-janvier-quest-ce-quon-lit\/\"},\"author\":{\"name\":\"Marie-\u00c9milie Michel\",\"@id\":\"https:\/\/www.lesmissives.fr\/#\/schema\/person\/fe0f1735e47e39cddf6bebea8159eec6\"},\"headline\":\"En janvier, qu&rsquo;est-ce qu&rsquo;on lit !\",\"datePublished\":\"2025-01-13T15:30:42+00:00\",\"dateModified\":\"2025-01-13T15:31:38+00:00\",\"mainEntityOfPage\":{\"@id\":\"http:\/\/www.lesmissives.fr\/index.php\/2025\/01\/13\/en-janvier-quest-ce-quon-lit\/\"},\"wordCount\":553,\"publisher\":{\"@id\":\"https:\/\/www.lesmissives.fr\/#organization\"},\"image\":{\"@id\":\"http:\/\/www.lesmissives.fr\/index.php\/2025\/01\/13\/en-janvier-quest-ce-quon-lit\/#primaryimage\"},\"thumbnailUrl\":\"http:\/\/www.lesmissives.fr\/wp-content\/uploads\/2025\/01\/E.jpg\",\"articleSection\":[\"Agenda des parutions\"],\"inLanguage\":\"fr-FR\"},{\"@type\":\"WebPage\",\"@id\":\"http:\/\/www.lesmissives.fr\/index.php\/2025\/01\/13\/en-janvier-quest-ce-quon-lit\/\",\"url\":\"http:\/\/www.lesmissives.fr\/index.php\/2025\/01\/13\/en-janvier-quest-ce-quon-lit\/\",\"name\":\"En janvier, qu'est-ce qu'on lit ! - Missives\",\"isPartOf\":{\"@id\":\"https:\/\/www.lesmissives.fr\/#website\"},\"primaryImageOfPage\":{\"@id\":\"http:\/\/www.lesmissives.fr\/index.php\/2025\/01\/13\/en-janvier-quest-ce-quon-lit\/#primaryimage\"},\"image\":{\"@id\":\"http:\/\/www.lesmissives.fr\/index.php\/2025\/01\/13\/en-janvier-quest-ce-quon-lit\/#primaryimage\"},\"thumbnailUrl\":\"http:\/\/www.lesmissives.fr\/wp-content\/uploads\/2025\/01\/E.jpg\",\"datePublished\":\"2025-01-13T15:30:42+00:00\",\"dateModified\":\"2025-01-13T15:31:38+00:00\",\"breadcrumb\":{\"@id\":\"http:\/\/www.lesmissives.fr\/index.php\/2025\/01\/13\/en-janvier-quest-ce-quon-lit\/#breadcrumb\"},\"inLanguage\":\"fr-FR\",\"potentialAction\":[{\"@type\":\"ReadAction\",\"target\":[\"http:\/\/www.lesmissives.fr\/index.php\/2025\/01\/13\/en-janvier-quest-ce-quon-lit\/\"]}]},{\"@type\":\"ImageObject\",\"inLanguage\":\"fr-FR\",\"@id\":\"http:\/\/www.lesmissives.fr\/index.php\/2025\/01\/13\/en-janvier-quest-ce-quon-lit\/#primaryimage\",\"url\":\"http:\/\/www.lesmissives.fr\/wp-content\/uploads\/2025\/01\/E.jpg\",\"contentUrl\":\"http:\/\/www.lesmissives.fr\/wp-content\/uploads\/2025\/01\/E.jpg\",\"width\":192,\"height\":263},{\"@type\":\"BreadcrumbList\",\"@id\":\"http:\/\/www.lesmissives.fr\/index.php\/2025\/01\/13\/en-janvier-quest-ce-quon-lit\/#breadcrumb\",\"itemListElement\":[{\"@type\":\"ListItem\",\"position\":1,\"name\":\"Accueil\",\"item\":\"https:\/\/www.lesmissives.fr\/\"},{\"@type\":\"ListItem\",\"position\":2,\"name\":\"En janvier, qu&rsquo;est-ce qu&rsquo;on lit !\"}]},{\"@type\":\"WebSite\",\"@id\":\"https:\/\/www.lesmissives.fr\/#website\",\"url\":\"https:\/\/www.lesmissives.fr\/\",\"name\":\"Missives\",\"description\":\"Des livres os\u00e9s et f\u00e9ministes, au sens large\",\"publisher\":{\"@id\":\"https:\/\/www.lesmissives.fr\/#organization\"},\"potentialAction\":[{\"@type\":\"SearchAction\",\"target\":{\"@type\":\"EntryPoint\",\"urlTemplate\":\"https:\/\/www.lesmissives.fr\/?s={search_term_string}\"},\"query-input\":{\"@type\":\"PropertyValueSpecification\",\"valueRequired\":true,\"valueName\":\"search_term_string\"}}],\"inLanguage\":\"fr-FR\"},{\"@type\":\"Organization\",\"@id\":\"https:\/\/www.lesmissives.fr\/#organization\",\"name\":\"les missives\",\"url\":\"https:\/\/www.lesmissives.fr\/\",\"logo\":{\"@type\":\"ImageObject\",\"inLanguage\":\"fr-FR\",\"@id\":\"https:\/\/www.lesmissives.fr\/#\/schema\/logo\/image\/\",\"url\":\"http:\/\/www.lesmissives.fr\/wp-content\/uploads\/2025\/09\/cropped-LOGO-MISSIVES-ROUGE-COMPLET2-scaled-1.jpg\",\"contentUrl\":\"http:\/\/www.lesmissives.fr\/wp-content\/uploads\/2025\/09\/cropped-LOGO-MISSIVES-ROUGE-COMPLET2-scaled-1.jpg\",\"width\":1130,\"height\":800,\"caption\":\"les missives\"},\"image\":{\"@id\":\"https:\/\/www.lesmissives.fr\/#\/schema\/logo\/image\/\"},\"sameAs\":[\"https:\/\/www.facebook.com\/LesMissives\/\"]},{\"@type\":\"Person\",\"@id\":\"https:\/\/www.lesmissives.fr\/#\/schema\/person\/fe0f1735e47e39cddf6bebea8159eec6\",\"name\":\"Marie-\u00c9milie Michel\",\"image\":{\"@type\":\"ImageObject\",\"inLanguage\":\"fr-FR\",\"@id\":\"https:\/\/www.lesmissives.fr\/#\/schema\/person\/image\/\",\"url\":\"http:\/\/0.gravatar.com\/avatar\/f7fb41420d27b64c57fb71b769004666?s=96&d=mm&r=g\",\"contentUrl\":\"http:\/\/0.gravatar.com\/avatar\/f7fb41420d27b64c57fb71b769004666?s=96&d=mm&r=g\",\"caption\":\"Marie-\u00c9milie Michel\"},\"description\":\"Com\u00e9dienne, co-directrice artistique du collectif Lilalune etc, Marie-Emilie s'int\u00e9resse particuli\u00e8rement \u00e0 la question des femmes dans son travail sc\u00e9nique. Peut-\u00eatre parce qu'elle a \u00e9tudi\u00e9 le journalisme et qu'elle voit tout texte comme une mati\u00e8re vivante, elle a \u00e9galement initi\u00e9 des \\\"lectures citoyennes\\\" : reflets de questionnements li\u00e9s \u00e0 un th\u00e8me d'actualit\u00e9, assemblage de regards et de textes, men\u00e9es \u00e0 trois voix. La derni\u00e8re en date s'appelait \\\"F\u00e9ministe, ta m\u00e8re\\\"!\u00a0C'est donc tout naturellement que sa passion des mots et son engagement f\u00e9ministe l'ont men\u00e9e \u00e0 partager ses lectures sur Missives.\",\"url\":\"http:\/\/www.lesmissives.fr\/index.php\/author\/marieemiliemichel\/\"}]}<\/script>\n<!-- \/ Yoast SEO plugin. -->","yoast_head_json":{"title":"En janvier, qu'est-ce qu'on lit ! - Missives","robots":{"index":"index","follow":"follow","max-snippet":"max-snippet:-1","max-image-preview":"max-image-preview:large","max-video-preview":"max-video-preview:-1"},"canonical":"http:\/\/www.lesmissives.fr\/index.php\/2025\/01\/13\/en-janvier-quest-ce-quon-lit\/","og_locale":"fr_FR","og_type":"article","og_title":"En janvier, qu'est-ce qu'on lit ! - Missives","og_description":"La fille qui ne voulait pas se taire de Abi Dar\u00e9 (Harper Collins) Celle qui ne veut pas se taire, c&rsquo;est Adumni, une jeune Nig\u00e9riane de 14 ans vendue par son p\u00e8re \u00e0 un homme \u00e2g\u00e9 dont elle devient la troisi\u00e8me \u00e9pouse. Plong\u00e9e dans le Nig\u00e9ria comme dans la t\u00eate de cette jeune femme bien [&hellip;]","og_url":"http:\/\/www.lesmissives.fr\/index.php\/2025\/01\/13\/en-janvier-quest-ce-quon-lit\/","og_site_name":"Missives","article_publisher":"https:\/\/www.facebook.com\/LesMissives\/","article_published_time":"2025-01-13T15:30:42+00:00","article_modified_time":"2025-01-13T15:31:38+00:00","og_image":[{"width":192,"height":263,"url":"http:\/\/www.lesmissives.fr\/wp-content\/uploads\/2025\/01\/E.jpg","type":"image\/jpeg"}],"author":"Marie-\u00c9milie Michel","twitter_card":"summary_large_image","twitter_misc":{"\u00c9crit par":"Marie-\u00c9milie Michel","Dur\u00e9e de lecture estim\u00e9e":"4 minutes"},"schema":{"@context":"https:\/\/schema.org","@graph":[{"@type":"Article","@id":"http:\/\/www.lesmissives.fr\/index.php\/2025\/01\/13\/en-janvier-quest-ce-quon-lit\/#article","isPartOf":{"@id":"http:\/\/www.lesmissives.fr\/index.php\/2025\/01\/13\/en-janvier-quest-ce-quon-lit\/"},"author":{"name":"Marie-\u00c9milie Michel","@id":"https:\/\/www.lesmissives.fr\/#\/schema\/person\/fe0f1735e47e39cddf6bebea8159eec6"},"headline":"En janvier, qu&rsquo;est-ce qu&rsquo;on lit !","datePublished":"2025-01-13T15:30:42+00:00","dateModified":"2025-01-13T15:31:38+00:00","mainEntityOfPage":{"@id":"http:\/\/www.lesmissives.fr\/index.php\/2025\/01\/13\/en-janvier-quest-ce-quon-lit\/"},"wordCount":553,"publisher":{"@id":"https:\/\/www.lesmissives.fr\/#organization"},"image":{"@id":"http:\/\/www.lesmissives.fr\/index.php\/2025\/01\/13\/en-janvier-quest-ce-quon-lit\/#primaryimage"},"thumbnailUrl":"http:\/\/www.lesmissives.fr\/wp-content\/uploads\/2025\/01\/E.jpg","articleSection":["Agenda des parutions"],"inLanguage":"fr-FR"},{"@type":"WebPage","@id":"http:\/\/www.lesmissives.fr\/index.php\/2025\/01\/13\/en-janvier-quest-ce-quon-lit\/","url":"http:\/\/www.lesmissives.fr\/index.php\/2025\/01\/13\/en-janvier-quest-ce-quon-lit\/","name":"En janvier, qu'est-ce qu'on lit ! - Missives","isPartOf":{"@id":"https:\/\/www.lesmissives.fr\/#website"},"primaryImageOfPage":{"@id":"http:\/\/www.lesmissives.fr\/index.php\/2025\/01\/13\/en-janvier-quest-ce-quon-lit\/#primaryimage"},"image":{"@id":"http:\/\/www.lesmissives.fr\/index.php\/2025\/01\/13\/en-janvier-quest-ce-quon-lit\/#primaryimage"},"thumbnailUrl":"http:\/\/www.lesmissives.fr\/wp-content\/uploads\/2025\/01\/E.jpg","datePublished":"2025-01-13T15:30:42+00:00","dateModified":"2025-01-13T15:31:38+00:00","breadcrumb":{"@id":"http:\/\/www.lesmissives.fr\/index.php\/2025\/01\/13\/en-janvier-quest-ce-quon-lit\/#breadcrumb"},"inLanguage":"fr-FR","potentialAction":[{"@type":"ReadAction","target":["http:\/\/www.lesmissives.fr\/index.php\/2025\/01\/13\/en-janvier-quest-ce-quon-lit\/"]}]},{"@type":"ImageObject","inLanguage":"fr-FR","@id":"http:\/\/www.lesmissives.fr\/index.php\/2025\/01\/13\/en-janvier-quest-ce-quon-lit\/#primaryimage","url":"http:\/\/www.lesmissives.fr\/wp-content\/uploads\/2025\/01\/E.jpg","contentUrl":"http:\/\/www.lesmissives.fr\/wp-content\/uploads\/2025\/01\/E.jpg","width":192,"height":263},{"@type":"BreadcrumbList","@id":"http:\/\/www.lesmissives.fr\/index.php\/2025\/01\/13\/en-janvier-quest-ce-quon-lit\/#breadcrumb","itemListElement":[{"@type":"ListItem","position":1,"name":"Accueil","item":"https:\/\/www.lesmissives.fr\/"},{"@type":"ListItem","position":2,"name":"En janvier, qu&rsquo;est-ce qu&rsquo;on lit !"}]},{"@type":"WebSite","@id":"https:\/\/www.lesmissives.fr\/#website","url":"https:\/\/www.lesmissives.fr\/","name":"Missives","description":"Des livres os\u00e9s et f\u00e9ministes, au sens large","publisher":{"@id":"https:\/\/www.lesmissives.fr\/#organization"},"potentialAction":[{"@type":"SearchAction","target":{"@type":"EntryPoint","urlTemplate":"https:\/\/www.lesmissives.fr\/?s={search_term_string}"},"query-input":{"@type":"PropertyValueSpecification","valueRequired":true,"valueName":"search_term_string"}}],"inLanguage":"fr-FR"},{"@type":"Organization","@id":"https:\/\/www.lesmissives.fr\/#organization","name":"les missives","url":"https:\/\/www.lesmissives.fr\/","logo":{"@type":"ImageObject","inLanguage":"fr-FR","@id":"https:\/\/www.lesmissives.fr\/#\/schema\/logo\/image\/","url":"http:\/\/www.lesmissives.fr\/wp-content\/uploads\/2025\/09\/cropped-LOGO-MISSIVES-ROUGE-COMPLET2-scaled-1.jpg","contentUrl":"http:\/\/www.lesmissives.fr\/wp-content\/uploads\/2025\/09\/cropped-LOGO-MISSIVES-ROUGE-COMPLET2-scaled-1.jpg","width":1130,"height":800,"caption":"les missives"},"image":{"@id":"https:\/\/www.lesmissives.fr\/#\/schema\/logo\/image\/"},"sameAs":["https:\/\/www.facebook.com\/LesMissives\/"]},{"@type":"Person","@id":"https:\/\/www.lesmissives.fr\/#\/schema\/person\/fe0f1735e47e39cddf6bebea8159eec6","name":"Marie-\u00c9milie Michel","image":{"@type":"ImageObject","inLanguage":"fr-FR","@id":"https:\/\/www.lesmissives.fr\/#\/schema\/person\/image\/","url":"http:\/\/0.gravatar.com\/avatar\/f7fb41420d27b64c57fb71b769004666?s=96&d=mm&r=g","contentUrl":"http:\/\/0.gravatar.com\/avatar\/f7fb41420d27b64c57fb71b769004666?s=96&d=mm&r=g","caption":"Marie-\u00c9milie Michel"},"description":"Com\u00e9dienne, co-directrice artistique du collectif Lilalune etc, Marie-Emilie s'int\u00e9resse particuli\u00e8rement \u00e0 la question des femmes dans son travail sc\u00e9nique. Peut-\u00eatre parce qu'elle a \u00e9tudi\u00e9 le journalisme et qu'elle voit tout texte comme une mati\u00e8re vivante, elle a \u00e9galement initi\u00e9 des \"lectures citoyennes\" : reflets de questionnements li\u00e9s \u00e0 un th\u00e8me d'actualit\u00e9, assemblage de regards et de textes, men\u00e9es \u00e0 trois voix. La derni\u00e8re en date s'appelait \"F\u00e9ministe, ta m\u00e8re\"!\u00a0C'est donc tout naturellement que sa passion des mots et son engagement f\u00e9ministe l'ont men\u00e9e \u00e0 partager ses lectures sur Missives.","url":"http:\/\/www.lesmissives.fr\/index.php\/author\/marieemiliemichel\/"}]}},"_links":{"self":[{"href":"http:\/\/www.lesmissives.fr\/index.php\/wp-json\/wp\/v2\/posts\/6187"}],"collection":[{"href":"http:\/\/www.lesmissives.fr\/index.php\/wp-json\/wp\/v2\/posts"}],"about":[{"href":"http:\/\/www.lesmissives.fr\/index.php\/wp-json\/wp\/v2\/types\/post"}],"author":[{"embeddable":true,"href":"http:\/\/www.lesmissives.fr\/index.php\/wp-json\/wp\/v2\/users\/23"}],"replies":[{"embeddable":true,"href":"http:\/\/www.lesmissives.fr\/index.php\/wp-json\/wp\/v2\/comments?post=6187"}],"version-history":[{"count":2,"href":"http:\/\/www.lesmissives.fr\/index.php\/wp-json\/wp\/v2\/posts\/6187\/revisions"}],"predecessor-version":[{"id":6195,"href":"http:\/\/www.lesmissives.fr\/index.php\/wp-json\/wp\/v2\/posts\/6187\/revisions\/6195"}],"wp:featuredmedia":[{"embeddable":true,"href":"http:\/\/www.lesmissives.fr\/index.php\/wp-json\/wp\/v2\/media\/6192"}],"wp:attachment":[{"href":"http:\/\/www.lesmissives.fr\/index.php\/wp-json\/wp\/v2\/media?parent=6187"}],"wp:term":[{"taxonomy":"category","embeddable":true,"href":"http:\/\/www.lesmissives.fr\/index.php\/wp-json\/wp\/v2\/categories?post=6187"},{"taxonomy":"post_tag","embeddable":true,"href":"http:\/\/www.lesmissives.fr\/index.php\/wp-json\/wp\/v2\/tags?post=6187"}],"curies":[{"name":"wp","href":"https:\/\/api.w.org\/{rel}","templated":true}]}}