{"id":5137,"date":"2023-05-30T10:55:24","date_gmt":"2023-05-30T08:55:24","guid":{"rendered":"http:\/\/www.lesmissives.fr\/?p=5137"},"modified":"2023-05-30T10:55:25","modified_gmt":"2023-05-30T08:55:25","slug":"je-suis-une-chose-qui-commence-deviens-celle-que-tu-es-dhedwig-dohm-une-pionniere-du-feminisme-allemand","status":"publish","type":"post","link":"http:\/\/www.lesmissives.fr\/index.php\/2023\/05\/30\/je-suis-une-chose-qui-commence-deviens-celle-que-tu-es-dhedwig-dohm-une-pionniere-du-feminisme-allemand\/","title":{"rendered":"\u00ab Je suis une chose qui commence \u00bb : Deviens celle que tu es d&rsquo;Hedwig Dohm, une pionni\u00e8re du f\u00e9minisme allemand."},"content":{"rendered":"\n<p>Lire Hedwig Dohm en 2023, c\u2019est \u00eatre un peu perdu\u2022e dans l\u2019espace-temps. Ses mots sont tellement actuels que l\u2019on aurait tendance \u00e0 imaginer son h\u00e9ro\u00efne, Agn\u00e8s Schmidt, comme une femme des ann\u00e9es 1970 s\u2019\u00e9veillant aux questions f\u00e9ministes. Sauf que <em>Deviens celle que tu es<a href=\"#_ftn1\"><strong>[1]<\/strong><\/a><\/em> a \u00e9t\u00e9 \u00e9dit\u00e9 pour la premi\u00e8re fois en Allemagne en\u2026 1894\u00a0! V\u00e9ritable pionni\u00e8re du f\u00e9minisme allemand, Hedwig Dohm est enfin r\u00e9\u00e9dit\u00e9e en France chez Corti, dans une superbe traduction de Marie-France de Palacio.<\/p>\n\n\n\n<figure class=\"wp-block-image size-large\"><img loading=\"lazy\" decoding=\"async\" width=\"821\" height=\"431\" src=\"http:\/\/www.lesmissives.fr\/wp-content\/uploads\/2023\/05\/A-2.jpg\" alt=\"\" class=\"wp-image-5139\" srcset=\"http:\/\/www.lesmissives.fr\/wp-content\/uploads\/2023\/05\/A-2.jpg 821w, http:\/\/www.lesmissives.fr\/wp-content\/uploads\/2023\/05\/A-2-300x157.jpg 300w, http:\/\/www.lesmissives.fr\/wp-content\/uploads\/2023\/05\/A-2-768x403.jpg 768w, http:\/\/www.lesmissives.fr\/wp-content\/uploads\/2023\/05\/A-2-400x210.jpg 400w, http:\/\/www.lesmissives.fr\/wp-content\/uploads\/2023\/05\/A-2-800x420.jpg 800w\" sizes=\"(max-width: 821px) 100vw, 821px\" \/><\/figure>\n\n\n\n<p>C\u2019est dans un h\u00f4pital psychiatrique, \u00e0 travers les yeux de son m\u00e9decin r\u00e9f\u00e9rent, le docteur Behrend, que nous d\u00e9couvrons Agn\u00e8s au d\u00e9but de cette nouvelle. Femme aux lubies un peu ridicules&nbsp;? Veuve ayant sombr\u00e9 dans la folie&nbsp;? Vieillarde en perte de rep\u00e8res&nbsp;? Un peu tout cela \u00e0 la fois pour l\u2019\u00e9quipe m\u00e9dicale. Dans un moment de lucidit\u00e9, Agn\u00e8s confie son journal intime \u00e0 son m\u00e9decin. Il en d\u00e9couvre alors le contenu en m\u00eame temps que les lecteurices d\u2019Hedwig Dohm. Ce proc\u00e9d\u00e9 narratif permet \u00e0 l\u2019autrice de renverser le point de vue et donne un espace d\u2019expression totalement libre \u00e0 sa narratrice.<\/p>\n\n\n\n<p>Devenue veuve \u00e0 55 ans, Agn\u00e8s se met \u00e0 \u00e9crire ses questionnements, ses doutes, ses r\u00e9flexions naissantes. Ce qui d\u00e9clenche cet acte d\u2019\u00e9criture, c\u2019est la prise de consciente douloureuse de son absence de but&nbsp;: <em>\u00ab&nbsp;Peut-\u00eatre est-ce justement cela qui me ronge, d\u2019\u00eatre encore l\u00e0 sans savoir \u00e0 quelle fin&nbsp;?&nbsp;\u00bb<\/em> Comment occuper son temps lorsque l\u2019on a pass\u00e9 sa vie \u00e0 vivre et agir pour les autres&nbsp;?<\/p>\n\n\n\n<blockquote class=\"wp-block-quote is-layout-flow wp-block-quote-is-layout-flow\"><p><em>\u00ab\u00a0On m\u2019avait encha\u00een\u00e9e. Maintenant je me suis lib\u00e9r\u00e9e et je d\u00e9ambule, errante, dans le monde, nouveau et \u00e9tranger, et peut-\u00eatre pourrais-je provoquer quelque d\u00e9sastre, mais voici qu\u2019appara\u00eet d\u00e9j\u00e0 une nouvelle cha\u00eene\u00a0: l\u2019\u00e2ge.\u00a0\u00bb<\/em><\/p><\/blockquote>\n\n\n\n<p>&nbsp;&nbsp;&nbsp;&nbsp;&nbsp;&nbsp;&nbsp;&nbsp;&nbsp;&nbsp;&nbsp; La vieillesse, et plus pr\u00e9cis\u00e9ment celle des femmes, est l\u2019un des th\u00e8mes majeurs abord\u00e9s par Hedwig Dohm dans ce texte. L\u2019h\u00e9ro\u00efne se questionne sur ce qu\u2019elle pourrait s\u2019autoriser \u00e0 faire maintenant qu\u2019elle a retrouv\u00e9 l\u2019usage int\u00e9gral de son temps. Mais le poids de la soci\u00e9t\u00e9 p\u00e8se \u00e0 la fois sur ses r\u00e9flexions et sur l\u2019image qu\u2019elle a de sa propre personne. Aux yeux de ses proches, elle est une vieille dame, une grand-m\u00e8re, une veuve&nbsp;; au plus profond d\u2019elle-m\u00eame, elle se sent submerg\u00e9e par de nouvelles envies. Lire, aller au mus\u00e9e, voyager. Errer dans un parc, s\u2019\u00e9merveiller de la nature, s\u2019\u00e9mouvoir face \u00e0 un jeune homme qui aurait pu \u00eatre son amant quelques dizaines d\u2019ann\u00e9es plus t\u00f4t. L\u00e2cher ses cheveux gris sur ses \u00e9paules, se coudre une robe semblable \u00e0 celles de Marie-Antoinette, porter une couronne de myrte. <em>\u00ab&nbsp;Je suis curieuse de moi-m\u00eame.&nbsp;\u00bb<\/em>, \u00e9crit-elle.<\/p>\n\n\n\n<p>&nbsp;&nbsp;&nbsp;&nbsp;&nbsp;&nbsp;&nbsp;&nbsp;&nbsp;&nbsp;&nbsp; Comme une vague, le flux et le reflux de ses pens\u00e9es et de ses d\u00e9sirs la m\u00e8nent de l\u2019exaltation au d\u00e9sespoir. Car commencer \u00e0 questionner sa condition, c\u2019est entamer une chute dans le puits sans fond des injustices subies par les femmes. Et c\u2019est pr\u00e9cis\u00e9ment dans ces prises de conscience que le texte d\u2019Hedwig Dohm \u00e9blouit par sa modernit\u00e9. Ce sont toutes les questions soulev\u00e9es par les mouvements f\u00e9ministes du XX<sup>e&nbsp;<\/sup>si\u00e8cle qui sont effleur\u00e9es les unes apr\u00e8s les autres par Agn\u00e8s avec une grande clart\u00e9 d\u2019esprit, une perspicacit\u00e9 qui finira par la faire sombrer dans une forme de folie. C\u2019est un paradoxe bouleversant et Hedwig Dohm le met en mots avec brio. Agn\u00e8s prend pleinement conscience d\u2019elle-m\u00eame et se trouve parfois d\u00e9pass\u00e9e par ses propres pens\u00e9es et par la puissance de ses \u00e9motions. Elle est par exemple prise d\u2019une grande col\u00e8re lorsqu\u2019elle appelle, ni plus ni moins, \u00e0 abolir le syst\u00e8me de domination des hommes sur les femmes&nbsp;:<\/p>\n\n\n\n<blockquote class=\"wp-block-quote is-layout-flow wp-block-quote-is-layout-flow\"><p><em>\u00ab\u00a0Pourquoi fallait-il que je vive comme j\u2019ai v\u00e9cu\u00a0? parce que je suis une femme et parce qu\u2019il est \u00e9crit sur d\u2019antiques tables de lois en airain comment la femme doit vivre\u00a0? mais cet \u00e9crit est faux, il est faux\u00a0!<\/em><\/p><\/blockquote>\n\n\n\n<blockquote class=\"wp-block-quote is-layout-flow wp-block-quote-is-layout-flow\"><p><em>Pourquoi personne n\u2019a-t-il effac\u00e9 cet \u00e9crit si faux\u00a0? Parce qu\u2019on ne peut pas effacer les lettres d\u2019airain\u00a0?<\/em><\/p><\/blockquote>\n\n\n\n<blockquote class=\"wp-block-quote is-layout-flow wp-block-quote-is-layout-flow\"><p><em>Alors qu\u2019on an\u00e9antisse les tables, comme Mo\u00efse le fit au Sina\u00ef. Qu\u2019on les an\u00e9antisse\u00a0!\u00a0\u00bb<\/em><\/p><\/blockquote>\n\n\n\n<p>Le syst\u00e8me patriarcal d\u00e9masqu\u00e9 d\u00e8s 1894. Et Agn\u00e8s ne se contente pas d\u2019une pens\u00e9e autocentr\u00e9e, elle fait le lien entre sa condition et celle de ses filles, mais aussi de toutes les femmes, et plus largement encore de la soci\u00e9t\u00e9 dans son ensemble&nbsp;: tous et toutes victimes d\u2019une domination mortif\u00e8re.<\/p>\n\n\n\n<blockquote class=\"wp-block-quote is-layout-flow wp-block-quote-is-layout-flow\"><p><em>\u00ab\u00a0L\u2019injustice que l\u2019on a commise \u00e0 mon endroit, on l\u2019a commise envers tout le monde. Ce qui en moi veut \u00eatre d\u00e9livr\u00e9 veut simultan\u00e9ment d\u00e9livrer d\u2019autres que moi. Emp\u00eache-t-on un arbre de cro\u00eetre, on tue aussi les fruits, on tue l\u2019ombre qui aurait apport\u00e9 de la fra\u00eecheur aux autres.\u00a0\u00bb<\/em><\/p><\/blockquote>\n\n\n\n<p>Sororit\u00e9, inclusivit\u00e9, convergence des luttes\u2026 Des termes bien anachroniques auxquels l\u2019on pourrait ajouter celui d\u2019\u00e9cof\u00e9minisme. Car il faudrait aussi parler des pages magnifiques de lyrisme dans lesquelles la narratrice \u2013 et donc l\u2019autrice \u2013 d\u00e9crit la nature qui l\u2019entoure durant ses voyages, sa beaut\u00e9 magistrale, l\u2019absurdit\u00e9 des hommes qui se croient au-dessus de toute cette splendeur. Mais le texte est court, et il faut en laisser \u00e0 la d\u00e9couverte. Apr\u00e8s la nouvelle, une postface \u00e9crite par la Marie-France de Palacio est \u00e0 ne surtout pas manquer. La traductrice nous en apprend plus sur la vie d\u2019Hedwig Dohm et sur les motifs qui parcourent son \u0153uvre\u00a0: fascinant\u00a0!<\/p>\n\n\n\n<p>&nbsp;&nbsp;&nbsp;&nbsp;&nbsp;&nbsp;&nbsp;&nbsp;&nbsp;&nbsp;&nbsp; Lire Hedwig Dohm en 2023, c\u2019est s\u2019\u00e9mouvoir et enrager face \u00e0 la similitude des revendications f\u00e9ministes qui s\u2019expriment pr\u00e8s de 130 ans apr\u00e8s l\u2019\u00e9criture de ce texte.<\/p>\n\n\n\n<p>Tant a chang\u00e9, et finalement si peu.<\/p>\n\n\n\n<hr class=\"wp-block-separator\"\/>\n\n\n\n<p><a href=\"#_ftnref1\">[1]<\/a> <em>Deviens celle que tu es<\/em>, Hedwig Dohm, traduit et postfac\u00e9 par Marie-France de Palacio, \u00e9ditions Jos\u00e9 Corti, 2023.<\/p>\n","protected":false},"excerpt":{"rendered":"<p>Lire Hedwig Dohm en 2023, c\u2019est \u00eatre un peu perdu\u2022e dans l\u2019espace-temps. Ses mots sont tellement actuels que l\u2019on aurait tendance \u00e0 imaginer son h\u00e9ro\u00efne, Agn\u00e8s Schmidt, comme une femme des ann\u00e9es 1970 s\u2019\u00e9veillant aux questions f\u00e9ministes. Sauf que Deviens celle que tu es[1] a \u00e9t\u00e9 \u00e9dit\u00e9 pour la premi\u00e8re fois en Allemagne en\u2026 1894\u00a0! [&hellip;]<\/p>\n","protected":false},"author":31,"featured_media":5138,"comment_status":"closed","ping_status":"open","sticky":false,"template":"","format":"standard","meta":{"footnotes":""},"categories":[8],"tags":[],"class_list":["post-5137","post","type-post","status-publish","format-standard","has-post-thumbnail","hentry","category-girl-power-fiction","has-thumbnail"],"yoast_head":"<!-- This site is optimized with the Yoast SEO plugin v23.5 - https:\/\/yoast.com\/wordpress\/plugins\/seo\/ -->\n<title>\u00ab Je suis une chose qui commence \u00bb : Deviens celle que tu es d&#039;Hedwig Dohm, une pionni\u00e8re du f\u00e9minisme allemand. - Missives<\/title>\n<meta name=\"robots\" content=\"index, follow, max-snippet:-1, max-image-preview:large, max-video-preview:-1\" \/>\n<link rel=\"canonical\" href=\"http:\/\/www.lesmissives.fr\/index.php\/2023\/05\/30\/je-suis-une-chose-qui-commence-deviens-celle-que-tu-es-dhedwig-dohm-une-pionniere-du-feminisme-allemand\/\" \/>\n<meta property=\"og:locale\" content=\"fr_FR\" \/>\n<meta property=\"og:type\" content=\"article\" \/>\n<meta property=\"og:title\" content=\"\u00ab Je suis une chose qui commence \u00bb : Deviens celle que tu es d&#039;Hedwig Dohm, une pionni\u00e8re du f\u00e9minisme allemand. - Missives\" \/>\n<meta property=\"og:description\" content=\"Lire Hedwig Dohm en 2023, c\u2019est \u00eatre un peu perdu\u2022e dans l\u2019espace-temps. Ses mots sont tellement actuels que l\u2019on aurait tendance \u00e0 imaginer son h\u00e9ro\u00efne, Agn\u00e8s Schmidt, comme une femme des ann\u00e9es 1970 s\u2019\u00e9veillant aux questions f\u00e9ministes. Sauf que Deviens celle que tu es[1] a \u00e9t\u00e9 \u00e9dit\u00e9 pour la premi\u00e8re fois en Allemagne en\u2026 1894\u00a0! [&hellip;]\" \/>\n<meta property=\"og:url\" content=\"http:\/\/www.lesmissives.fr\/index.php\/2023\/05\/30\/je-suis-une-chose-qui-commence-deviens-celle-que-tu-es-dhedwig-dohm-une-pionniere-du-feminisme-allemand\/\" \/>\n<meta property=\"og:site_name\" content=\"Missives\" \/>\n<meta property=\"article:publisher\" content=\"https:\/\/www.facebook.com\/LesMissives\/\" \/>\n<meta property=\"article:published_time\" content=\"2023-05-30T08:55:24+00:00\" \/>\n<meta property=\"article:modified_time\" content=\"2023-05-30T08:55:25+00:00\" \/>\n<meta property=\"og:image\" content=\"http:\/\/www.lesmissives.fr\/wp-content\/uploads\/2023\/05\/A-2.jpg\" \/>\n\t<meta property=\"og:image:width\" content=\"821\" \/>\n\t<meta property=\"og:image:height\" content=\"431\" \/>\n\t<meta property=\"og:image:type\" content=\"image\/jpeg\" \/>\n<meta name=\"author\" content=\"Manon Rolland\" \/>\n<meta name=\"twitter:card\" content=\"summary_large_image\" \/>\n<meta name=\"twitter:label1\" content=\"\u00c9crit par\" \/>\n\t<meta name=\"twitter:data1\" content=\"Manon Rolland\" \/>\n\t<meta name=\"twitter:label2\" content=\"Dur\u00e9e de lecture estim\u00e9e\" \/>\n\t<meta name=\"twitter:data2\" content=\"5 minutes\" \/>\n<script type=\"application\/ld+json\" class=\"yoast-schema-graph\">{\"@context\":\"https:\/\/schema.org\",\"@graph\":[{\"@type\":\"Article\",\"@id\":\"http:\/\/www.lesmissives.fr\/index.php\/2023\/05\/30\/je-suis-une-chose-qui-commence-deviens-celle-que-tu-es-dhedwig-dohm-une-pionniere-du-feminisme-allemand\/#article\",\"isPartOf\":{\"@id\":\"http:\/\/www.lesmissives.fr\/index.php\/2023\/05\/30\/je-suis-une-chose-qui-commence-deviens-celle-que-tu-es-dhedwig-dohm-une-pionniere-du-feminisme-allemand\/\"},\"author\":{\"name\":\"Manon Rolland\",\"@id\":\"http:\/\/www.lesmissives.fr\/#\/schema\/person\/92c15cb840f1dc535fff5b350203923b\"},\"headline\":\"\u00ab Je suis une chose qui commence \u00bb : Deviens celle que tu es d&rsquo;Hedwig Dohm, une pionni\u00e8re du f\u00e9minisme allemand.\",\"datePublished\":\"2023-05-30T08:55:24+00:00\",\"dateModified\":\"2023-05-30T08:55:25+00:00\",\"mainEntityOfPage\":{\"@id\":\"http:\/\/www.lesmissives.fr\/index.php\/2023\/05\/30\/je-suis-une-chose-qui-commence-deviens-celle-que-tu-es-dhedwig-dohm-une-pionniere-du-feminisme-allemand\/\"},\"wordCount\":1107,\"publisher\":{\"@id\":\"http:\/\/www.lesmissives.fr\/#organization\"},\"image\":{\"@id\":\"http:\/\/www.lesmissives.fr\/index.php\/2023\/05\/30\/je-suis-une-chose-qui-commence-deviens-celle-que-tu-es-dhedwig-dohm-une-pionniere-du-feminisme-allemand\/#primaryimage\"},\"thumbnailUrl\":\"http:\/\/www.lesmissives.fr\/wp-content\/uploads\/2023\/05\/deviens-celle-que-tu-es.jpg\",\"articleSection\":[\"Fiction\"],\"inLanguage\":\"fr-FR\"},{\"@type\":\"WebPage\",\"@id\":\"http:\/\/www.lesmissives.fr\/index.php\/2023\/05\/30\/je-suis-une-chose-qui-commence-deviens-celle-que-tu-es-dhedwig-dohm-une-pionniere-du-feminisme-allemand\/\",\"url\":\"http:\/\/www.lesmissives.fr\/index.php\/2023\/05\/30\/je-suis-une-chose-qui-commence-deviens-celle-que-tu-es-dhedwig-dohm-une-pionniere-du-feminisme-allemand\/\",\"name\":\"\u00ab Je suis une chose qui commence \u00bb : Deviens celle que tu es d'Hedwig Dohm, une pionni\u00e8re du f\u00e9minisme allemand. - Missives\",\"isPartOf\":{\"@id\":\"http:\/\/www.lesmissives.fr\/#website\"},\"primaryImageOfPage\":{\"@id\":\"http:\/\/www.lesmissives.fr\/index.php\/2023\/05\/30\/je-suis-une-chose-qui-commence-deviens-celle-que-tu-es-dhedwig-dohm-une-pionniere-du-feminisme-allemand\/#primaryimage\"},\"image\":{\"@id\":\"http:\/\/www.lesmissives.fr\/index.php\/2023\/05\/30\/je-suis-une-chose-qui-commence-deviens-celle-que-tu-es-dhedwig-dohm-une-pionniere-du-feminisme-allemand\/#primaryimage\"},\"thumbnailUrl\":\"http:\/\/www.lesmissives.fr\/wp-content\/uploads\/2023\/05\/deviens-celle-que-tu-es.jpg\",\"datePublished\":\"2023-05-30T08:55:24+00:00\",\"dateModified\":\"2023-05-30T08:55:25+00:00\",\"breadcrumb\":{\"@id\":\"http:\/\/www.lesmissives.fr\/index.php\/2023\/05\/30\/je-suis-une-chose-qui-commence-deviens-celle-que-tu-es-dhedwig-dohm-une-pionniere-du-feminisme-allemand\/#breadcrumb\"},\"inLanguage\":\"fr-FR\",\"potentialAction\":[{\"@type\":\"ReadAction\",\"target\":[\"http:\/\/www.lesmissives.fr\/index.php\/2023\/05\/30\/je-suis-une-chose-qui-commence-deviens-celle-que-tu-es-dhedwig-dohm-une-pionniere-du-feminisme-allemand\/\"]}]},{\"@type\":\"ImageObject\",\"inLanguage\":\"fr-FR\",\"@id\":\"http:\/\/www.lesmissives.fr\/index.php\/2023\/05\/30\/je-suis-une-chose-qui-commence-deviens-celle-que-tu-es-dhedwig-dohm-une-pionniere-du-feminisme-allemand\/#primaryimage\",\"url\":\"http:\/\/www.lesmissives.fr\/wp-content\/uploads\/2023\/05\/deviens-celle-que-tu-es.jpg\",\"contentUrl\":\"http:\/\/www.lesmissives.fr\/wp-content\/uploads\/2023\/05\/deviens-celle-que-tu-es.jpg\",\"width\":175,\"height\":220},{\"@type\":\"BreadcrumbList\",\"@id\":\"http:\/\/www.lesmissives.fr\/index.php\/2023\/05\/30\/je-suis-une-chose-qui-commence-deviens-celle-que-tu-es-dhedwig-dohm-une-pionniere-du-feminisme-allemand\/#breadcrumb\",\"itemListElement\":[{\"@type\":\"ListItem\",\"position\":1,\"name\":\"Accueil\",\"item\":\"http:\/\/www.lesmissives.fr\/\"},{\"@type\":\"ListItem\",\"position\":2,\"name\":\"\u00ab Je suis une chose qui commence \u00bb : Deviens celle que tu es d&rsquo;Hedwig Dohm, une pionni\u00e8re du f\u00e9minisme allemand.\"}]},{\"@type\":\"WebSite\",\"@id\":\"http:\/\/www.lesmissives.fr\/#website\",\"url\":\"http:\/\/www.lesmissives.fr\/\",\"name\":\"Missives\",\"description\":\"Des livres os\u00e9s et f\u00e9ministes, au sens large\",\"publisher\":{\"@id\":\"http:\/\/www.lesmissives.fr\/#organization\"},\"potentialAction\":[{\"@type\":\"SearchAction\",\"target\":{\"@type\":\"EntryPoint\",\"urlTemplate\":\"http:\/\/www.lesmissives.fr\/?s={search_term_string}\"},\"query-input\":{\"@type\":\"PropertyValueSpecification\",\"valueRequired\":true,\"valueName\":\"search_term_string\"}}],\"inLanguage\":\"fr-FR\"},{\"@type\":\"Organization\",\"@id\":\"http:\/\/www.lesmissives.fr\/#organization\",\"name\":\"les missives\",\"url\":\"http:\/\/www.lesmissives.fr\/\",\"logo\":{\"@type\":\"ImageObject\",\"inLanguage\":\"fr-FR\",\"@id\":\"http:\/\/www.lesmissives.fr\/#\/schema\/logo\/image\/\",\"url\":\"http:\/\/www.lesmissives.fr\/wp-content\/uploads\/2025\/09\/cropped-LOGO-MISSIVES-ROUGE-COMPLET2-scaled-1.jpg\",\"contentUrl\":\"http:\/\/www.lesmissives.fr\/wp-content\/uploads\/2025\/09\/cropped-LOGO-MISSIVES-ROUGE-COMPLET2-scaled-1.jpg\",\"width\":1130,\"height\":800,\"caption\":\"les missives\"},\"image\":{\"@id\":\"http:\/\/www.lesmissives.fr\/#\/schema\/logo\/image\/\"},\"sameAs\":[\"https:\/\/www.facebook.com\/LesMissives\/\"]},{\"@type\":\"Person\",\"@id\":\"http:\/\/www.lesmissives.fr\/#\/schema\/person\/92c15cb840f1dc535fff5b350203923b\",\"name\":\"Manon Rolland\",\"image\":{\"@type\":\"ImageObject\",\"inLanguage\":\"fr-FR\",\"@id\":\"http:\/\/www.lesmissives.fr\/#\/schema\/person\/image\/\",\"url\":\"http:\/\/2.gravatar.com\/avatar\/b3f901197cd392a26947bc491370e776?s=96&d=mm&r=g\",\"contentUrl\":\"http:\/\/2.gravatar.com\/avatar\/b3f901197cd392a26947bc491370e776?s=96&d=mm&r=g\",\"caption\":\"Manon Rolland\"},\"description\":\"Visc\u00e9ralement litt\u00e9raire, \u00e9ditrice de formation, libraire de profession, Manon passe une grande partie de son temps entour\u00e9e de livres. Mona Chollet a chang\u00e9 sa vie, m\u00eame si elle ne le sait pas. \u00c0 ses c\u00f4t\u00e9s, Virginie Despentes, Simone de Beauvoir, Manon Garcia et tant d'autres forment le bouclier qui l'aide, pas \u00e0 pas, \u00e0 faire reculer le patriarcat.\",\"url\":\"http:\/\/www.lesmissives.fr\/index.php\/author\/manonrolland\/\"}]}<\/script>\n<!-- \/ Yoast SEO plugin. -->","yoast_head_json":{"title":"\u00ab Je suis une chose qui commence \u00bb : Deviens celle que tu es d'Hedwig Dohm, une pionni\u00e8re du f\u00e9minisme allemand. - Missives","robots":{"index":"index","follow":"follow","max-snippet":"max-snippet:-1","max-image-preview":"max-image-preview:large","max-video-preview":"max-video-preview:-1"},"canonical":"http:\/\/www.lesmissives.fr\/index.php\/2023\/05\/30\/je-suis-une-chose-qui-commence-deviens-celle-que-tu-es-dhedwig-dohm-une-pionniere-du-feminisme-allemand\/","og_locale":"fr_FR","og_type":"article","og_title":"\u00ab Je suis une chose qui commence \u00bb : Deviens celle que tu es d'Hedwig Dohm, une pionni\u00e8re du f\u00e9minisme allemand. - Missives","og_description":"Lire Hedwig Dohm en 2023, c\u2019est \u00eatre un peu perdu\u2022e dans l\u2019espace-temps. Ses mots sont tellement actuels que l\u2019on aurait tendance \u00e0 imaginer son h\u00e9ro\u00efne, Agn\u00e8s Schmidt, comme une femme des ann\u00e9es 1970 s\u2019\u00e9veillant aux questions f\u00e9ministes. Sauf que Deviens celle que tu es[1] a \u00e9t\u00e9 \u00e9dit\u00e9 pour la premi\u00e8re fois en Allemagne en\u2026 1894\u00a0! [&hellip;]","og_url":"http:\/\/www.lesmissives.fr\/index.php\/2023\/05\/30\/je-suis-une-chose-qui-commence-deviens-celle-que-tu-es-dhedwig-dohm-une-pionniere-du-feminisme-allemand\/","og_site_name":"Missives","article_publisher":"https:\/\/www.facebook.com\/LesMissives\/","article_published_time":"2023-05-30T08:55:24+00:00","article_modified_time":"2023-05-30T08:55:25+00:00","og_image":[{"width":821,"height":431,"url":"http:\/\/www.lesmissives.fr\/wp-content\/uploads\/2023\/05\/A-2.jpg","type":"image\/jpeg"}],"author":"Manon Rolland","twitter_card":"summary_large_image","twitter_misc":{"\u00c9crit par":"Manon Rolland","Dur\u00e9e de lecture estim\u00e9e":"5 minutes"},"schema":{"@context":"https:\/\/schema.org","@graph":[{"@type":"Article","@id":"http:\/\/www.lesmissives.fr\/index.php\/2023\/05\/30\/je-suis-une-chose-qui-commence-deviens-celle-que-tu-es-dhedwig-dohm-une-pionniere-du-feminisme-allemand\/#article","isPartOf":{"@id":"http:\/\/www.lesmissives.fr\/index.php\/2023\/05\/30\/je-suis-une-chose-qui-commence-deviens-celle-que-tu-es-dhedwig-dohm-une-pionniere-du-feminisme-allemand\/"},"author":{"name":"Manon Rolland","@id":"http:\/\/www.lesmissives.fr\/#\/schema\/person\/92c15cb840f1dc535fff5b350203923b"},"headline":"\u00ab Je suis une chose qui commence \u00bb : Deviens celle que tu es d&rsquo;Hedwig Dohm, une pionni\u00e8re du f\u00e9minisme allemand.","datePublished":"2023-05-30T08:55:24+00:00","dateModified":"2023-05-30T08:55:25+00:00","mainEntityOfPage":{"@id":"http:\/\/www.lesmissives.fr\/index.php\/2023\/05\/30\/je-suis-une-chose-qui-commence-deviens-celle-que-tu-es-dhedwig-dohm-une-pionniere-du-feminisme-allemand\/"},"wordCount":1107,"publisher":{"@id":"http:\/\/www.lesmissives.fr\/#organization"},"image":{"@id":"http:\/\/www.lesmissives.fr\/index.php\/2023\/05\/30\/je-suis-une-chose-qui-commence-deviens-celle-que-tu-es-dhedwig-dohm-une-pionniere-du-feminisme-allemand\/#primaryimage"},"thumbnailUrl":"http:\/\/www.lesmissives.fr\/wp-content\/uploads\/2023\/05\/deviens-celle-que-tu-es.jpg","articleSection":["Fiction"],"inLanguage":"fr-FR"},{"@type":"WebPage","@id":"http:\/\/www.lesmissives.fr\/index.php\/2023\/05\/30\/je-suis-une-chose-qui-commence-deviens-celle-que-tu-es-dhedwig-dohm-une-pionniere-du-feminisme-allemand\/","url":"http:\/\/www.lesmissives.fr\/index.php\/2023\/05\/30\/je-suis-une-chose-qui-commence-deviens-celle-que-tu-es-dhedwig-dohm-une-pionniere-du-feminisme-allemand\/","name":"\u00ab Je suis une chose qui commence \u00bb : Deviens celle que tu es d'Hedwig Dohm, une pionni\u00e8re du f\u00e9minisme allemand. - Missives","isPartOf":{"@id":"http:\/\/www.lesmissives.fr\/#website"},"primaryImageOfPage":{"@id":"http:\/\/www.lesmissives.fr\/index.php\/2023\/05\/30\/je-suis-une-chose-qui-commence-deviens-celle-que-tu-es-dhedwig-dohm-une-pionniere-du-feminisme-allemand\/#primaryimage"},"image":{"@id":"http:\/\/www.lesmissives.fr\/index.php\/2023\/05\/30\/je-suis-une-chose-qui-commence-deviens-celle-que-tu-es-dhedwig-dohm-une-pionniere-du-feminisme-allemand\/#primaryimage"},"thumbnailUrl":"http:\/\/www.lesmissives.fr\/wp-content\/uploads\/2023\/05\/deviens-celle-que-tu-es.jpg","datePublished":"2023-05-30T08:55:24+00:00","dateModified":"2023-05-30T08:55:25+00:00","breadcrumb":{"@id":"http:\/\/www.lesmissives.fr\/index.php\/2023\/05\/30\/je-suis-une-chose-qui-commence-deviens-celle-que-tu-es-dhedwig-dohm-une-pionniere-du-feminisme-allemand\/#breadcrumb"},"inLanguage":"fr-FR","potentialAction":[{"@type":"ReadAction","target":["http:\/\/www.lesmissives.fr\/index.php\/2023\/05\/30\/je-suis-une-chose-qui-commence-deviens-celle-que-tu-es-dhedwig-dohm-une-pionniere-du-feminisme-allemand\/"]}]},{"@type":"ImageObject","inLanguage":"fr-FR","@id":"http:\/\/www.lesmissives.fr\/index.php\/2023\/05\/30\/je-suis-une-chose-qui-commence-deviens-celle-que-tu-es-dhedwig-dohm-une-pionniere-du-feminisme-allemand\/#primaryimage","url":"http:\/\/www.lesmissives.fr\/wp-content\/uploads\/2023\/05\/deviens-celle-que-tu-es.jpg","contentUrl":"http:\/\/www.lesmissives.fr\/wp-content\/uploads\/2023\/05\/deviens-celle-que-tu-es.jpg","width":175,"height":220},{"@type":"BreadcrumbList","@id":"http:\/\/www.lesmissives.fr\/index.php\/2023\/05\/30\/je-suis-une-chose-qui-commence-deviens-celle-que-tu-es-dhedwig-dohm-une-pionniere-du-feminisme-allemand\/#breadcrumb","itemListElement":[{"@type":"ListItem","position":1,"name":"Accueil","item":"http:\/\/www.lesmissives.fr\/"},{"@type":"ListItem","position":2,"name":"\u00ab Je suis une chose qui commence \u00bb : Deviens celle que tu es d&rsquo;Hedwig Dohm, une pionni\u00e8re du f\u00e9minisme allemand."}]},{"@type":"WebSite","@id":"http:\/\/www.lesmissives.fr\/#website","url":"http:\/\/www.lesmissives.fr\/","name":"Missives","description":"Des livres os\u00e9s et f\u00e9ministes, au sens large","publisher":{"@id":"http:\/\/www.lesmissives.fr\/#organization"},"potentialAction":[{"@type":"SearchAction","target":{"@type":"EntryPoint","urlTemplate":"http:\/\/www.lesmissives.fr\/?s={search_term_string}"},"query-input":{"@type":"PropertyValueSpecification","valueRequired":true,"valueName":"search_term_string"}}],"inLanguage":"fr-FR"},{"@type":"Organization","@id":"http:\/\/www.lesmissives.fr\/#organization","name":"les missives","url":"http:\/\/www.lesmissives.fr\/","logo":{"@type":"ImageObject","inLanguage":"fr-FR","@id":"http:\/\/www.lesmissives.fr\/#\/schema\/logo\/image\/","url":"http:\/\/www.lesmissives.fr\/wp-content\/uploads\/2025\/09\/cropped-LOGO-MISSIVES-ROUGE-COMPLET2-scaled-1.jpg","contentUrl":"http:\/\/www.lesmissives.fr\/wp-content\/uploads\/2025\/09\/cropped-LOGO-MISSIVES-ROUGE-COMPLET2-scaled-1.jpg","width":1130,"height":800,"caption":"les missives"},"image":{"@id":"http:\/\/www.lesmissives.fr\/#\/schema\/logo\/image\/"},"sameAs":["https:\/\/www.facebook.com\/LesMissives\/"]},{"@type":"Person","@id":"http:\/\/www.lesmissives.fr\/#\/schema\/person\/92c15cb840f1dc535fff5b350203923b","name":"Manon Rolland","image":{"@type":"ImageObject","inLanguage":"fr-FR","@id":"http:\/\/www.lesmissives.fr\/#\/schema\/person\/image\/","url":"http:\/\/2.gravatar.com\/avatar\/b3f901197cd392a26947bc491370e776?s=96&d=mm&r=g","contentUrl":"http:\/\/2.gravatar.com\/avatar\/b3f901197cd392a26947bc491370e776?s=96&d=mm&r=g","caption":"Manon Rolland"},"description":"Visc\u00e9ralement litt\u00e9raire, \u00e9ditrice de formation, libraire de profession, Manon passe une grande partie de son temps entour\u00e9e de livres. Mona Chollet a chang\u00e9 sa vie, m\u00eame si elle ne le sait pas. \u00c0 ses c\u00f4t\u00e9s, Virginie Despentes, Simone de Beauvoir, Manon Garcia et tant d'autres forment le bouclier qui l'aide, pas \u00e0 pas, \u00e0 faire reculer le patriarcat.","url":"http:\/\/www.lesmissives.fr\/index.php\/author\/manonrolland\/"}]}},"_links":{"self":[{"href":"http:\/\/www.lesmissives.fr\/index.php\/wp-json\/wp\/v2\/posts\/5137"}],"collection":[{"href":"http:\/\/www.lesmissives.fr\/index.php\/wp-json\/wp\/v2\/posts"}],"about":[{"href":"http:\/\/www.lesmissives.fr\/index.php\/wp-json\/wp\/v2\/types\/post"}],"author":[{"embeddable":true,"href":"http:\/\/www.lesmissives.fr\/index.php\/wp-json\/wp\/v2\/users\/31"}],"replies":[{"embeddable":true,"href":"http:\/\/www.lesmissives.fr\/index.php\/wp-json\/wp\/v2\/comments?post=5137"}],"version-history":[{"count":2,"href":"http:\/\/www.lesmissives.fr\/index.php\/wp-json\/wp\/v2\/posts\/5137\/revisions"}],"predecessor-version":[{"id":5141,"href":"http:\/\/www.lesmissives.fr\/index.php\/wp-json\/wp\/v2\/posts\/5137\/revisions\/5141"}],"wp:featuredmedia":[{"embeddable":true,"href":"http:\/\/www.lesmissives.fr\/index.php\/wp-json\/wp\/v2\/media\/5138"}],"wp:attachment":[{"href":"http:\/\/www.lesmissives.fr\/index.php\/wp-json\/wp\/v2\/media?parent=5137"}],"wp:term":[{"taxonomy":"category","embeddable":true,"href":"http:\/\/www.lesmissives.fr\/index.php\/wp-json\/wp\/v2\/categories?post=5137"},{"taxonomy":"post_tag","embeddable":true,"href":"http:\/\/www.lesmissives.fr\/index.php\/wp-json\/wp\/v2\/tags?post=5137"}],"curies":[{"name":"wp","href":"https:\/\/api.w.org\/{rel}","templated":true}]}}