{"id":4401,"date":"2022-05-30T21:10:11","date_gmt":"2022-05-30T19:10:11","guid":{"rendered":"http:\/\/www.lesmissives.fr\/?p=4401"},"modified":"2022-05-30T21:10:11","modified_gmt":"2022-05-30T19:10:11","slug":"missives-en-ecoute-36-revolution-pour-la-vie-de-eva-von-redecker","status":"publish","type":"post","link":"http:\/\/www.lesmissives.fr\/index.php\/2022\/05\/30\/missives-en-ecoute-36-revolution-pour-la-vie-de-eva-von-redecker\/","title":{"rendered":"Missives en \u00e9coute #36 : R\u00e9volution pour la vie de Eva von Redecker"},"content":{"rendered":"\n<blockquote class=\"wp-block-quote is-layout-flow wp-block-quote-is-layout-flow\"><p>\u00ab\u00a0La r\u00e9volution pour la vie ne consiste pas \u00e0 sauver le monde d&rsquo;un seul coup. Elle se confronte aux forces lib\u00e9r\u00e9es \u00e0 l&rsquo;improviste par les humains, mais sans se les approprier toutes. Elle veille au contraire \u00e0 ce que ces forces ne continuent pas \u00e0 \u00eatre utilis\u00e9es comme elles l&rsquo;ont \u00e9t\u00e9 jusqu&rsquo;alors et \u00e0 ce que l&rsquo;on ne magnifie pas des actes de violence en les faisant passer pour une force. (&#8230;) La r\u00e9volution pour la vie se met en gr\u00e8ve contre l&rsquo;\u00e9puisement et se bat pour un travail qui nourrisse tout le monde, mais avant tout les travailleurs eux m\u00eames. Parce qu&rsquo;elle est f\u00e9ministe, la r\u00e9volution pour la vie part du soin ou du travail de reproduction.\u00a0\u00bb<\/p><\/blockquote>\n\n\n\n<p><br>Quand le d\u00e9couragement gagne (et vu l&rsquo;actualit\u00e9, difficile de faire autrement), il y a des mots qui remotivent. Ceux de la philosophe Eva Von Redecker en font partie. En passant en revue les nouveaux mouvements de contestation f\u00e9ministes, antiracistes, \u00e9cologiques ou sociaux, elle en propose une vision plus globale de lutte&nbsp; pour la vie et nous redonne l&rsquo;espoir de voir le monde changer et la force de croire en la puissance du collectif.<br>Un essai&nbsp;(peut-\u00eatre pas toujours facile \u00e0 lire) engag\u00e9 et critique sur le syst\u00e8me capitaliste qui invite \u00e0 r\u00e9fl\u00e9chir aux solutions pour s&rsquo;en lib\u00e9rer et \u00e0 r\u00e9sister \u00e0 la destruction de notre plan\u00e8te.<\/p>\n\n\n\n<figure class=\"wp-block-video\"><video controls src=\"http:\/\/www.lesmissives.fr\/wp-content\/uploads\/2022\/05\/ENTREnosLIGNES_ep36_1.mp4\"><\/video><\/figure>\n\n\n\n<p><\/p>\n\n\n\n<p><em>Entre nos lignes, la capsule sonore et litt\u00e9raire de notre rubrique Missives en \u00e9coute se transforme en podcast, disponible sur la plupart des plateformes d\u2019\u00e9coute et sur Acast :&nbsp;<a rel=\"noreferrer noopener\" href=\"https:\/\/shows.acast.com\/entre-nos-lignes\" target=\"_blank\">https:\/\/shows.acast.com\/entre-nos-lignes<\/a><\/em><\/p>\n\n\n\n<p><em>Entre nos lignes, c\u2019est une dose de pens\u00e9es inspirantes et engag\u00e9es, propos\u00e9es selon l\u2019humeur ou l\u2019actualit\u00e9, quelques lignes d\u2019un auteur ou d\u2019une autrice lues par la com\u00e9dienne&nbsp;<a rel=\"noreferrer noopener\" href=\"https:\/\/www.instagram.com\/marieemiliem\/?hl=fr\" target=\"_blank\">Marie-\u00c9milie Michel<\/a>.<\/em><\/p>\n\n\n\n<p><em>Une lecture sans commentaire o\u00f9 seuls comptent les mots.<\/em><\/p>\n\n\n\n<p><em>Entre nos lignes donne \u00e0 entendre des extraits de romans mais aussi de la po\u00e9sie, des essais, de la nouveaut\u00e9 comme du classique mais des livres toujours os\u00e9s et f\u00e9ministes, au sens large !<\/em><\/p>\n","protected":false},"excerpt":{"rendered":"<p>\u00ab\u00a0La r\u00e9volution pour la vie ne consiste pas \u00e0 sauver le monde d&rsquo;un seul coup. Elle se confronte aux forces lib\u00e9r\u00e9es \u00e0 l&rsquo;improviste par les humains, mais sans se les approprier toutes. Elle veille au contraire \u00e0 ce que ces forces ne continuent pas \u00e0 \u00eatre utilis\u00e9es comme elles l&rsquo;ont \u00e9t\u00e9 jusqu&rsquo;alors et \u00e0 ce [&hellip;]<\/p>\n","protected":false},"author":23,"featured_media":4402,"comment_status":"closed","ping_status":"open","sticky":false,"template":"","format":"standard","meta":{"footnotes":""},"categories":[17],"tags":[],"class_list":["post-4401","post","type-post","status-publish","format-standard","has-post-thumbnail","hentry","category-missives-en-ecoute","has-thumbnail"],"yoast_head":"<!-- This site is optimized with the Yoast SEO plugin v23.5 - https:\/\/yoast.com\/wordpress\/plugins\/seo\/ -->\n<title>Missives en \u00e9coute #36 : R\u00e9volution pour la vie de Eva von Redecker - Missives<\/title>\n<meta name=\"robots\" content=\"index, follow, max-snippet:-1, max-image-preview:large, max-video-preview:-1\" \/>\n<link rel=\"canonical\" href=\"http:\/\/www.lesmissives.fr\/index.php\/2022\/05\/30\/missives-en-ecoute-36-revolution-pour-la-vie-de-eva-von-redecker\/\" \/>\n<meta property=\"og:locale\" content=\"fr_FR\" \/>\n<meta property=\"og:type\" content=\"article\" \/>\n<meta property=\"og:title\" content=\"Missives en \u00e9coute #36 : R\u00e9volution pour la vie de Eva von Redecker - Missives\" \/>\n<meta property=\"og:description\" content=\"\u00ab\u00a0La r\u00e9volution pour la vie ne consiste pas \u00e0 sauver le monde d&rsquo;un seul coup. Elle se confronte aux forces lib\u00e9r\u00e9es \u00e0 l&rsquo;improviste par les humains, mais sans se les approprier toutes. Elle veille au contraire \u00e0 ce que ces forces ne continuent pas \u00e0 \u00eatre utilis\u00e9es comme elles l&rsquo;ont \u00e9t\u00e9 jusqu&rsquo;alors et \u00e0 ce [&hellip;]\" \/>\n<meta property=\"og:url\" content=\"http:\/\/www.lesmissives.fr\/index.php\/2022\/05\/30\/missives-en-ecoute-36-revolution-pour-la-vie-de-eva-von-redecker\/\" \/>\n<meta property=\"og:site_name\" content=\"Missives\" \/>\n<meta property=\"article:publisher\" content=\"https:\/\/www.facebook.com\/LesMissives\/\" \/>\n<meta property=\"article:published_time\" content=\"2022-05-30T19:10:11+00:00\" \/>\n<meta property=\"og:image\" content=\"http:\/\/www.lesmissives.fr\/wp-content\/uploads\/2022\/05\/Bandeau-Missives-en-\u00e9coute-36.jpg\" \/>\n\t<meta property=\"og:image:width\" content=\"759\" \/>\n\t<meta property=\"og:image:height\" content=\"433\" \/>\n\t<meta property=\"og:image:type\" content=\"image\/jpeg\" \/>\n<meta name=\"author\" content=\"Marie-\u00c9milie Michel\" \/>\n<meta name=\"twitter:card\" content=\"summary_large_image\" \/>\n<meta name=\"twitter:label1\" content=\"\u00c9crit par\" \/>\n\t<meta name=\"twitter:data1\" content=\"Marie-\u00c9milie Michel\" \/>\n\t<meta name=\"twitter:label2\" content=\"Dur\u00e9e de lecture estim\u00e9e\" \/>\n\t<meta name=\"twitter:data2\" content=\"2 minutes\" \/>\n<script type=\"application\/ld+json\" class=\"yoast-schema-graph\">{\"@context\":\"https:\/\/schema.org\",\"@graph\":[{\"@type\":\"Article\",\"@id\":\"http:\/\/www.lesmissives.fr\/index.php\/2022\/05\/30\/missives-en-ecoute-36-revolution-pour-la-vie-de-eva-von-redecker\/#article\",\"isPartOf\":{\"@id\":\"http:\/\/www.lesmissives.fr\/index.php\/2022\/05\/30\/missives-en-ecoute-36-revolution-pour-la-vie-de-eva-von-redecker\/\"},\"author\":{\"name\":\"Marie-\u00c9milie Michel\",\"@id\":\"http:\/\/www.lesmissives.fr\/#\/schema\/person\/fe0f1735e47e39cddf6bebea8159eec6\"},\"headline\":\"Missives en \u00e9coute #36 : R\u00e9volution pour la vie de Eva von Redecker\",\"datePublished\":\"2022-05-30T19:10:11+00:00\",\"dateModified\":\"2022-05-30T19:10:11+00:00\",\"mainEntityOfPage\":{\"@id\":\"http:\/\/www.lesmissives.fr\/index.php\/2022\/05\/30\/missives-en-ecoute-36-revolution-pour-la-vie-de-eva-von-redecker\/\"},\"wordCount\":367,\"publisher\":{\"@id\":\"http:\/\/www.lesmissives.fr\/#organization\"},\"image\":{\"@id\":\"http:\/\/www.lesmissives.fr\/index.php\/2022\/05\/30\/missives-en-ecoute-36-revolution-pour-la-vie-de-eva-von-redecker\/#primaryimage\"},\"thumbnailUrl\":\"http:\/\/www.lesmissives.fr\/wp-content\/uploads\/2022\/05\/51nq9pCkxzL._SX195_.jpg\",\"articleSection\":[\"Missives en \u00e9coute\"],\"inLanguage\":\"fr-FR\"},{\"@type\":\"WebPage\",\"@id\":\"http:\/\/www.lesmissives.fr\/index.php\/2022\/05\/30\/missives-en-ecoute-36-revolution-pour-la-vie-de-eva-von-redecker\/\",\"url\":\"http:\/\/www.lesmissives.fr\/index.php\/2022\/05\/30\/missives-en-ecoute-36-revolution-pour-la-vie-de-eva-von-redecker\/\",\"name\":\"Missives en \u00e9coute #36 : R\u00e9volution pour la vie de Eva von Redecker - Missives\",\"isPartOf\":{\"@id\":\"http:\/\/www.lesmissives.fr\/#website\"},\"primaryImageOfPage\":{\"@id\":\"http:\/\/www.lesmissives.fr\/index.php\/2022\/05\/30\/missives-en-ecoute-36-revolution-pour-la-vie-de-eva-von-redecker\/#primaryimage\"},\"image\":{\"@id\":\"http:\/\/www.lesmissives.fr\/index.php\/2022\/05\/30\/missives-en-ecoute-36-revolution-pour-la-vie-de-eva-von-redecker\/#primaryimage\"},\"thumbnailUrl\":\"http:\/\/www.lesmissives.fr\/wp-content\/uploads\/2022\/05\/51nq9pCkxzL._SX195_.jpg\",\"datePublished\":\"2022-05-30T19:10:11+00:00\",\"dateModified\":\"2022-05-30T19:10:11+00:00\",\"breadcrumb\":{\"@id\":\"http:\/\/www.lesmissives.fr\/index.php\/2022\/05\/30\/missives-en-ecoute-36-revolution-pour-la-vie-de-eva-von-redecker\/#breadcrumb\"},\"inLanguage\":\"fr-FR\",\"potentialAction\":[{\"@type\":\"ReadAction\",\"target\":[\"http:\/\/www.lesmissives.fr\/index.php\/2022\/05\/30\/missives-en-ecoute-36-revolution-pour-la-vie-de-eva-von-redecker\/\"]}]},{\"@type\":\"ImageObject\",\"inLanguage\":\"fr-FR\",\"@id\":\"http:\/\/www.lesmissives.fr\/index.php\/2022\/05\/30\/missives-en-ecoute-36-revolution-pour-la-vie-de-eva-von-redecker\/#primaryimage\",\"url\":\"http:\/\/www.lesmissives.fr\/wp-content\/uploads\/2022\/05\/51nq9pCkxzL._SX195_.jpg\",\"contentUrl\":\"http:\/\/www.lesmissives.fr\/wp-content\/uploads\/2022\/05\/51nq9pCkxzL._SX195_.jpg\",\"width\":195,\"height\":306},{\"@type\":\"BreadcrumbList\",\"@id\":\"http:\/\/www.lesmissives.fr\/index.php\/2022\/05\/30\/missives-en-ecoute-36-revolution-pour-la-vie-de-eva-von-redecker\/#breadcrumb\",\"itemListElement\":[{\"@type\":\"ListItem\",\"position\":1,\"name\":\"Accueil\",\"item\":\"http:\/\/www.lesmissives.fr\/\"},{\"@type\":\"ListItem\",\"position\":2,\"name\":\"Missives en \u00e9coute #36 : R\u00e9volution pour la vie de Eva von Redecker\"}]},{\"@type\":\"WebSite\",\"@id\":\"http:\/\/www.lesmissives.fr\/#website\",\"url\":\"http:\/\/www.lesmissives.fr\/\",\"name\":\"Missives\",\"description\":\"Des livres os\u00e9s et f\u00e9ministes, au sens large\",\"publisher\":{\"@id\":\"http:\/\/www.lesmissives.fr\/#organization\"},\"potentialAction\":[{\"@type\":\"SearchAction\",\"target\":{\"@type\":\"EntryPoint\",\"urlTemplate\":\"http:\/\/www.lesmissives.fr\/?s={search_term_string}\"},\"query-input\":{\"@type\":\"PropertyValueSpecification\",\"valueRequired\":true,\"valueName\":\"search_term_string\"}}],\"inLanguage\":\"fr-FR\"},{\"@type\":\"Organization\",\"@id\":\"http:\/\/www.lesmissives.fr\/#organization\",\"name\":\"les missives\",\"url\":\"http:\/\/www.lesmissives.fr\/\",\"logo\":{\"@type\":\"ImageObject\",\"inLanguage\":\"fr-FR\",\"@id\":\"http:\/\/www.lesmissives.fr\/#\/schema\/logo\/image\/\",\"url\":\"http:\/\/www.lesmissives.fr\/wp-content\/uploads\/2025\/09\/cropped-LOGO-MISSIVES-ROUGE-COMPLET2-scaled-1.jpg\",\"contentUrl\":\"http:\/\/www.lesmissives.fr\/wp-content\/uploads\/2025\/09\/cropped-LOGO-MISSIVES-ROUGE-COMPLET2-scaled-1.jpg\",\"width\":1130,\"height\":800,\"caption\":\"les missives\"},\"image\":{\"@id\":\"http:\/\/www.lesmissives.fr\/#\/schema\/logo\/image\/\"},\"sameAs\":[\"https:\/\/www.facebook.com\/LesMissives\/\"]},{\"@type\":\"Person\",\"@id\":\"http:\/\/www.lesmissives.fr\/#\/schema\/person\/fe0f1735e47e39cddf6bebea8159eec6\",\"name\":\"Marie-\u00c9milie Michel\",\"image\":{\"@type\":\"ImageObject\",\"inLanguage\":\"fr-FR\",\"@id\":\"http:\/\/www.lesmissives.fr\/#\/schema\/person\/image\/\",\"url\":\"http:\/\/0.gravatar.com\/avatar\/f7fb41420d27b64c57fb71b769004666?s=96&d=mm&r=g\",\"contentUrl\":\"http:\/\/0.gravatar.com\/avatar\/f7fb41420d27b64c57fb71b769004666?s=96&d=mm&r=g\",\"caption\":\"Marie-\u00c9milie Michel\"},\"description\":\"Com\u00e9dienne, co-directrice artistique du collectif Lilalune etc, Marie-Emilie s'int\u00e9resse particuli\u00e8rement \u00e0 la question des femmes dans son travail sc\u00e9nique. Peut-\u00eatre parce qu'elle a \u00e9tudi\u00e9 le journalisme et qu'elle voit tout texte comme une mati\u00e8re vivante, elle a \u00e9galement initi\u00e9 des \\\"lectures citoyennes\\\" : reflets de questionnements li\u00e9s \u00e0 un th\u00e8me d'actualit\u00e9, assemblage de regards et de textes, men\u00e9es \u00e0 trois voix. La derni\u00e8re en date s'appelait \\\"F\u00e9ministe, ta m\u00e8re\\\"!\u00a0C'est donc tout naturellement que sa passion des mots et son engagement f\u00e9ministe l'ont men\u00e9e \u00e0 partager ses lectures sur Missives.\",\"url\":\"http:\/\/www.lesmissives.fr\/index.php\/author\/marieemiliemichel\/\"}]}<\/script>\n<!-- \/ Yoast SEO plugin. -->","yoast_head_json":{"title":"Missives en \u00e9coute #36 : R\u00e9volution pour la vie de Eva von Redecker - Missives","robots":{"index":"index","follow":"follow","max-snippet":"max-snippet:-1","max-image-preview":"max-image-preview:large","max-video-preview":"max-video-preview:-1"},"canonical":"http:\/\/www.lesmissives.fr\/index.php\/2022\/05\/30\/missives-en-ecoute-36-revolution-pour-la-vie-de-eva-von-redecker\/","og_locale":"fr_FR","og_type":"article","og_title":"Missives en \u00e9coute #36 : R\u00e9volution pour la vie de Eva von Redecker - Missives","og_description":"\u00ab\u00a0La r\u00e9volution pour la vie ne consiste pas \u00e0 sauver le monde d&rsquo;un seul coup. Elle se confronte aux forces lib\u00e9r\u00e9es \u00e0 l&rsquo;improviste par les humains, mais sans se les approprier toutes. Elle veille au contraire \u00e0 ce que ces forces ne continuent pas \u00e0 \u00eatre utilis\u00e9es comme elles l&rsquo;ont \u00e9t\u00e9 jusqu&rsquo;alors et \u00e0 ce [&hellip;]","og_url":"http:\/\/www.lesmissives.fr\/index.php\/2022\/05\/30\/missives-en-ecoute-36-revolution-pour-la-vie-de-eva-von-redecker\/","og_site_name":"Missives","article_publisher":"https:\/\/www.facebook.com\/LesMissives\/","article_published_time":"2022-05-30T19:10:11+00:00","og_image":[{"width":759,"height":433,"url":"http:\/\/www.lesmissives.fr\/wp-content\/uploads\/2022\/05\/Bandeau-Missives-en-\u00e9coute-36.jpg","type":"image\/jpeg"}],"author":"Marie-\u00c9milie Michel","twitter_card":"summary_large_image","twitter_misc":{"\u00c9crit par":"Marie-\u00c9milie Michel","Dur\u00e9e de lecture estim\u00e9e":"2 minutes"},"schema":{"@context":"https:\/\/schema.org","@graph":[{"@type":"Article","@id":"http:\/\/www.lesmissives.fr\/index.php\/2022\/05\/30\/missives-en-ecoute-36-revolution-pour-la-vie-de-eva-von-redecker\/#article","isPartOf":{"@id":"http:\/\/www.lesmissives.fr\/index.php\/2022\/05\/30\/missives-en-ecoute-36-revolution-pour-la-vie-de-eva-von-redecker\/"},"author":{"name":"Marie-\u00c9milie Michel","@id":"http:\/\/www.lesmissives.fr\/#\/schema\/person\/fe0f1735e47e39cddf6bebea8159eec6"},"headline":"Missives en \u00e9coute #36 : R\u00e9volution pour la vie de Eva von Redecker","datePublished":"2022-05-30T19:10:11+00:00","dateModified":"2022-05-30T19:10:11+00:00","mainEntityOfPage":{"@id":"http:\/\/www.lesmissives.fr\/index.php\/2022\/05\/30\/missives-en-ecoute-36-revolution-pour-la-vie-de-eva-von-redecker\/"},"wordCount":367,"publisher":{"@id":"http:\/\/www.lesmissives.fr\/#organization"},"image":{"@id":"http:\/\/www.lesmissives.fr\/index.php\/2022\/05\/30\/missives-en-ecoute-36-revolution-pour-la-vie-de-eva-von-redecker\/#primaryimage"},"thumbnailUrl":"http:\/\/www.lesmissives.fr\/wp-content\/uploads\/2022\/05\/51nq9pCkxzL._SX195_.jpg","articleSection":["Missives en \u00e9coute"],"inLanguage":"fr-FR"},{"@type":"WebPage","@id":"http:\/\/www.lesmissives.fr\/index.php\/2022\/05\/30\/missives-en-ecoute-36-revolution-pour-la-vie-de-eva-von-redecker\/","url":"http:\/\/www.lesmissives.fr\/index.php\/2022\/05\/30\/missives-en-ecoute-36-revolution-pour-la-vie-de-eva-von-redecker\/","name":"Missives en \u00e9coute #36 : R\u00e9volution pour la vie de Eva von Redecker - Missives","isPartOf":{"@id":"http:\/\/www.lesmissives.fr\/#website"},"primaryImageOfPage":{"@id":"http:\/\/www.lesmissives.fr\/index.php\/2022\/05\/30\/missives-en-ecoute-36-revolution-pour-la-vie-de-eva-von-redecker\/#primaryimage"},"image":{"@id":"http:\/\/www.lesmissives.fr\/index.php\/2022\/05\/30\/missives-en-ecoute-36-revolution-pour-la-vie-de-eva-von-redecker\/#primaryimage"},"thumbnailUrl":"http:\/\/www.lesmissives.fr\/wp-content\/uploads\/2022\/05\/51nq9pCkxzL._SX195_.jpg","datePublished":"2022-05-30T19:10:11+00:00","dateModified":"2022-05-30T19:10:11+00:00","breadcrumb":{"@id":"http:\/\/www.lesmissives.fr\/index.php\/2022\/05\/30\/missives-en-ecoute-36-revolution-pour-la-vie-de-eva-von-redecker\/#breadcrumb"},"inLanguage":"fr-FR","potentialAction":[{"@type":"ReadAction","target":["http:\/\/www.lesmissives.fr\/index.php\/2022\/05\/30\/missives-en-ecoute-36-revolution-pour-la-vie-de-eva-von-redecker\/"]}]},{"@type":"ImageObject","inLanguage":"fr-FR","@id":"http:\/\/www.lesmissives.fr\/index.php\/2022\/05\/30\/missives-en-ecoute-36-revolution-pour-la-vie-de-eva-von-redecker\/#primaryimage","url":"http:\/\/www.lesmissives.fr\/wp-content\/uploads\/2022\/05\/51nq9pCkxzL._SX195_.jpg","contentUrl":"http:\/\/www.lesmissives.fr\/wp-content\/uploads\/2022\/05\/51nq9pCkxzL._SX195_.jpg","width":195,"height":306},{"@type":"BreadcrumbList","@id":"http:\/\/www.lesmissives.fr\/index.php\/2022\/05\/30\/missives-en-ecoute-36-revolution-pour-la-vie-de-eva-von-redecker\/#breadcrumb","itemListElement":[{"@type":"ListItem","position":1,"name":"Accueil","item":"http:\/\/www.lesmissives.fr\/"},{"@type":"ListItem","position":2,"name":"Missives en \u00e9coute #36 : R\u00e9volution pour la vie de Eva von Redecker"}]},{"@type":"WebSite","@id":"http:\/\/www.lesmissives.fr\/#website","url":"http:\/\/www.lesmissives.fr\/","name":"Missives","description":"Des livres os\u00e9s et f\u00e9ministes, au sens large","publisher":{"@id":"http:\/\/www.lesmissives.fr\/#organization"},"potentialAction":[{"@type":"SearchAction","target":{"@type":"EntryPoint","urlTemplate":"http:\/\/www.lesmissives.fr\/?s={search_term_string}"},"query-input":{"@type":"PropertyValueSpecification","valueRequired":true,"valueName":"search_term_string"}}],"inLanguage":"fr-FR"},{"@type":"Organization","@id":"http:\/\/www.lesmissives.fr\/#organization","name":"les missives","url":"http:\/\/www.lesmissives.fr\/","logo":{"@type":"ImageObject","inLanguage":"fr-FR","@id":"http:\/\/www.lesmissives.fr\/#\/schema\/logo\/image\/","url":"http:\/\/www.lesmissives.fr\/wp-content\/uploads\/2025\/09\/cropped-LOGO-MISSIVES-ROUGE-COMPLET2-scaled-1.jpg","contentUrl":"http:\/\/www.lesmissives.fr\/wp-content\/uploads\/2025\/09\/cropped-LOGO-MISSIVES-ROUGE-COMPLET2-scaled-1.jpg","width":1130,"height":800,"caption":"les missives"},"image":{"@id":"http:\/\/www.lesmissives.fr\/#\/schema\/logo\/image\/"},"sameAs":["https:\/\/www.facebook.com\/LesMissives\/"]},{"@type":"Person","@id":"http:\/\/www.lesmissives.fr\/#\/schema\/person\/fe0f1735e47e39cddf6bebea8159eec6","name":"Marie-\u00c9milie Michel","image":{"@type":"ImageObject","inLanguage":"fr-FR","@id":"http:\/\/www.lesmissives.fr\/#\/schema\/person\/image\/","url":"http:\/\/0.gravatar.com\/avatar\/f7fb41420d27b64c57fb71b769004666?s=96&d=mm&r=g","contentUrl":"http:\/\/0.gravatar.com\/avatar\/f7fb41420d27b64c57fb71b769004666?s=96&d=mm&r=g","caption":"Marie-\u00c9milie Michel"},"description":"Com\u00e9dienne, co-directrice artistique du collectif Lilalune etc, Marie-Emilie s'int\u00e9resse particuli\u00e8rement \u00e0 la question des femmes dans son travail sc\u00e9nique. Peut-\u00eatre parce qu'elle a \u00e9tudi\u00e9 le journalisme et qu'elle voit tout texte comme une mati\u00e8re vivante, elle a \u00e9galement initi\u00e9 des \"lectures citoyennes\" : reflets de questionnements li\u00e9s \u00e0 un th\u00e8me d'actualit\u00e9, assemblage de regards et de textes, men\u00e9es \u00e0 trois voix. La derni\u00e8re en date s'appelait \"F\u00e9ministe, ta m\u00e8re\"!\u00a0C'est donc tout naturellement que sa passion des mots et son engagement f\u00e9ministe l'ont men\u00e9e \u00e0 partager ses lectures sur Missives.","url":"http:\/\/www.lesmissives.fr\/index.php\/author\/marieemiliemichel\/"}]}},"_links":{"self":[{"href":"http:\/\/www.lesmissives.fr\/index.php\/wp-json\/wp\/v2\/posts\/4401"}],"collection":[{"href":"http:\/\/www.lesmissives.fr\/index.php\/wp-json\/wp\/v2\/posts"}],"about":[{"href":"http:\/\/www.lesmissives.fr\/index.php\/wp-json\/wp\/v2\/types\/post"}],"author":[{"embeddable":true,"href":"http:\/\/www.lesmissives.fr\/index.php\/wp-json\/wp\/v2\/users\/23"}],"replies":[{"embeddable":true,"href":"http:\/\/www.lesmissives.fr\/index.php\/wp-json\/wp\/v2\/comments?post=4401"}],"version-history":[{"count":3,"href":"http:\/\/www.lesmissives.fr\/index.php\/wp-json\/wp\/v2\/posts\/4401\/revisions"}],"predecessor-version":[{"id":4410,"href":"http:\/\/www.lesmissives.fr\/index.php\/wp-json\/wp\/v2\/posts\/4401\/revisions\/4410"}],"wp:featuredmedia":[{"embeddable":true,"href":"http:\/\/www.lesmissives.fr\/index.php\/wp-json\/wp\/v2\/media\/4402"}],"wp:attachment":[{"href":"http:\/\/www.lesmissives.fr\/index.php\/wp-json\/wp\/v2\/media?parent=4401"}],"wp:term":[{"taxonomy":"category","embeddable":true,"href":"http:\/\/www.lesmissives.fr\/index.php\/wp-json\/wp\/v2\/categories?post=4401"},{"taxonomy":"post_tag","embeddable":true,"href":"http:\/\/www.lesmissives.fr\/index.php\/wp-json\/wp\/v2\/tags?post=4401"}],"curies":[{"name":"wp","href":"https:\/\/api.w.org\/{rel}","templated":true}]}}