{"id":4372,"date":"2022-04-27T20:13:08","date_gmt":"2022-04-27T18:13:08","guid":{"rendered":"http:\/\/www.lesmissives.fr\/?p=4372"},"modified":"2022-04-27T20:13:09","modified_gmt":"2022-04-27T18:13:09","slug":"petite-selection-de-livres-pour-allier-maternite-et-reflexions-feministes","status":"publish","type":"post","link":"http:\/\/www.lesmissives.fr\/index.php\/2022\/04\/27\/petite-selection-de-livres-pour-allier-maternite-et-reflexions-feministes\/","title":{"rendered":"Petite s\u00e9lection de livres pour allier maternit\u00e9 et r\u00e9flexions f\u00e9ministes"},"content":{"rendered":"\n<p>On parle de plus en plus de post-partum que ce soit en essai, roman (<a href=\"http:\/\/www.lesmissives.fr\/index.php\/2020\/02\/21\/la-femme-brouillon-damandine-dhee-un-texte-emancipateur-et-feministe-sur-la-maternite\/\">La Femme Brouillon<\/a>) ou en BD (voir notre chronique sur <a href=\"http:\/\/www.lesmissives.fr\/index.php\/2021\/05\/17\/la-remplacante-premiere-bande-dessinee-sur-le-post-partum\/\">La Rempla\u00e7ante<\/a>), de parentalit\u00e9 \u00e9galitaire (chronique <a href=\"http:\/\/www.lesmissives.fr\/index.php\/2021\/05\/19\/eduquer-sans-prejuges-guide-de-leducation-anti-sexiste\/\">\u00c9duquer sans pr\u00e9jug\u00e9s<\/a>,ou <a href=\"http:\/\/www.lesmissives.fr\/index.php\/2020\/04\/30\/guide-pour-une-parentalite-feministe-fille-garcon-meme-education\/\">Fille-Gar\u00e7on m\u00eame \u00e9ducation<\/a>), de grossesse f\u00e9ministe (voir notamment notre chronique sur le <a href=\"http:\/\/www.lesmissives.fr\/index.php\/2019\/11\/19\/grossesse-feministe\/\">Guide F\u00e9ministe de la Grossesse<\/a>) et des injonctions faites aux m\u00e8res dans une soci\u00e9t\u00e9 patriarcale.<\/p>\n\n\n\n<p>Pour faire suite \u00e0 notre chouette rencontre \u00e0 la Maison des Femmes de Montreuil avec Judith Aquien, Ren\u00e9e Greusard et les \u00e9ditions Talents Hauts, voici une s\u00e9lection non exhaustive de livres r\u00e9cents balayant ces sujets autant que les pr\u00e9jug\u00e9s !<\/p>\n\n\n\n<p>A mettre aussi dans les mains des hommes pour leur permettre de comprendre ce que traversent celles qui donnent la vie et pour construire une parentalit\u00e9 qui ne se fera plus au d\u00e9triment des m\u00e8res.<\/p>\n\n\n\n<h4 class=\"wp-block-heading\"><em>Choisir d&rsquo;\u00eatre m\u00e8re <\/em>de Ren\u00e9e Greusard aux \u00e9ditions JC Latt\u00e8s<\/h4>\n\n\n\n<figure class=\"wp-block-image size-large\"><img loading=\"lazy\" decoding=\"async\" width=\"220\" height=\"351\" src=\"http:\/\/www.lesmissives.fr\/wp-content\/uploads\/2022\/04\/M02709660784-large.jpg\" alt=\"\" class=\"wp-image-4373\" srcset=\"http:\/\/www.lesmissives.fr\/wp-content\/uploads\/2022\/04\/M02709660784-large.jpg 220w, http:\/\/www.lesmissives.fr\/wp-content\/uploads\/2022\/04\/M02709660784-large-188x300.jpg 188w\" sizes=\"(max-width: 220px) 100vw, 220px\" \/><\/figure>\n\n\n\n<p>Apr\u00e8s <em>Enceinte, tout est possible (<a href=\"http:\/\/www.lesmissives.fr\/index.php\/2020\/07\/17\/enceinte-tout-est-possible-ou-presque\/\">voir chronique<\/a>),<\/em> un des livres les plus dr\u00f4les et r\u00e9confortants \u00e0 lire pendant sa grossesse, la journaliste Ren\u00e9e Greusard r\u00e9cidive avec un essai sous-titr\u00e9 ainsi : tout ce qu&rsquo;on ne vous dit pas sur la parentalit\u00e9.<\/p>\n\n\n\n<p>Et Ren\u00e9e dit toute la v\u00e9rit\u00e9, loin des id\u00e9es re\u00e7ues et des injonctions mais avec la verve et l&rsquo;humour qui la caract\u00e9rise. On y parle des probl\u00e8mes de sommeil, du corps post-partum, des phobies d&rsquo;impulsion mais aussi des col\u00e8res des enfants, de l&rsquo;\u00e9ducation bienveillante (et ses limites), du couple face \u00e0 la naissance ou encore de l&rsquo;ennui au parc. Il y est \u00e9videmment question d&rsquo;amour fou mais aussi de cet amour maternel glorifi\u00e9, de la construction sociale duquel il d\u00e9coule et du sexisme qu&rsquo;il produit.&nbsp;<\/p>\n\n\n\n<p>On pose le livre en se disant que oui, on peut en tout cas choisir d&rsquo;\u00eatre m\u00e8re en \u00e9tant mieux inform\u00e9e, plus libre et pr\u00e9par\u00e9e aux difficult\u00e9s possibles.&nbsp; Et surtout d&rsquo;en rigoler.<\/p>\n\n\n\n<p>Mention sp\u00e9ciale aux magnifiques illustrations d&rsquo;Eloise Coussy qui pars\u00e8ment les d\u00e9buts de chapitres (aux titres d&rsquo;ailleurs jubilatoires).<\/p>\n\n\n\n<h4 class=\"wp-block-heading\"><em>Daronne et F\u00e9ministe <\/em>de Fabienne Lacoude, SOLAR \u00e9ditions<\/h4>\n\n\n\n<figure class=\"wp-block-image size-large\"><img loading=\"lazy\" decoding=\"async\" width=\"351\" height=\"524\" src=\"http:\/\/www.lesmissives.fr\/wp-content\/uploads\/2022\/04\/9782263175077ORI.jpg\" alt=\"\" class=\"wp-image-4374\" srcset=\"http:\/\/www.lesmissives.fr\/wp-content\/uploads\/2022\/04\/9782263175077ORI.jpg 351w, http:\/\/www.lesmissives.fr\/wp-content\/uploads\/2022\/04\/9782263175077ORI-201x300.jpg 201w\" sizes=\"(max-width: 351px) 100vw, 351px\" \/><\/figure>\n\n\n\n<p>La daronne de Milf Media sort son premier essai et c&rsquo;est une r\u00e9ussite. Avec son ton complice et l\u00e9ger, Fabienne Lacoude aborde pourtant de fa\u00e7on tr\u00e8s compl\u00e8te la maternit\u00e9, de la grossesse et du corps au post-partum et \u00e0 la charge mentale en passant par l&rsquo;accouchement \u00e9videmment et le cong\u00e9 du co-parent.<\/p>\n\n\n\n<p>On retrouve des sources devenues incontournables comme Illana Weizman mais \u00e9galement des r\u00e9f\u00e9rences plus historiques pour aborder notamment les violences obst\u00e9tricales ou le m\u00e9tier de sage-femme.&nbsp; Ce n&rsquo;est pas un guide mais une mine d&rsquo;informations et de pistes de r\u00e9flexions pour une maternit\u00e9 f\u00e9ministe certes, mais surtout pour une meilleure prise en charge des m\u00e8res dans et par la soci\u00e9t\u00e9.<\/p>\n\n\n\n<h4 class=\"wp-block-heading\"><em>In Carna <\/em>de Caroline Hinault \u00e9ditions La brune au Rouergue<\/h4>\n\n\n\n<figure class=\"wp-block-image size-large\"><img loading=\"lazy\" decoding=\"async\" width=\"400\" height=\"586\" src=\"http:\/\/www.lesmissives.fr\/wp-content\/uploads\/2022\/04\/In-carna.jpg\" alt=\"\" class=\"wp-image-4375\" srcset=\"http:\/\/www.lesmissives.fr\/wp-content\/uploads\/2022\/04\/In-carna.jpg 400w, http:\/\/www.lesmissives.fr\/wp-content\/uploads\/2022\/04\/In-carna-205x300.jpg 205w\" sizes=\"(max-width: 400px) 100vw, 400px\" \/><\/figure>\n\n\n\n<p>Entre introspection et sociologie, entre journal intime et philosophie, les carnets des trois grossesses de Caroline Hinault abordent cet \u00e9tat et le devenir m\u00e8re d&rsquo;une fa\u00e7on surprenante, fragment\u00e9e et passionnante. Elle diss\u00e8que ses sentiments (et n&rsquo;oublie pas de dire aussi l&rsquo;attente et la peur de l&rsquo;infertilit\u00e9), ses pens\u00e9es personnelles mais aussi l&rsquo;image de la maternit\u00e9 dans la litt\u00e9rature ou dans la religion.<\/p>\n\n\n\n<p>Lire ses mots, c&rsquo;est vivre ou revivre sa\/une grossesse sans \u00eatre enceinte. C&rsquo;est sensible, \u00e9mouvant, bouleversant. Et profond\u00e9ment f\u00e9ministe.&nbsp; Mon exemplaire est surlign\u00e9 partout tant certaines phrases ou r\u00e9flexions m\u2019ont sembl\u00e9 justes. Le livre rappelle que le corps habit\u00e9 est aussi politique que po\u00e9tique. Et c&rsquo;est beau et dense.<\/p>\n\n\n\n<h4 class=\"wp-block-heading\"><em>Nouvelle m\u00e8re<\/em> de C\u00e9cile Doherty-Bigara, Leduc \u00e9ditions<\/h4>\n\n\n\n<figure class=\"wp-block-image size-large\"><img loading=\"lazy\" decoding=\"async\" width=\"400\" height=\"559\" src=\"http:\/\/www.lesmissives.fr\/wp-content\/uploads\/2022\/04\/Nouvelle-mere.jpg\" alt=\"\" class=\"wp-image-4376\" srcset=\"http:\/\/www.lesmissives.fr\/wp-content\/uploads\/2022\/04\/Nouvelle-mere.jpg 400w, http:\/\/www.lesmissives.fr\/wp-content\/uploads\/2022\/04\/Nouvelle-mere-215x300.jpg 215w\" sizes=\"(max-width: 400px) 100vw, 400px\" \/><\/figure>\n\n\n\n<p>Avec ce livre, C\u00e9cile Doherty-Bigara livre un t\u00e9moignage tr\u00e8s personnel sur la premi\u00e8re ann\u00e9e de sa maternit\u00e9; une sorte de journal intime dans lequel chaque nouveau parent pourra se reconna\u00eetre, que ce soit sur les questions de transmission, de partage des t\u00e2ches avec le co-parent, ou de cette qu\u00eate pour se retrouver en tant qu&rsquo;individu \u00e0 part enti\u00e8re. Elle livre le quotidien sans filtre, l&rsquo;ambivalence de cette maternit\u00e9 qui \u00e9branle et use parfois. Elle rend visible la fatigue, la peur, la frustration qui se m\u00ealent \u00e0 la joie et \u00e0 la douceur.\u00a0 Pas toujours facile d&rsquo;accrocher avec le style d&rsquo;\u00e9criture mais les mots sont authentiques et ce partage sera lib\u00e9rateur pour beaucoup de m\u00e8res et profitable \u00e0 l&rsquo;entourage pour mieux les comprendre et les accompagner.<\/p>\n\n\n\n<h4 class=\"wp-block-heading\"><em>Si je veux <\/em>de Johanna Luyssen chez Grasset<\/h4>\n\n\n\n<figure class=\"wp-block-image size-large\"><img loading=\"lazy\" decoding=\"async\" width=\"507\" height=\"800\" src=\"http:\/\/www.lesmissives.fr\/wp-content\/uploads\/2022\/04\/9782246823216-001-T.jpeg\" alt=\"\" class=\"wp-image-4377\" srcset=\"http:\/\/www.lesmissives.fr\/wp-content\/uploads\/2022\/04\/9782246823216-001-T.jpeg 507w, http:\/\/www.lesmissives.fr\/wp-content\/uploads\/2022\/04\/9782246823216-001-T-190x300.jpeg 190w, http:\/\/www.lesmissives.fr\/wp-content\/uploads\/2022\/04\/9782246823216-001-T-400x631.jpeg 400w\" sizes=\"(max-width: 507px) 100vw, 507px\" \/><\/figure>\n\n\n\n<p>Johanna Luyssen est r\u00e9dactrice en chef adjointe des pages soci\u00e9t\u00e9 de <em>Lib\u00e9ration <\/em>et c&rsquo;est\u00a0 un r\u00e9cit intime et important sur son parcours de m\u00e8re c\u00e9libataire par choix qu&rsquo;elle livre ici, l\u00e9gitimant d&rsquo;un coup une autre forme de parentalit\u00e9 qui dissocie le d\u00e9sir d&rsquo;enfant du couple.\u00a0Remettre en question le mod\u00e8le familial h\u00e9t\u00e9ronorm\u00e9 et imaginer une parentalit\u00e9 solo, ce n&rsquo;est ni \u00e9go\u00efste ni capricieux, c&rsquo;est regarder en face une r\u00e9alit\u00e9 de notre soci\u00e9t\u00e9 que certains voudraient silencieuse. Un t\u00e9moignage bienvenu.<\/p>\n\n\n\n<p>Et aussi :<\/p>\n\n\n\n<p>A \u00e9couter sur le site dans la rubrique d\u00e9di\u00e9e ou sur vos applications de podcast en cherchant <em>Entre Nos Lignes<\/em>.<\/p>\n\n\n\n<p><em>Trois Mois Sous Silence<\/em> (<a href=\"http:\/\/www.lesmissives.fr\/index.php\/2021\/07\/17\/missives-en-ecoute-27-trois-mois-sous-silence-de-judith-aquien\/\">Missives en Ecoute n\u00b0 27)<\/a><\/p>\n\n\n\n<p><em>Linea Nigra<\/em> <a href=\"http:\/\/www.lesmissives.fr\/index.php\/2020\/12\/12\/missives-en-ecoute-19-linea-nigra-de-sophie-adriansen\/\">(Missives en Ecoute n\u00b0 19)<\/a><\/p>\n\n\n\n<p><em>Le Corps d&rsquo;apr\u00e8s<\/em> <a href=\"http:\/\/www.lesmissives.fr\/index.php\/2020\/07\/04\/missives-en-ecoute-7-le-corps-dapres-de-virginie-noar\/\">(Missives en Ecoute n\u00b07)<\/a><\/p>\n\n\n\n<p><em>Toucher la terre<\/em> <em>ferme <\/em><a href=\"http:\/\/www.lesmissives.fr\/index.php\/2022\/02\/20\/missives-en-ecoute-34-toucher-la-terre-ferme-de-julia-kerninon\/\">(Missives en Ecoute n\u00b034)<\/a><\/p>\n","protected":false},"excerpt":{"rendered":"<p>On parle de plus en plus de post-partum que ce soit en essai, roman (La Femme Brouillon) ou en BD (voir notre chronique sur La Rempla\u00e7ante), de parentalit\u00e9 \u00e9galitaire (chronique \u00c9duquer sans pr\u00e9jug\u00e9s,ou Fille-Gar\u00e7on m\u00eame \u00e9ducation), de grossesse f\u00e9ministe (voir notamment notre chronique sur le Guide F\u00e9ministe de la Grossesse) et des injonctions faites aux [&hellip;]<\/p>\n","protected":false},"author":23,"featured_media":4378,"comment_status":"closed","ping_status":"open","sticky":false,"template":"","format":"standard","meta":{"footnotes":""},"categories":[5],"tags":[33,31,32,29,30],"class_list":["post-4372","post","type-post","status-publish","format-standard","has-post-thumbnail","hentry","category-essais-recents","tag-accouchement","tag-feministe","tag-grossesse","tag-maternite","tag-parentalite","has-thumbnail"],"yoast_head":"<!-- This site is optimized with the Yoast SEO plugin v23.5 - https:\/\/yoast.com\/wordpress\/plugins\/seo\/ -->\n<title>Petite s\u00e9lection de livres pour allier maternit\u00e9 et r\u00e9flexions f\u00e9ministes - Missives<\/title>\n<meta name=\"robots\" content=\"index, follow, max-snippet:-1, max-image-preview:large, max-video-preview:-1\" \/>\n<link rel=\"canonical\" href=\"https:\/\/www.lesmissives.fr\/index.php\/2022\/04\/27\/petite-selection-de-livres-pour-allier-maternite-et-reflexions-feministes\/\" \/>\n<meta property=\"og:locale\" content=\"fr_FR\" \/>\n<meta property=\"og:type\" content=\"article\" \/>\n<meta property=\"og:title\" content=\"Petite s\u00e9lection de livres pour allier maternit\u00e9 et r\u00e9flexions f\u00e9ministes - Missives\" \/>\n<meta property=\"og:description\" content=\"On parle de plus en plus de post-partum que ce soit en essai, roman (La Femme Brouillon) ou en BD (voir notre chronique sur La Rempla\u00e7ante), de parentalit\u00e9 \u00e9galitaire (chronique \u00c9duquer sans pr\u00e9jug\u00e9s,ou Fille-Gar\u00e7on m\u00eame \u00e9ducation), de grossesse f\u00e9ministe (voir notamment notre chronique sur le Guide F\u00e9ministe de la Grossesse) et des injonctions faites aux [&hellip;]\" \/>\n<meta property=\"og:url\" content=\"https:\/\/www.lesmissives.fr\/index.php\/2022\/04\/27\/petite-selection-de-livres-pour-allier-maternite-et-reflexions-feministes\/\" \/>\n<meta property=\"og:site_name\" content=\"Missives\" \/>\n<meta property=\"article:publisher\" content=\"https:\/\/www.facebook.com\/LesMissives\/\" \/>\n<meta property=\"article:published_time\" content=\"2022-04-27T18:13:08+00:00\" \/>\n<meta property=\"article:modified_time\" content=\"2022-04-27T18:13:09+00:00\" \/>\n<meta property=\"og:image\" content=\"https:\/\/www.lesmissives.fr\/wp-content\/uploads\/2022\/04\/Maternit\u00e9s.jpg\" \/>\n\t<meta property=\"og:image:width\" content=\"879\" \/>\n\t<meta property=\"og:image:height\" content=\"432\" \/>\n\t<meta property=\"og:image:type\" content=\"image\/jpeg\" \/>\n<meta name=\"author\" content=\"Marie-\u00c9milie Michel\" \/>\n<meta name=\"twitter:card\" content=\"summary_large_image\" \/>\n<meta name=\"twitter:label1\" content=\"\u00c9crit par\" \/>\n\t<meta name=\"twitter:data1\" content=\"Marie-\u00c9milie Michel\" \/>\n\t<meta name=\"twitter:label2\" content=\"Dur\u00e9e de lecture estim\u00e9e\" \/>\n\t<meta name=\"twitter:data2\" content=\"5 minutes\" \/>\n<script type=\"application\/ld+json\" class=\"yoast-schema-graph\">{\"@context\":\"https:\/\/schema.org\",\"@graph\":[{\"@type\":\"Article\",\"@id\":\"https:\/\/www.lesmissives.fr\/index.php\/2022\/04\/27\/petite-selection-de-livres-pour-allier-maternite-et-reflexions-feministes\/#article\",\"isPartOf\":{\"@id\":\"https:\/\/www.lesmissives.fr\/index.php\/2022\/04\/27\/petite-selection-de-livres-pour-allier-maternite-et-reflexions-feministes\/\"},\"author\":{\"name\":\"Marie-\u00c9milie Michel\",\"@id\":\"http:\/\/www.lesmissives.fr\/#\/schema\/person\/fe0f1735e47e39cddf6bebea8159eec6\"},\"headline\":\"Petite s\u00e9lection de livres pour allier maternit\u00e9 et r\u00e9flexions f\u00e9ministes\",\"datePublished\":\"2022-04-27T18:13:08+00:00\",\"dateModified\":\"2022-04-27T18:13:09+00:00\",\"mainEntityOfPage\":{\"@id\":\"https:\/\/www.lesmissives.fr\/index.php\/2022\/04\/27\/petite-selection-de-livres-pour-allier-maternite-et-reflexions-feministes\/\"},\"wordCount\":940,\"publisher\":{\"@id\":\"http:\/\/www.lesmissives.fr\/#organization\"},\"image\":{\"@id\":\"https:\/\/www.lesmissives.fr\/index.php\/2022\/04\/27\/petite-selection-de-livres-pour-allier-maternite-et-reflexions-feministes\/#primaryimage\"},\"thumbnailUrl\":\"http:\/\/www.lesmissives.fr\/wp-content\/uploads\/2022\/04\/Maternit\u00e9s.jpg\",\"keywords\":[\"accouchement\",\"f\u00e9ministe\",\"grossesse\",\"maternit\u00e9\",\"parentalit\u00e9\"],\"articleSection\":[\"Essais r\u00e9cents\"],\"inLanguage\":\"fr-FR\"},{\"@type\":\"WebPage\",\"@id\":\"https:\/\/www.lesmissives.fr\/index.php\/2022\/04\/27\/petite-selection-de-livres-pour-allier-maternite-et-reflexions-feministes\/\",\"url\":\"https:\/\/www.lesmissives.fr\/index.php\/2022\/04\/27\/petite-selection-de-livres-pour-allier-maternite-et-reflexions-feministes\/\",\"name\":\"Petite s\u00e9lection de livres pour allier maternit\u00e9 et r\u00e9flexions f\u00e9ministes - Missives\",\"isPartOf\":{\"@id\":\"http:\/\/www.lesmissives.fr\/#website\"},\"primaryImageOfPage\":{\"@id\":\"https:\/\/www.lesmissives.fr\/index.php\/2022\/04\/27\/petite-selection-de-livres-pour-allier-maternite-et-reflexions-feministes\/#primaryimage\"},\"image\":{\"@id\":\"https:\/\/www.lesmissives.fr\/index.php\/2022\/04\/27\/petite-selection-de-livres-pour-allier-maternite-et-reflexions-feministes\/#primaryimage\"},\"thumbnailUrl\":\"http:\/\/www.lesmissives.fr\/wp-content\/uploads\/2022\/04\/Maternit\u00e9s.jpg\",\"datePublished\":\"2022-04-27T18:13:08+00:00\",\"dateModified\":\"2022-04-27T18:13:09+00:00\",\"breadcrumb\":{\"@id\":\"https:\/\/www.lesmissives.fr\/index.php\/2022\/04\/27\/petite-selection-de-livres-pour-allier-maternite-et-reflexions-feministes\/#breadcrumb\"},\"inLanguage\":\"fr-FR\",\"potentialAction\":[{\"@type\":\"ReadAction\",\"target\":[\"https:\/\/www.lesmissives.fr\/index.php\/2022\/04\/27\/petite-selection-de-livres-pour-allier-maternite-et-reflexions-feministes\/\"]}]},{\"@type\":\"ImageObject\",\"inLanguage\":\"fr-FR\",\"@id\":\"https:\/\/www.lesmissives.fr\/index.php\/2022\/04\/27\/petite-selection-de-livres-pour-allier-maternite-et-reflexions-feministes\/#primaryimage\",\"url\":\"http:\/\/www.lesmissives.fr\/wp-content\/uploads\/2022\/04\/Maternit\u00e9s.jpg\",\"contentUrl\":\"http:\/\/www.lesmissives.fr\/wp-content\/uploads\/2022\/04\/Maternit\u00e9s.jpg\",\"width\":879,\"height\":432},{\"@type\":\"BreadcrumbList\",\"@id\":\"https:\/\/www.lesmissives.fr\/index.php\/2022\/04\/27\/petite-selection-de-livres-pour-allier-maternite-et-reflexions-feministes\/#breadcrumb\",\"itemListElement\":[{\"@type\":\"ListItem\",\"position\":1,\"name\":\"Accueil\",\"item\":\"http:\/\/www.lesmissives.fr\/\"},{\"@type\":\"ListItem\",\"position\":2,\"name\":\"Petite s\u00e9lection de livres pour allier maternit\u00e9 et r\u00e9flexions f\u00e9ministes\"}]},{\"@type\":\"WebSite\",\"@id\":\"http:\/\/www.lesmissives.fr\/#website\",\"url\":\"http:\/\/www.lesmissives.fr\/\",\"name\":\"Missives\",\"description\":\"Des livres os\u00e9s et f\u00e9ministes, au sens large\",\"publisher\":{\"@id\":\"http:\/\/www.lesmissives.fr\/#organization\"},\"potentialAction\":[{\"@type\":\"SearchAction\",\"target\":{\"@type\":\"EntryPoint\",\"urlTemplate\":\"http:\/\/www.lesmissives.fr\/?s={search_term_string}\"},\"query-input\":{\"@type\":\"PropertyValueSpecification\",\"valueRequired\":true,\"valueName\":\"search_term_string\"}}],\"inLanguage\":\"fr-FR\"},{\"@type\":\"Organization\",\"@id\":\"http:\/\/www.lesmissives.fr\/#organization\",\"name\":\"les missives\",\"url\":\"http:\/\/www.lesmissives.fr\/\",\"logo\":{\"@type\":\"ImageObject\",\"inLanguage\":\"fr-FR\",\"@id\":\"http:\/\/www.lesmissives.fr\/#\/schema\/logo\/image\/\",\"url\":\"http:\/\/www.lesmissives.fr\/wp-content\/uploads\/2025\/09\/cropped-LOGO-MISSIVES-ROUGE-COMPLET2-scaled-1.jpg\",\"contentUrl\":\"http:\/\/www.lesmissives.fr\/wp-content\/uploads\/2025\/09\/cropped-LOGO-MISSIVES-ROUGE-COMPLET2-scaled-1.jpg\",\"width\":1130,\"height\":800,\"caption\":\"les missives\"},\"image\":{\"@id\":\"http:\/\/www.lesmissives.fr\/#\/schema\/logo\/image\/\"},\"sameAs\":[\"https:\/\/www.facebook.com\/LesMissives\/\"]},{\"@type\":\"Person\",\"@id\":\"http:\/\/www.lesmissives.fr\/#\/schema\/person\/fe0f1735e47e39cddf6bebea8159eec6\",\"name\":\"Marie-\u00c9milie Michel\",\"image\":{\"@type\":\"ImageObject\",\"inLanguage\":\"fr-FR\",\"@id\":\"http:\/\/www.lesmissives.fr\/#\/schema\/person\/image\/\",\"url\":\"http:\/\/0.gravatar.com\/avatar\/f7fb41420d27b64c57fb71b769004666?s=96&d=mm&r=g\",\"contentUrl\":\"http:\/\/0.gravatar.com\/avatar\/f7fb41420d27b64c57fb71b769004666?s=96&d=mm&r=g\",\"caption\":\"Marie-\u00c9milie Michel\"},\"description\":\"Com\u00e9dienne, co-directrice artistique du collectif Lilalune etc, Marie-Emilie s'int\u00e9resse particuli\u00e8rement \u00e0 la question des femmes dans son travail sc\u00e9nique. Peut-\u00eatre parce qu'elle a \u00e9tudi\u00e9 le journalisme et qu'elle voit tout texte comme une mati\u00e8re vivante, elle a \u00e9galement initi\u00e9 des \\\"lectures citoyennes\\\" : reflets de questionnements li\u00e9s \u00e0 un th\u00e8me d'actualit\u00e9, assemblage de regards et de textes, men\u00e9es \u00e0 trois voix. La derni\u00e8re en date s'appelait \\\"F\u00e9ministe, ta m\u00e8re\\\"!\u00a0C'est donc tout naturellement que sa passion des mots et son engagement f\u00e9ministe l'ont men\u00e9e \u00e0 partager ses lectures sur Missives.\",\"url\":\"http:\/\/www.lesmissives.fr\/index.php\/author\/marieemiliemichel\/\"}]}<\/script>\n<!-- \/ Yoast SEO plugin. -->","yoast_head_json":{"title":"Petite s\u00e9lection de livres pour allier maternit\u00e9 et r\u00e9flexions f\u00e9ministes - Missives","robots":{"index":"index","follow":"follow","max-snippet":"max-snippet:-1","max-image-preview":"max-image-preview:large","max-video-preview":"max-video-preview:-1"},"canonical":"https:\/\/www.lesmissives.fr\/index.php\/2022\/04\/27\/petite-selection-de-livres-pour-allier-maternite-et-reflexions-feministes\/","og_locale":"fr_FR","og_type":"article","og_title":"Petite s\u00e9lection de livres pour allier maternit\u00e9 et r\u00e9flexions f\u00e9ministes - Missives","og_description":"On parle de plus en plus de post-partum que ce soit en essai, roman (La Femme Brouillon) ou en BD (voir notre chronique sur La Rempla\u00e7ante), de parentalit\u00e9 \u00e9galitaire (chronique \u00c9duquer sans pr\u00e9jug\u00e9s,ou Fille-Gar\u00e7on m\u00eame \u00e9ducation), de grossesse f\u00e9ministe (voir notamment notre chronique sur le Guide F\u00e9ministe de la Grossesse) et des injonctions faites aux [&hellip;]","og_url":"https:\/\/www.lesmissives.fr\/index.php\/2022\/04\/27\/petite-selection-de-livres-pour-allier-maternite-et-reflexions-feministes\/","og_site_name":"Missives","article_publisher":"https:\/\/www.facebook.com\/LesMissives\/","article_published_time":"2022-04-27T18:13:08+00:00","article_modified_time":"2022-04-27T18:13:09+00:00","og_image":[{"width":879,"height":432,"url":"https:\/\/www.lesmissives.fr\/wp-content\/uploads\/2022\/04\/Maternit\u00e9s.jpg","type":"image\/jpeg"}],"author":"Marie-\u00c9milie Michel","twitter_card":"summary_large_image","twitter_misc":{"\u00c9crit par":"Marie-\u00c9milie Michel","Dur\u00e9e de lecture estim\u00e9e":"5 minutes"},"schema":{"@context":"https:\/\/schema.org","@graph":[{"@type":"Article","@id":"https:\/\/www.lesmissives.fr\/index.php\/2022\/04\/27\/petite-selection-de-livres-pour-allier-maternite-et-reflexions-feministes\/#article","isPartOf":{"@id":"https:\/\/www.lesmissives.fr\/index.php\/2022\/04\/27\/petite-selection-de-livres-pour-allier-maternite-et-reflexions-feministes\/"},"author":{"name":"Marie-\u00c9milie Michel","@id":"http:\/\/www.lesmissives.fr\/#\/schema\/person\/fe0f1735e47e39cddf6bebea8159eec6"},"headline":"Petite s\u00e9lection de livres pour allier maternit\u00e9 et r\u00e9flexions f\u00e9ministes","datePublished":"2022-04-27T18:13:08+00:00","dateModified":"2022-04-27T18:13:09+00:00","mainEntityOfPage":{"@id":"https:\/\/www.lesmissives.fr\/index.php\/2022\/04\/27\/petite-selection-de-livres-pour-allier-maternite-et-reflexions-feministes\/"},"wordCount":940,"publisher":{"@id":"http:\/\/www.lesmissives.fr\/#organization"},"image":{"@id":"https:\/\/www.lesmissives.fr\/index.php\/2022\/04\/27\/petite-selection-de-livres-pour-allier-maternite-et-reflexions-feministes\/#primaryimage"},"thumbnailUrl":"http:\/\/www.lesmissives.fr\/wp-content\/uploads\/2022\/04\/Maternit\u00e9s.jpg","keywords":["accouchement","f\u00e9ministe","grossesse","maternit\u00e9","parentalit\u00e9"],"articleSection":["Essais r\u00e9cents"],"inLanguage":"fr-FR"},{"@type":"WebPage","@id":"https:\/\/www.lesmissives.fr\/index.php\/2022\/04\/27\/petite-selection-de-livres-pour-allier-maternite-et-reflexions-feministes\/","url":"https:\/\/www.lesmissives.fr\/index.php\/2022\/04\/27\/petite-selection-de-livres-pour-allier-maternite-et-reflexions-feministes\/","name":"Petite s\u00e9lection de livres pour allier maternit\u00e9 et r\u00e9flexions f\u00e9ministes - Missives","isPartOf":{"@id":"http:\/\/www.lesmissives.fr\/#website"},"primaryImageOfPage":{"@id":"https:\/\/www.lesmissives.fr\/index.php\/2022\/04\/27\/petite-selection-de-livres-pour-allier-maternite-et-reflexions-feministes\/#primaryimage"},"image":{"@id":"https:\/\/www.lesmissives.fr\/index.php\/2022\/04\/27\/petite-selection-de-livres-pour-allier-maternite-et-reflexions-feministes\/#primaryimage"},"thumbnailUrl":"http:\/\/www.lesmissives.fr\/wp-content\/uploads\/2022\/04\/Maternit\u00e9s.jpg","datePublished":"2022-04-27T18:13:08+00:00","dateModified":"2022-04-27T18:13:09+00:00","breadcrumb":{"@id":"https:\/\/www.lesmissives.fr\/index.php\/2022\/04\/27\/petite-selection-de-livres-pour-allier-maternite-et-reflexions-feministes\/#breadcrumb"},"inLanguage":"fr-FR","potentialAction":[{"@type":"ReadAction","target":["https:\/\/www.lesmissives.fr\/index.php\/2022\/04\/27\/petite-selection-de-livres-pour-allier-maternite-et-reflexions-feministes\/"]}]},{"@type":"ImageObject","inLanguage":"fr-FR","@id":"https:\/\/www.lesmissives.fr\/index.php\/2022\/04\/27\/petite-selection-de-livres-pour-allier-maternite-et-reflexions-feministes\/#primaryimage","url":"http:\/\/www.lesmissives.fr\/wp-content\/uploads\/2022\/04\/Maternit\u00e9s.jpg","contentUrl":"http:\/\/www.lesmissives.fr\/wp-content\/uploads\/2022\/04\/Maternit\u00e9s.jpg","width":879,"height":432},{"@type":"BreadcrumbList","@id":"https:\/\/www.lesmissives.fr\/index.php\/2022\/04\/27\/petite-selection-de-livres-pour-allier-maternite-et-reflexions-feministes\/#breadcrumb","itemListElement":[{"@type":"ListItem","position":1,"name":"Accueil","item":"http:\/\/www.lesmissives.fr\/"},{"@type":"ListItem","position":2,"name":"Petite s\u00e9lection de livres pour allier maternit\u00e9 et r\u00e9flexions f\u00e9ministes"}]},{"@type":"WebSite","@id":"http:\/\/www.lesmissives.fr\/#website","url":"http:\/\/www.lesmissives.fr\/","name":"Missives","description":"Des livres os\u00e9s et f\u00e9ministes, au sens large","publisher":{"@id":"http:\/\/www.lesmissives.fr\/#organization"},"potentialAction":[{"@type":"SearchAction","target":{"@type":"EntryPoint","urlTemplate":"http:\/\/www.lesmissives.fr\/?s={search_term_string}"},"query-input":{"@type":"PropertyValueSpecification","valueRequired":true,"valueName":"search_term_string"}}],"inLanguage":"fr-FR"},{"@type":"Organization","@id":"http:\/\/www.lesmissives.fr\/#organization","name":"les missives","url":"http:\/\/www.lesmissives.fr\/","logo":{"@type":"ImageObject","inLanguage":"fr-FR","@id":"http:\/\/www.lesmissives.fr\/#\/schema\/logo\/image\/","url":"http:\/\/www.lesmissives.fr\/wp-content\/uploads\/2025\/09\/cropped-LOGO-MISSIVES-ROUGE-COMPLET2-scaled-1.jpg","contentUrl":"http:\/\/www.lesmissives.fr\/wp-content\/uploads\/2025\/09\/cropped-LOGO-MISSIVES-ROUGE-COMPLET2-scaled-1.jpg","width":1130,"height":800,"caption":"les missives"},"image":{"@id":"http:\/\/www.lesmissives.fr\/#\/schema\/logo\/image\/"},"sameAs":["https:\/\/www.facebook.com\/LesMissives\/"]},{"@type":"Person","@id":"http:\/\/www.lesmissives.fr\/#\/schema\/person\/fe0f1735e47e39cddf6bebea8159eec6","name":"Marie-\u00c9milie Michel","image":{"@type":"ImageObject","inLanguage":"fr-FR","@id":"http:\/\/www.lesmissives.fr\/#\/schema\/person\/image\/","url":"http:\/\/0.gravatar.com\/avatar\/f7fb41420d27b64c57fb71b769004666?s=96&d=mm&r=g","contentUrl":"http:\/\/0.gravatar.com\/avatar\/f7fb41420d27b64c57fb71b769004666?s=96&d=mm&r=g","caption":"Marie-\u00c9milie Michel"},"description":"Com\u00e9dienne, co-directrice artistique du collectif Lilalune etc, Marie-Emilie s'int\u00e9resse particuli\u00e8rement \u00e0 la question des femmes dans son travail sc\u00e9nique. Peut-\u00eatre parce qu'elle a \u00e9tudi\u00e9 le journalisme et qu'elle voit tout texte comme une mati\u00e8re vivante, elle a \u00e9galement initi\u00e9 des \"lectures citoyennes\" : reflets de questionnements li\u00e9s \u00e0 un th\u00e8me d'actualit\u00e9, assemblage de regards et de textes, men\u00e9es \u00e0 trois voix. La derni\u00e8re en date s'appelait \"F\u00e9ministe, ta m\u00e8re\"!\u00a0C'est donc tout naturellement que sa passion des mots et son engagement f\u00e9ministe l'ont men\u00e9e \u00e0 partager ses lectures sur Missives.","url":"http:\/\/www.lesmissives.fr\/index.php\/author\/marieemiliemichel\/"}]}},"_links":{"self":[{"href":"http:\/\/www.lesmissives.fr\/index.php\/wp-json\/wp\/v2\/posts\/4372"}],"collection":[{"href":"http:\/\/www.lesmissives.fr\/index.php\/wp-json\/wp\/v2\/posts"}],"about":[{"href":"http:\/\/www.lesmissives.fr\/index.php\/wp-json\/wp\/v2\/types\/post"}],"author":[{"embeddable":true,"href":"http:\/\/www.lesmissives.fr\/index.php\/wp-json\/wp\/v2\/users\/23"}],"replies":[{"embeddable":true,"href":"http:\/\/www.lesmissives.fr\/index.php\/wp-json\/wp\/v2\/comments?post=4372"}],"version-history":[{"count":1,"href":"http:\/\/www.lesmissives.fr\/index.php\/wp-json\/wp\/v2\/posts\/4372\/revisions"}],"predecessor-version":[{"id":4379,"href":"http:\/\/www.lesmissives.fr\/index.php\/wp-json\/wp\/v2\/posts\/4372\/revisions\/4379"}],"wp:featuredmedia":[{"embeddable":true,"href":"http:\/\/www.lesmissives.fr\/index.php\/wp-json\/wp\/v2\/media\/4378"}],"wp:attachment":[{"href":"http:\/\/www.lesmissives.fr\/index.php\/wp-json\/wp\/v2\/media?parent=4372"}],"wp:term":[{"taxonomy":"category","embeddable":true,"href":"http:\/\/www.lesmissives.fr\/index.php\/wp-json\/wp\/v2\/categories?post=4372"},{"taxonomy":"post_tag","embeddable":true,"href":"http:\/\/www.lesmissives.fr\/index.php\/wp-json\/wp\/v2\/tags?post=4372"}],"curies":[{"name":"wp","href":"https:\/\/api.w.org\/{rel}","templated":true}]}}