{"id":4007,"date":"2021-11-27T09:22:00","date_gmt":"2021-11-27T08:22:00","guid":{"rendered":"http:\/\/www.lesmissives.fr\/?p=4007"},"modified":"2022-01-09T12:53:41","modified_gmt":"2022-01-09T11:53:41","slug":"mon-fils-en-rose-de-camilla-vivian-une-mere-en-lutte-contre-la-norme","status":"publish","type":"post","link":"http:\/\/www.lesmissives.fr\/index.php\/2021\/11\/27\/mon-fils-en-rose-de-camilla-vivian-une-mere-en-lutte-contre-la-norme\/","title":{"rendered":"Mon fils en rose de Camilla Vivian : une m\u00e8re en lutte contre la norme"},"content":{"rendered":"\n<figure class=\"wp-block-image size-large\"><img loading=\"lazy\" decoding=\"async\" width=\"820\" height=\"430\" src=\"http:\/\/www.lesmissives.fr\/wp-content\/uploads\/2021\/11\/Mon-fils-en-rose-FB-1.jpg\" alt=\"\" class=\"wp-image-4045\" srcset=\"http:\/\/www.lesmissives.fr\/wp-content\/uploads\/2021\/11\/Mon-fils-en-rose-FB-1.jpg 820w, http:\/\/www.lesmissives.fr\/wp-content\/uploads\/2021\/11\/Mon-fils-en-rose-FB-1-300x157.jpg 300w, http:\/\/www.lesmissives.fr\/wp-content\/uploads\/2021\/11\/Mon-fils-en-rose-FB-1-768x403.jpg 768w, http:\/\/www.lesmissives.fr\/wp-content\/uploads\/2021\/11\/Mon-fils-en-rose-FB-1-400x210.jpg 400w, http:\/\/www.lesmissives.fr\/wp-content\/uploads\/2021\/11\/Mon-fils-en-rose-FB-1-800x420.jpg 800w\" sizes=\"(max-width: 820px) 100vw, 820px\" \/><\/figure>\n\n\n\n<p>Camilla Vivian est une photographe, traductrice\/interpr\u00e8te italienne et maman de trois enfants qu\u2019elle \u00e9l\u00e8ve quasiment seule depuis son divorce. Parmi ses enfants, il y a Federico qui manifeste depuis son plus jeune \u00e2ge le d\u00e9sir de ne pas \u00eatre juste un gar\u00e7on, de pouvoir aussi \u00eatre une fille. D\u00e9cid\u00e9e \u00e0 accompagner son enfant le mieux possible dans son d\u00e9veloppement, Camilla Vivian va alors chercher des ressources, des t\u00e9moignages, des conseils\u2026 C\u2019est ce parcours qu\u2019elle raconte dans ce livre, qui prolonge l\u2019ouverture, en 2016, de son blog \u00ab&nbsp;Mio Figlio in rosa<a href=\"\/\/52857FFA-AAD1-4837-9CD6-175AEBFFF604#_ftn1\"><sup>[1]<\/sup><\/a>&nbsp;\u00bb.<\/p>\n\n\n\n<p>D\u00e9couvrir le cheminement de cette maman livr\u00e9e \u00e0 elle-m\u00eame dans un pays fortement impr\u00e9gn\u00e9 par la culture catholique de la honte et du tabou est aussi touchant que r\u00e9voltant. Lorsqu\u2019elle commence ses recherches, Camilla Vivian a l\u2019impression d\u2019\u00eatre la seule m\u00e8re en Italie \u00e0 vivre cette situation. C\u2019est par internet et des \u00e9changes avec des m\u00e8res \u00e9trang\u00e8res, notamment am\u00e9ricaines, qu\u2019elle trouvera ses premi\u00e8res r\u00e9ponses. Elle commencera alors \u00e0 se renseigner sur la dysphorie de genre<a href=\"\/\/52857FFA-AAD1-4837-9CD6-175AEBFFF604#_ftn2\"><sup>[2]<\/sup><\/a>&nbsp;et plus g\u00e9n\u00e9ralement sur la fluidit\u00e9 des identit\u00e9s de genre.<\/p>\n\n\n\n<p>Alors qu\u2019elle se trouve dans un processus d\u2019acceptation, de tol\u00e9rance et d\u2019accompagnement, le monde qui l\u2019entoure ne lui renvoie qu\u2019incompr\u00e9hension, jugement et m\u00e9pris. Ce qui ressort du t\u00e9moignage de l\u2019autrice, c\u2019est l\u2019angoisse permanente et l\u2019anticipation des r\u00e9actions des personnes qu\u2019elle c\u00f4toie&nbsp;: que dira le boucher si Federico sort faire les courses avec ses plus belles ballerines paillet\u00e9es&nbsp;? Que diront ses camarades de classe s\u2019il ne choisit que des cahiers roses&nbsp;? Que dira le contr\u00f4leur du train en voyant les papiers d\u2019identit\u00e9 de son fils&nbsp;? Si Camilla Vivian tente de cacher ses angoisses \u00e0 son fils, celui-ci n\u2019est \u00e9videmment pas dupe. Alors que Federico choisit de vivre selon ses envies, sans trop se poser de questions, ce sont \u00ab&nbsp;les autres&nbsp;\u00bb qui se questionnent et qui lui font douter de sa l\u00e9gitimit\u00e9 \u00e0 \u00eatre lui-m\u00eame.<\/p>\n\n\n\n<p>L\u2019autrice met par ailleurs en avant l\u2019absolu n\u00e9cessit\u00e9 de cat\u00e9goriser les choses et les \u00eatres, m\u00eame lorsqu\u2019il s\u2019agit de transidentit\u00e9. Par exemple, lorsqu\u2019elle cherche \u00e0 adh\u00e9rer \u00e0 une association, elle n\u2019a que deux cases disponibles pour \u00ab&nbsp;d\u00e9finir&nbsp;\u00bb son fils sur un formulaire&nbsp;: FTM (<em>female to male<\/em>, \u00ab&nbsp;fille qui se sent gar\u00e7on&nbsp;\u00bb) ou MTF (<em>male to female<\/em>, \u00ab&nbsp;gar\u00e7on qui se sent fille&nbsp;\u00bb). Or, Federico n\u2019est pas vraiment un \u00ab&nbsp;gar\u00e7on qui se sent fille&nbsp;\u00bb. Il est un gar\u00e7on, il est aussi une fille. C\u2019est un enfant qui ne se \u00ab&nbsp;d\u00e9finit&nbsp;\u00bb pas, mais dont la m\u00e8re est pouss\u00e9e \u00e0 le faire pour lui, sur un bout de papier qui finira aux archives.<\/p>\n\n\n\n<p>Enfin, notons que lorsqu\u2019elle parle des personnes qui l\u2019ont aid\u00e9e, ou bien des courriers qu\u2019elle a re\u00e7us suite \u00e0 l\u2019ouverture de son blog, Camilla Vivian ne mentionne que des m\u00e8res. Inqui\u00e8tes, parfois d\u00e9sesp\u00e9r\u00e9es, souvent d\u00e9termin\u00e9es, \u00e0 l\u2019\u00e9coute, attentives.&nbsp;<\/p>\n\n\n\n<p>\u00c0 travers ce t\u00e9moignage, nous d\u00e9couvrons en effet des figures de m\u00e8res pr\u00eates \u00e0 tout pour assurer \u00e0 leurs enfants une vie \u00e9panouie.<\/p>\n\n\n\n<p>Mais o\u00f9 sont les p\u00e8res&nbsp;?<\/p>\n\n\n\n<p>O\u00f9 sont les p\u00e8res dans les cabinets des psychologues&nbsp;? Dans les t\u00e9moignages des blogs ou des articles de presse&nbsp;? Sur les plateaux t\u00e9l\u00e9&nbsp;? Dans les associations&nbsp;?<\/p>\n\n\n\n<p>Cette question n\u2019est pas du tout soulev\u00e9e par l\u2019autrice, mais son r\u00e9cit est un exemple de plus de la place majoritaire des femmes dans le domaine du&nbsp;<em>care<\/em>. Cette prise en compte des besoins sp\u00e9cifiques des un\u00b7es et des autres se traduit ici par une vigilance de tous les instants, par des nuits pass\u00e9es \u00e0 faire des recherches, \u00e0 s\u2019informer, \u00e0 lire, par des discussions sans fin avec les instituteur\u00b7trices, la famille, les ami\u00b7es, et parfois m\u00eame par une attention moindre \u00e0 ses deux autres enfants. Et paradoxalement, alors que ce sont les m\u00e8res qui prennent en charge tout ce qui vient d\u2019\u00eatre cit\u00e9, ce sont aussi elles qui sont tenues pour responsables, par la soci\u00e9t\u00e9 norm\u00e9e, des \u00ab&nbsp;d\u00e9viances&nbsp;\u00bb de leurs enfants&nbsp;: \u00ab&nbsp;Une croyance ancienne, en effet, fait des m\u00e8res les premi\u00e8res responsables et les premi\u00e8res \u00e0 critiquer pour les actions, les comportements et la sant\u00e9 mentale de leurs enfants, surtout des enfants transgenres.&nbsp;\u00bb<\/p>\n\n\n\n<p>Ces 250 pages font \u00e9tat de r\u00e9flexions passionnantes qui d\u00e9passent le simple r\u00e9cit intime et portent une r\u00e9sonnance politique ind\u00e9niable.&nbsp;<\/p>\n\n\n\n<p>[Mention sp\u00e9ciale pour l\u2019avant-propos et le glossaire des traductrices qui insistent sur l\u2019importance de la repr\u00e9sentation par les mots. L\u2019autrice utilise en effet parfois des termes qui ne sont pas adapt\u00e9s \u00e0 la situation (\u00ab&nbsp;transsexuel&nbsp;\u00bb pour \u00ab&nbsp;transgenre&nbsp;\u00bb par exemple), mais les traductrices ont choisi de ne pas corriger ces occurrences afin de rendre compte du cheminement de la pens\u00e9e de l\u2019autrice.]<\/p>\n\n\n\n<p><em>Mon fils en rose<\/em>, Camilla Vivian, traduit par Hazel Goram et Nino S. Dufour, La Contre All\u00e9e, 2019<\/p>\n\n\n\n<hr class=\"wp-block-separator\"\/>\n\n\n\n<p><a href=\"\/\/52857FFA-AAD1-4837-9CD6-175AEBFFF604#_ftnref1\"><sup>[1]<\/sup><\/a>&nbsp;http:\/\/www.miofiglioinrosa.com\/<\/p>\n\n\n\n<p><a href=\"\/\/52857FFA-AAD1-4837-9CD6-175AEBFFF604#_ftnref2\"><sup>[2]<\/sup><\/a>&nbsp;Terme m\u00e9dical qui d\u00e9signe le sentiment d\u2019inad\u00e9quation entre le genre assign\u00e9 et le genre v\u00e9cu ou exprim\u00e9.<\/p>\n","protected":false},"excerpt":{"rendered":"<p>Camilla Vivian est une photographe, traductrice\/interpr\u00e8te italienne et maman de trois enfants qu\u2019elle \u00e9l\u00e8ve quasiment seule depuis son divorce. Parmi ses enfants, il y a Federico qui manifeste depuis son plus jeune \u00e2ge le d\u00e9sir de ne pas \u00eatre juste un gar\u00e7on, de pouvoir aussi \u00eatre une fille. D\u00e9cid\u00e9e \u00e0 accompagner son enfant le mieux [&hellip;]<\/p>\n","protected":false},"author":31,"featured_media":4008,"comment_status":"closed","ping_status":"open","sticky":false,"template":"","format":"standard","meta":{"footnotes":""},"categories":[1],"tags":[],"class_list":["post-4007","post","type-post","status-publish","format-standard","has-post-thumbnail","hentry","category-non-classe","has-thumbnail"],"yoast_head":"<!-- This site is optimized with the Yoast SEO plugin v23.5 - https:\/\/yoast.com\/wordpress\/plugins\/seo\/ -->\n<title>Mon fils en rose de Camilla Vivian : une m\u00e8re en lutte contre la norme - Missives<\/title>\n<meta name=\"description\" content=\"Federico manifeste depuis son plus jeune \u00e2ge le d\u00e9sir de ne pas \u00eatre juste un gar\u00e7on, de pouvoir aussi \u00eatre une fille. D\u00e9cid\u00e9e \u00e0 accompagner son enfant le mieux possible dans son d\u00e9veloppement, sa m\u00e8re, Camilla Vivian va alors chercher des ressources, des t\u00e9moignages, des conseils\u2026 C\u2019est ce parcours qu\u2019elle raconte dans ce livre.\" \/>\n<meta name=\"robots\" content=\"index, follow, max-snippet:-1, max-image-preview:large, max-video-preview:-1\" \/>\n<link rel=\"canonical\" href=\"http:\/\/www.lesmissives.fr\/index.php\/2021\/11\/27\/mon-fils-en-rose-de-camilla-vivian-une-mere-en-lutte-contre-la-norme\/\" \/>\n<meta property=\"og:locale\" content=\"fr_FR\" \/>\n<meta property=\"og:type\" content=\"article\" \/>\n<meta property=\"og:title\" content=\"Mon fils en rose de Camilla Vivian : une m\u00e8re en lutte contre la norme - Missives\" \/>\n<meta property=\"og:description\" content=\"Federico manifeste depuis son plus jeune \u00e2ge le d\u00e9sir de ne pas \u00eatre juste un gar\u00e7on, de pouvoir aussi \u00eatre une fille. D\u00e9cid\u00e9e \u00e0 accompagner son enfant le mieux possible dans son d\u00e9veloppement, sa m\u00e8re, Camilla Vivian va alors chercher des ressources, des t\u00e9moignages, des conseils\u2026 C\u2019est ce parcours qu\u2019elle raconte dans ce livre.\" \/>\n<meta property=\"og:url\" content=\"http:\/\/www.lesmissives.fr\/index.php\/2021\/11\/27\/mon-fils-en-rose-de-camilla-vivian-une-mere-en-lutte-contre-la-norme\/\" \/>\n<meta property=\"og:site_name\" content=\"Missives\" \/>\n<meta property=\"article:publisher\" content=\"https:\/\/www.facebook.com\/LesMissives\/\" \/>\n<meta property=\"article:published_time\" content=\"2021-11-27T08:22:00+00:00\" \/>\n<meta property=\"article:modified_time\" content=\"2022-01-09T11:53:41+00:00\" \/>\n<meta property=\"og:image\" content=\"http:\/\/www.lesmissives.fr\/wp-content\/uploads\/2021\/11\/Mon-fils-en-rose-FB-1.jpg\" \/>\n\t<meta property=\"og:image:width\" content=\"820\" \/>\n\t<meta property=\"og:image:height\" content=\"430\" \/>\n\t<meta property=\"og:image:type\" content=\"image\/jpeg\" \/>\n<meta name=\"author\" content=\"Manon Rolland\" \/>\n<meta name=\"twitter:card\" content=\"summary_large_image\" \/>\n<meta name=\"twitter:label1\" content=\"\u00c9crit par\" \/>\n\t<meta name=\"twitter:data1\" content=\"Manon Rolland\" \/>\n\t<meta name=\"twitter:label2\" content=\"Dur\u00e9e de lecture estim\u00e9e\" \/>\n\t<meta name=\"twitter:data2\" content=\"5 minutes\" \/>\n<script type=\"application\/ld+json\" class=\"yoast-schema-graph\">{\"@context\":\"https:\/\/schema.org\",\"@graph\":[{\"@type\":\"Article\",\"@id\":\"http:\/\/www.lesmissives.fr\/index.php\/2021\/11\/27\/mon-fils-en-rose-de-camilla-vivian-une-mere-en-lutte-contre-la-norme\/#article\",\"isPartOf\":{\"@id\":\"http:\/\/www.lesmissives.fr\/index.php\/2021\/11\/27\/mon-fils-en-rose-de-camilla-vivian-une-mere-en-lutte-contre-la-norme\/\"},\"author\":{\"name\":\"Manon Rolland\",\"@id\":\"http:\/\/www.lesmissives.fr\/#\/schema\/person\/92c15cb840f1dc535fff5b350203923b\"},\"headline\":\"Mon fils en rose de Camilla Vivian : une m\u00e8re en lutte contre la norme\",\"datePublished\":\"2021-11-27T08:22:00+00:00\",\"dateModified\":\"2022-01-09T11:53:41+00:00\",\"mainEntityOfPage\":{\"@id\":\"http:\/\/www.lesmissives.fr\/index.php\/2021\/11\/27\/mon-fils-en-rose-de-camilla-vivian-une-mere-en-lutte-contre-la-norme\/\"},\"wordCount\":949,\"publisher\":{\"@id\":\"http:\/\/www.lesmissives.fr\/#organization\"},\"image\":{\"@id\":\"http:\/\/www.lesmissives.fr\/index.php\/2021\/11\/27\/mon-fils-en-rose-de-camilla-vivian-une-mere-en-lutte-contre-la-norme\/#primaryimage\"},\"thumbnailUrl\":\"http:\/\/www.lesmissives.fr\/wp-content\/uploads\/2021\/11\/monfilsenrosecouverturehd.jpg\",\"articleSection\":[\"Livre pratique\"],\"inLanguage\":\"fr-FR\"},{\"@type\":\"WebPage\",\"@id\":\"http:\/\/www.lesmissives.fr\/index.php\/2021\/11\/27\/mon-fils-en-rose-de-camilla-vivian-une-mere-en-lutte-contre-la-norme\/\",\"url\":\"http:\/\/www.lesmissives.fr\/index.php\/2021\/11\/27\/mon-fils-en-rose-de-camilla-vivian-une-mere-en-lutte-contre-la-norme\/\",\"name\":\"Mon fils en rose de Camilla Vivian : une m\u00e8re en lutte contre la norme - Missives\",\"isPartOf\":{\"@id\":\"http:\/\/www.lesmissives.fr\/#website\"},\"primaryImageOfPage\":{\"@id\":\"http:\/\/www.lesmissives.fr\/index.php\/2021\/11\/27\/mon-fils-en-rose-de-camilla-vivian-une-mere-en-lutte-contre-la-norme\/#primaryimage\"},\"image\":{\"@id\":\"http:\/\/www.lesmissives.fr\/index.php\/2021\/11\/27\/mon-fils-en-rose-de-camilla-vivian-une-mere-en-lutte-contre-la-norme\/#primaryimage\"},\"thumbnailUrl\":\"http:\/\/www.lesmissives.fr\/wp-content\/uploads\/2021\/11\/monfilsenrosecouverturehd.jpg\",\"datePublished\":\"2021-11-27T08:22:00+00:00\",\"dateModified\":\"2022-01-09T11:53:41+00:00\",\"description\":\"Federico manifeste depuis son plus jeune \u00e2ge le d\u00e9sir de ne pas \u00eatre juste un gar\u00e7on, de pouvoir aussi \u00eatre une fille. D\u00e9cid\u00e9e \u00e0 accompagner son enfant le mieux possible dans son d\u00e9veloppement, sa m\u00e8re, Camilla Vivian va alors chercher des ressources, des t\u00e9moignages, des conseils\u2026 C\u2019est ce parcours qu\u2019elle raconte dans ce livre.\",\"breadcrumb\":{\"@id\":\"http:\/\/www.lesmissives.fr\/index.php\/2021\/11\/27\/mon-fils-en-rose-de-camilla-vivian-une-mere-en-lutte-contre-la-norme\/#breadcrumb\"},\"inLanguage\":\"fr-FR\",\"potentialAction\":[{\"@type\":\"ReadAction\",\"target\":[\"http:\/\/www.lesmissives.fr\/index.php\/2021\/11\/27\/mon-fils-en-rose-de-camilla-vivian-une-mere-en-lutte-contre-la-norme\/\"]}]},{\"@type\":\"ImageObject\",\"inLanguage\":\"fr-FR\",\"@id\":\"http:\/\/www.lesmissives.fr\/index.php\/2021\/11\/27\/mon-fils-en-rose-de-camilla-vivian-une-mere-en-lutte-contre-la-norme\/#primaryimage\",\"url\":\"http:\/\/www.lesmissives.fr\/wp-content\/uploads\/2021\/11\/monfilsenrosecouverturehd.jpg\",\"contentUrl\":\"http:\/\/www.lesmissives.fr\/wp-content\/uploads\/2021\/11\/monfilsenrosecouverturehd.jpg\",\"width\":563,\"height\":800},{\"@type\":\"BreadcrumbList\",\"@id\":\"http:\/\/www.lesmissives.fr\/index.php\/2021\/11\/27\/mon-fils-en-rose-de-camilla-vivian-une-mere-en-lutte-contre-la-norme\/#breadcrumb\",\"itemListElement\":[{\"@type\":\"ListItem\",\"position\":1,\"name\":\"Accueil\",\"item\":\"http:\/\/www.lesmissives.fr\/\"},{\"@type\":\"ListItem\",\"position\":2,\"name\":\"Mon fils en rose de Camilla Vivian : une m\u00e8re en lutte contre la norme\"}]},{\"@type\":\"WebSite\",\"@id\":\"http:\/\/www.lesmissives.fr\/#website\",\"url\":\"http:\/\/www.lesmissives.fr\/\",\"name\":\"Missives\",\"description\":\"Des livres os\u00e9s et f\u00e9ministes, au sens large\",\"publisher\":{\"@id\":\"http:\/\/www.lesmissives.fr\/#organization\"},\"potentialAction\":[{\"@type\":\"SearchAction\",\"target\":{\"@type\":\"EntryPoint\",\"urlTemplate\":\"http:\/\/www.lesmissives.fr\/?s={search_term_string}\"},\"query-input\":{\"@type\":\"PropertyValueSpecification\",\"valueRequired\":true,\"valueName\":\"search_term_string\"}}],\"inLanguage\":\"fr-FR\"},{\"@type\":\"Organization\",\"@id\":\"http:\/\/www.lesmissives.fr\/#organization\",\"name\":\"les missives\",\"url\":\"http:\/\/www.lesmissives.fr\/\",\"logo\":{\"@type\":\"ImageObject\",\"inLanguage\":\"fr-FR\",\"@id\":\"http:\/\/www.lesmissives.fr\/#\/schema\/logo\/image\/\",\"url\":\"http:\/\/www.lesmissives.fr\/wp-content\/uploads\/2025\/09\/cropped-LOGO-MISSIVES-ROUGE-COMPLET2-scaled-1.jpg\",\"contentUrl\":\"http:\/\/www.lesmissives.fr\/wp-content\/uploads\/2025\/09\/cropped-LOGO-MISSIVES-ROUGE-COMPLET2-scaled-1.jpg\",\"width\":1130,\"height\":800,\"caption\":\"les missives\"},\"image\":{\"@id\":\"http:\/\/www.lesmissives.fr\/#\/schema\/logo\/image\/\"},\"sameAs\":[\"https:\/\/www.facebook.com\/LesMissives\/\"]},{\"@type\":\"Person\",\"@id\":\"http:\/\/www.lesmissives.fr\/#\/schema\/person\/92c15cb840f1dc535fff5b350203923b\",\"name\":\"Manon Rolland\",\"image\":{\"@type\":\"ImageObject\",\"inLanguage\":\"fr-FR\",\"@id\":\"http:\/\/www.lesmissives.fr\/#\/schema\/person\/image\/\",\"url\":\"http:\/\/2.gravatar.com\/avatar\/b3f901197cd392a26947bc491370e776?s=96&d=mm&r=g\",\"contentUrl\":\"http:\/\/2.gravatar.com\/avatar\/b3f901197cd392a26947bc491370e776?s=96&d=mm&r=g\",\"caption\":\"Manon Rolland\"},\"description\":\"Visc\u00e9ralement litt\u00e9raire, \u00e9ditrice de formation, libraire de profession, Manon passe une grande partie de son temps entour\u00e9e de livres. Mona Chollet a chang\u00e9 sa vie, m\u00eame si elle ne le sait pas. \u00c0 ses c\u00f4t\u00e9s, Virginie Despentes, Simone de Beauvoir, Manon Garcia et tant d'autres forment le bouclier qui l'aide, pas \u00e0 pas, \u00e0 faire reculer le patriarcat.\",\"url\":\"http:\/\/www.lesmissives.fr\/index.php\/author\/manonrolland\/\"}]}<\/script>\n<!-- \/ Yoast SEO plugin. -->","yoast_head_json":{"title":"Mon fils en rose de Camilla Vivian : une m\u00e8re en lutte contre la norme - Missives","description":"Federico manifeste depuis son plus jeune \u00e2ge le d\u00e9sir de ne pas \u00eatre juste un gar\u00e7on, de pouvoir aussi \u00eatre une fille. D\u00e9cid\u00e9e \u00e0 accompagner son enfant le mieux possible dans son d\u00e9veloppement, sa m\u00e8re, Camilla Vivian va alors chercher des ressources, des t\u00e9moignages, des conseils\u2026 C\u2019est ce parcours qu\u2019elle raconte dans ce livre.","robots":{"index":"index","follow":"follow","max-snippet":"max-snippet:-1","max-image-preview":"max-image-preview:large","max-video-preview":"max-video-preview:-1"},"canonical":"http:\/\/www.lesmissives.fr\/index.php\/2021\/11\/27\/mon-fils-en-rose-de-camilla-vivian-une-mere-en-lutte-contre-la-norme\/","og_locale":"fr_FR","og_type":"article","og_title":"Mon fils en rose de Camilla Vivian : une m\u00e8re en lutte contre la norme - Missives","og_description":"Federico manifeste depuis son plus jeune \u00e2ge le d\u00e9sir de ne pas \u00eatre juste un gar\u00e7on, de pouvoir aussi \u00eatre une fille. D\u00e9cid\u00e9e \u00e0 accompagner son enfant le mieux possible dans son d\u00e9veloppement, sa m\u00e8re, Camilla Vivian va alors chercher des ressources, des t\u00e9moignages, des conseils\u2026 C\u2019est ce parcours qu\u2019elle raconte dans ce livre.","og_url":"http:\/\/www.lesmissives.fr\/index.php\/2021\/11\/27\/mon-fils-en-rose-de-camilla-vivian-une-mere-en-lutte-contre-la-norme\/","og_site_name":"Missives","article_publisher":"https:\/\/www.facebook.com\/LesMissives\/","article_published_time":"2021-11-27T08:22:00+00:00","article_modified_time":"2022-01-09T11:53:41+00:00","og_image":[{"width":820,"height":430,"url":"http:\/\/www.lesmissives.fr\/wp-content\/uploads\/2021\/11\/Mon-fils-en-rose-FB-1.jpg","type":"image\/jpeg"}],"author":"Manon Rolland","twitter_card":"summary_large_image","twitter_misc":{"\u00c9crit par":"Manon Rolland","Dur\u00e9e de lecture estim\u00e9e":"5 minutes"},"schema":{"@context":"https:\/\/schema.org","@graph":[{"@type":"Article","@id":"http:\/\/www.lesmissives.fr\/index.php\/2021\/11\/27\/mon-fils-en-rose-de-camilla-vivian-une-mere-en-lutte-contre-la-norme\/#article","isPartOf":{"@id":"http:\/\/www.lesmissives.fr\/index.php\/2021\/11\/27\/mon-fils-en-rose-de-camilla-vivian-une-mere-en-lutte-contre-la-norme\/"},"author":{"name":"Manon Rolland","@id":"http:\/\/www.lesmissives.fr\/#\/schema\/person\/92c15cb840f1dc535fff5b350203923b"},"headline":"Mon fils en rose de Camilla Vivian : une m\u00e8re en lutte contre la norme","datePublished":"2021-11-27T08:22:00+00:00","dateModified":"2022-01-09T11:53:41+00:00","mainEntityOfPage":{"@id":"http:\/\/www.lesmissives.fr\/index.php\/2021\/11\/27\/mon-fils-en-rose-de-camilla-vivian-une-mere-en-lutte-contre-la-norme\/"},"wordCount":949,"publisher":{"@id":"http:\/\/www.lesmissives.fr\/#organization"},"image":{"@id":"http:\/\/www.lesmissives.fr\/index.php\/2021\/11\/27\/mon-fils-en-rose-de-camilla-vivian-une-mere-en-lutte-contre-la-norme\/#primaryimage"},"thumbnailUrl":"http:\/\/www.lesmissives.fr\/wp-content\/uploads\/2021\/11\/monfilsenrosecouverturehd.jpg","articleSection":["Livre pratique"],"inLanguage":"fr-FR"},{"@type":"WebPage","@id":"http:\/\/www.lesmissives.fr\/index.php\/2021\/11\/27\/mon-fils-en-rose-de-camilla-vivian-une-mere-en-lutte-contre-la-norme\/","url":"http:\/\/www.lesmissives.fr\/index.php\/2021\/11\/27\/mon-fils-en-rose-de-camilla-vivian-une-mere-en-lutte-contre-la-norme\/","name":"Mon fils en rose de Camilla Vivian : une m\u00e8re en lutte contre la norme - Missives","isPartOf":{"@id":"http:\/\/www.lesmissives.fr\/#website"},"primaryImageOfPage":{"@id":"http:\/\/www.lesmissives.fr\/index.php\/2021\/11\/27\/mon-fils-en-rose-de-camilla-vivian-une-mere-en-lutte-contre-la-norme\/#primaryimage"},"image":{"@id":"http:\/\/www.lesmissives.fr\/index.php\/2021\/11\/27\/mon-fils-en-rose-de-camilla-vivian-une-mere-en-lutte-contre-la-norme\/#primaryimage"},"thumbnailUrl":"http:\/\/www.lesmissives.fr\/wp-content\/uploads\/2021\/11\/monfilsenrosecouverturehd.jpg","datePublished":"2021-11-27T08:22:00+00:00","dateModified":"2022-01-09T11:53:41+00:00","description":"Federico manifeste depuis son plus jeune \u00e2ge le d\u00e9sir de ne pas \u00eatre juste un gar\u00e7on, de pouvoir aussi \u00eatre une fille. D\u00e9cid\u00e9e \u00e0 accompagner son enfant le mieux possible dans son d\u00e9veloppement, sa m\u00e8re, Camilla Vivian va alors chercher des ressources, des t\u00e9moignages, des conseils\u2026 C\u2019est ce parcours qu\u2019elle raconte dans ce livre.","breadcrumb":{"@id":"http:\/\/www.lesmissives.fr\/index.php\/2021\/11\/27\/mon-fils-en-rose-de-camilla-vivian-une-mere-en-lutte-contre-la-norme\/#breadcrumb"},"inLanguage":"fr-FR","potentialAction":[{"@type":"ReadAction","target":["http:\/\/www.lesmissives.fr\/index.php\/2021\/11\/27\/mon-fils-en-rose-de-camilla-vivian-une-mere-en-lutte-contre-la-norme\/"]}]},{"@type":"ImageObject","inLanguage":"fr-FR","@id":"http:\/\/www.lesmissives.fr\/index.php\/2021\/11\/27\/mon-fils-en-rose-de-camilla-vivian-une-mere-en-lutte-contre-la-norme\/#primaryimage","url":"http:\/\/www.lesmissives.fr\/wp-content\/uploads\/2021\/11\/monfilsenrosecouverturehd.jpg","contentUrl":"http:\/\/www.lesmissives.fr\/wp-content\/uploads\/2021\/11\/monfilsenrosecouverturehd.jpg","width":563,"height":800},{"@type":"BreadcrumbList","@id":"http:\/\/www.lesmissives.fr\/index.php\/2021\/11\/27\/mon-fils-en-rose-de-camilla-vivian-une-mere-en-lutte-contre-la-norme\/#breadcrumb","itemListElement":[{"@type":"ListItem","position":1,"name":"Accueil","item":"http:\/\/www.lesmissives.fr\/"},{"@type":"ListItem","position":2,"name":"Mon fils en rose de Camilla Vivian : une m\u00e8re en lutte contre la norme"}]},{"@type":"WebSite","@id":"http:\/\/www.lesmissives.fr\/#website","url":"http:\/\/www.lesmissives.fr\/","name":"Missives","description":"Des livres os\u00e9s et f\u00e9ministes, au sens large","publisher":{"@id":"http:\/\/www.lesmissives.fr\/#organization"},"potentialAction":[{"@type":"SearchAction","target":{"@type":"EntryPoint","urlTemplate":"http:\/\/www.lesmissives.fr\/?s={search_term_string}"},"query-input":{"@type":"PropertyValueSpecification","valueRequired":true,"valueName":"search_term_string"}}],"inLanguage":"fr-FR"},{"@type":"Organization","@id":"http:\/\/www.lesmissives.fr\/#organization","name":"les missives","url":"http:\/\/www.lesmissives.fr\/","logo":{"@type":"ImageObject","inLanguage":"fr-FR","@id":"http:\/\/www.lesmissives.fr\/#\/schema\/logo\/image\/","url":"http:\/\/www.lesmissives.fr\/wp-content\/uploads\/2025\/09\/cropped-LOGO-MISSIVES-ROUGE-COMPLET2-scaled-1.jpg","contentUrl":"http:\/\/www.lesmissives.fr\/wp-content\/uploads\/2025\/09\/cropped-LOGO-MISSIVES-ROUGE-COMPLET2-scaled-1.jpg","width":1130,"height":800,"caption":"les missives"},"image":{"@id":"http:\/\/www.lesmissives.fr\/#\/schema\/logo\/image\/"},"sameAs":["https:\/\/www.facebook.com\/LesMissives\/"]},{"@type":"Person","@id":"http:\/\/www.lesmissives.fr\/#\/schema\/person\/92c15cb840f1dc535fff5b350203923b","name":"Manon Rolland","image":{"@type":"ImageObject","inLanguage":"fr-FR","@id":"http:\/\/www.lesmissives.fr\/#\/schema\/person\/image\/","url":"http:\/\/2.gravatar.com\/avatar\/b3f901197cd392a26947bc491370e776?s=96&d=mm&r=g","contentUrl":"http:\/\/2.gravatar.com\/avatar\/b3f901197cd392a26947bc491370e776?s=96&d=mm&r=g","caption":"Manon Rolland"},"description":"Visc\u00e9ralement litt\u00e9raire, \u00e9ditrice de formation, libraire de profession, Manon passe une grande partie de son temps entour\u00e9e de livres. Mona Chollet a chang\u00e9 sa vie, m\u00eame si elle ne le sait pas. \u00c0 ses c\u00f4t\u00e9s, Virginie Despentes, Simone de Beauvoir, Manon Garcia et tant d'autres forment le bouclier qui l'aide, pas \u00e0 pas, \u00e0 faire reculer le patriarcat.","url":"http:\/\/www.lesmissives.fr\/index.php\/author\/manonrolland\/"}]}},"_links":{"self":[{"href":"http:\/\/www.lesmissives.fr\/index.php\/wp-json\/wp\/v2\/posts\/4007"}],"collection":[{"href":"http:\/\/www.lesmissives.fr\/index.php\/wp-json\/wp\/v2\/posts"}],"about":[{"href":"http:\/\/www.lesmissives.fr\/index.php\/wp-json\/wp\/v2\/types\/post"}],"author":[{"embeddable":true,"href":"http:\/\/www.lesmissives.fr\/index.php\/wp-json\/wp\/v2\/users\/31"}],"replies":[{"embeddable":true,"href":"http:\/\/www.lesmissives.fr\/index.php\/wp-json\/wp\/v2\/comments?post=4007"}],"version-history":[{"count":4,"href":"http:\/\/www.lesmissives.fr\/index.php\/wp-json\/wp\/v2\/posts\/4007\/revisions"}],"predecessor-version":[{"id":4046,"href":"http:\/\/www.lesmissives.fr\/index.php\/wp-json\/wp\/v2\/posts\/4007\/revisions\/4046"}],"wp:featuredmedia":[{"embeddable":true,"href":"http:\/\/www.lesmissives.fr\/index.php\/wp-json\/wp\/v2\/media\/4008"}],"wp:attachment":[{"href":"http:\/\/www.lesmissives.fr\/index.php\/wp-json\/wp\/v2\/media?parent=4007"}],"wp:term":[{"taxonomy":"category","embeddable":true,"href":"http:\/\/www.lesmissives.fr\/index.php\/wp-json\/wp\/v2\/categories?post=4007"},{"taxonomy":"post_tag","embeddable":true,"href":"http:\/\/www.lesmissives.fr\/index.php\/wp-json\/wp\/v2\/tags?post=4007"}],"curies":[{"name":"wp","href":"https:\/\/api.w.org\/{rel}","templated":true}]}}