{"id":3804,"date":"2021-07-29T14:24:43","date_gmt":"2021-07-29T12:24:43","guid":{"rendered":"http:\/\/www.lesmissives.fr\/?p=3804"},"modified":"2022-12-03T12:35:04","modified_gmt":"2022-12-03T11:35:04","slug":"elephantes-le-book-club-feministe-qui-fait-bouger-les-lignes","status":"publish","type":"post","link":"http:\/\/www.lesmissives.fr\/index.php\/2021\/07\/29\/elephantes-le-book-club-feministe-qui-fait-bouger-les-lignes\/","title":{"rendered":"\u00c9l\u00e9phantes, le book club f\u00e9ministe qui fait bouger les lignes"},"content":{"rendered":"\n<figure class=\"wp-block-image size-large\"><img loading=\"lazy\" decoding=\"async\" width=\"817\" height=\"435\" src=\"http:\/\/www.lesmissives.fr\/wp-content\/uploads\/2021\/07\/Capture-d\u2019e\u0301cran-2021-07-28-a\u0300-16.54.54.png\" alt=\"\" class=\"wp-image-3806\" srcset=\"http:\/\/www.lesmissives.fr\/wp-content\/uploads\/2021\/07\/Capture-d\u2019e\u0301cran-2021-07-28-a\u0300-16.54.54.png 817w, http:\/\/www.lesmissives.fr\/wp-content\/uploads\/2021\/07\/Capture-d\u2019e\u0301cran-2021-07-28-a\u0300-16.54.54-300x160.png 300w, http:\/\/www.lesmissives.fr\/wp-content\/uploads\/2021\/07\/Capture-d\u2019e\u0301cran-2021-07-28-a\u0300-16.54.54-768x409.png 768w, http:\/\/www.lesmissives.fr\/wp-content\/uploads\/2021\/07\/Capture-d\u2019e\u0301cran-2021-07-28-a\u0300-16.54.54-400x213.png 400w, http:\/\/www.lesmissives.fr\/wp-content\/uploads\/2021\/07\/Capture-d\u2019e\u0301cran-2021-07-28-a\u0300-16.54.54-800x426.png 800w\" sizes=\"(max-width: 817px) 100vw, 817px\" \/><\/figure>\n\n\n\n<p>En 2018, ChEEk magazine d\u00e9crivait le club de lecture comme \u00ab <a href=\"https:\/\/www.lesinrocks.com\/cheek\/club-de-lecture-feminisme-313322-03-04-2018\/\" target=\"_blank\" rel=\"noreferrer noopener\">le nouveau haut lieu du f\u00e9minisme<\/a> \u00bb. Des book clubs, il y a en a partout et pour tous les go\u00fbts. Qu\u2019ils se focalisent sur un th\u00e8me ou un genre pr\u00e9cis ou qu\u2019ils soient men\u00e9s par une c\u00e9l\u00e9brit\u00e9 ou un\u00b7e libraire, le rituel est presque toujours le m\u00eame : un groupe de personnes se rassemblent de mani\u00e8re plus ou moins r\u00e9guli\u00e8re et parlent de leur(s) lecture(s). Mais quel r\u00f4le social ou politique peut avoir cette pratique dans la lib\u00e9ration de la parole des femmes ?&nbsp;<\/p>\n\n\n\n<p>Emeline Berton, charg\u00e9e de projet \u00e0 la Foire du livre de Francfort, a cr\u00e9\u00e9 le cercle de lecture f\u00e9ministe et berlinois <a href=\"https:\/\/www.facebook.com\/groups\/789282968574496\">\u00c9l\u00e9phantes<\/a> en octobre 2020 pour discuter de textes \u00e9crits par des femmes et\/ou sur les femmes. Elle nous raconte comment un book club peut devenir un espace de lutte f\u00e9ministe.<\/p>\n\n\n\n<p><strong>\u00d6zg\u00fcl Demiralp : D\u2019o\u00f9 t\u2019es venue l\u2019id\u00e9e de cr\u00e9er ce club de lecture ?&nbsp;<\/strong><\/p>\n\n\n\n<p><strong>Emeline Berton : <\/strong>J\u2019avais envie de trouver un book club et je n\u2019en avais pas trouv\u00e9 \u00e0 Berlin qui me corresponde, qui ait ce profil f\u00e9ministe et qui soit francophone. En tant qu\u2019expatri\u00e9e, on est beaucoup \u00e0 ne pas oser entrer dans la vie culturelle de la ville dans laquelle on habite par peur de la langue, par peur de ne pas savoir quoi dire. Donc j\u2019ai lanc\u00e9 l\u2019id\u00e9e sur Facebook, \u00e7a a tr\u00e8s bien pris, j\u2019ai tout de suite eu beaucoup d\u2019int\u00e9ress\u00e9es. Et d\u00e8s les premi\u00e8res rencontres il y a eu un sentiment de communaut\u00e9, et j\u2019ai senti qu\u2019on en avait toutes besoin. Il s\u2019est cr\u00e9\u00e9 une sorte de <em>safe space<\/em> o\u00f9 les gens \u00e9taient \u00e0 l\u2019aise pour parler de choses plus personnelles que leurs lectures. \u00c7a m\u2019a beaucoup touch\u00e9e, et j\u2019avais envie que \u00e7a se d\u00e9veloppe.&nbsp;<\/p>\n\n\n\n<p><strong>\u00d6.D. : Pourquoi avoir voulu que le book club soit f\u00e9ministe ?<\/strong><\/p>\n\n\n\n<p><strong>E.B. :<\/strong> J\u2019ai fait des \u00e9tudes litt\u00e9raires, j\u2019adore lire depuis que je suis toute petite, je suis passionn\u00e9e de traduction, et je me rends compte que ma culture litt\u00e9raire \u00e9tait faite que de grands auteurs et qu\u2019il n\u2019y avait quasiment pas de femmes. Je trouvais cela dommage et j\u2019avais envie de changer ma perception, de lire des choses qui me ressemblaient plus, qui me donnaient la vision qu\u2019une femme a sur le monde. Cela me permet aussi d\u2019avoir une autre vision de moi, des hommes, des outils que j\u2019ai pour mener ma vie de femme et d\u2019avoir une meilleure id\u00e9e de ce dont ont besoin les femmes qui m\u2019entourent. Et finalement je n\u2019ai jamais autant lu d\u2019autrices et je n\u2019ai quasiment plus lu d\u2019auteurs depuis que j\u2019ai commenc\u00e9 \u00c9l\u00e9phantes.<\/p>\n\n\n\n<p><strong>\u00d6.D. : Il vient d\u2019o\u00f9 ce nom, \u00c9l\u00e9phantes, d\u2019ailleurs ?<\/strong><\/p>\n\n\n\n<p><strong>E.B. : <\/strong>Je cherchais un nom qui claque et qui soit facile \u00e0 retenir. Je me suis dit que c\u2019est toujours bien d\u2019avoir un animal comme totem. L\u2019\u00e9l\u00e9phant m\u2019a tout de suite plu, c\u2019est un animal que l\u2019on se repr\u00e9sente comme une force tranquille. On ne l\u2019associe pas avec de la violence, mais avec de la puissance. Quand on le d\u00e9cline au f\u00e9minin, \u00e7a incarne bien ce que les femmes sont pour moi : des \u00eatres pleins de force et que l\u2019on sous-estime beaucoup.<\/p>\n\n\n\n<p><img loading=\"lazy\" decoding=\"async\" src=\"https:\/\/lh4.googleusercontent.com\/FAbBkFbdIw_SfjIepuTf7MaTiM-VcRr1Z14VZ7lkHVp7IcA1qtG8hDio9UUai_Sa5NgIcLTbj9VrcnbGUTyaFIX7hckA08MheYaqNgCUbRoJdRtpRbK8QrEybnW8bnyDTb98YGoW\" width=\"511\" height=\"512\"><\/p>\n\n\n\n<blockquote class=\"wp-block-quote is-layout-flow wp-block-quote-is-layout-flow\"><p>Apr\u00e8s avoir migr\u00e9 en ligne lors du confinement, les rencontres ont \u00e0 nouveau lieu en public et face \u00e0 face, avec un choix libre de lecture. Photo : \u00c9l\u00e9phantes \/ Viktoriapark, Berlin, le 15 mai 2021<\/p><\/blockquote>\n\n\n\n<p><strong>\u00d6.D. : Tu as choisi d\u2019organiser les rencontres autour d\u2019un choix libre, plut\u00f4t que d\u2019imposer une lecture.<\/strong><\/p>\n\n\n\n<p><strong>E.B. : <\/strong>C\u2019\u00e9tait surtout par curiosit\u00e9, pour pouvoir permettre \u00e0 chacune de s\u2019exprimer, mais aussi pour pouvoir d\u00e9couvrir toute la pluralit\u00e9 des existences des femmes. Forc\u00e9ment, on pr\u00e9sente souvent un livre qui nous touche personnellement. Je trouve \u00e7a g\u00e9nial de voir \u00e0 chaque fois qui propose quoi, et pour quelle raison. \u00c7a me permet aussi de voir comment il r\u00e9sonne en moi, parce que c\u2019est peut-\u00eatre un livre vers lequel je ne me serais pas tourn\u00e9e. Je ne voulais pas que ce soit trop scolaire non plus. L\u2019ambiance est souvent l\u00e9g\u00e8re lors des rencontres. Chacune am\u00e8ne une lecture choisie, et parfois ce choix se fait de mani\u00e8re spontan\u00e9e. \u00c7a reste facile d\u2019acc\u00e8s.<\/p>\n\n\n\n<p><strong>\u00d6.D. : Est-ce qu\u2019on parle que de livres dans un book club ?<\/strong><\/p>\n\n\n\n<p><strong>E.B. : <\/strong>Non, et surtout pas dans un book club qui se dit f\u00e9ministe. On parle des livres pour parler d\u2019autres choses, pour parler de nous, de ce qui nous r\u00e9volte, de ce qu\u2019on ne comprend pas. Je suis \u00e9tonn\u00e9e, parce que moi-m\u00eame je suis tr\u00e8s litt\u00e9raire et je m\u2019attendais \u00e0 ce qu\u2019on parle du style ou de la langue utilis\u00e9e par les autrices, mais en fait on voit que c\u2019est vraiment l\u2019exp\u00e9rience humaine qui int\u00e9resse et ce que \u00e7a r\u00e9v\u00e8le de la condition actuelle des femmes. Je suis toujours tr\u00e8s touch\u00e9e quand il y a des t\u00e9moignages personnels. C\u2019est arriv\u00e9 aussi que des choses tr\u00e8s lourdes soient confi\u00e9es. Je trouve \u00e7a beau d\u2019avoir cette intimit\u00e9, sans aucun jugement. Donc \u00e7a va toujours un peu plus loin que le livre lui-m\u00eame.<\/p>\n\n\n\n<p><strong>\u00d6.D. : De plus, le book club se d\u00e9cline aussi sous forme d\u2019\u00e9v\u00e9nements, comme la conf\u00e9rence organis\u00e9e en mai 2021 avec des associations f\u00e9ministes.<\/strong><\/p>\n\n\n\n<p><strong>E.B. : <\/strong>Parfois on peut se retrouver dans une bulle francophone et on ne sait pas trop ce qui se passe \u00e0 Berlin dans le monde du militantisme ou de la culture. J\u2019avais envie qu\u2019on connaisse d\u2019autres structures et qu\u2019on puisse se mettre en lien, \u00e0 travers une s\u00e9rie de rencontres intitul\u00e9e \u2018\u00c9l\u00e9phantes meets\u2026\u2019. On a eu un rendez-vous avec les colleuses de Berlin, <a href=\"https:\/\/www.instagram.com\/femplak_berlin\/\" target=\"_blank\" rel=\"noreferrer noopener\">Feministische Plakate Berlin<\/a>, et le collectif f\u00e9ministe de spoken words Political Agender. Il y a au de l\u2019\u00e9mulation, \u00e7a a inspir\u00e9 beaucoup de personnes, et il y m\u00eame des filles du book club qui se retrouvent \u00e0 coller maintenant. Nous organisons aussi une <a href=\"https:\/\/www.facebook.com\/events\/1163129504171757\">Sommerfest<\/a>, qui aura lieu le 31 juillet. Cela fait presque un an que le groupe existe et on s\u2019est en fait peu vues toutes ensembles [<em>ndlr le groupe compte 242 membres au total sur Facebook<\/em>]. Alors pourquoi ne pas faire une f\u00eate, o\u00f9 l\u2019on cr\u00e9e une sc\u00e8ne pour lire avec des autrices et un auteur, et on donne aussi la possibilit\u00e9 \u00e0 des femmes du groupe de lire des textes qu\u2019elles ont \u00e9crits ou qui les ont marqu\u00e9s. Il y aura \u00e9galement de la musique et un march\u00e9 aux puces de livres. C\u2019est une mani\u00e8re de faire monter \u00c9l\u00e9phantes sur la sc\u00e8ne culturelle berlinoise.<\/p>\n\n\n\n<figure class=\"wp-block-image\"><img decoding=\"async\" src=\"https:\/\/lh5.googleusercontent.com\/PQSyVlOyb_4VYTQ7qpia6qcVMfDi9wwf0WKR5blgDTbYB16q9l7xHN0QLwdy3CxoCuWE5ctGXB4G2fiMgQvIWf16c6zFRKW0YzpJ2xfa10uzY3L6SP1_Pr9IcyudkLVvDoUhOD0b\" alt=\"\"\/><\/figure>\n\n\n\n<p><strong>\u00d6.D. : Quel r\u00f4le justement penses-tu que le club de lecture puisse jouer en tant que pratique sociale et culturelle ?<\/strong><\/p>\n\n\n\n<p><strong>E.B. :<\/strong> \u00c7a offre un <em>safe space<\/em> et un lieu, virtuel ou non, o\u00f9 on peut se retrouver, parler d\u2019\u0153uvres et de questions qui nous touchent. C\u2019est comme un incubateur, parce que je pense que plus les membres viennent et plus elles s&rsquo;y \u00e9panouissent aussi. Non seulement \u00e7a a cr\u00e9\u00e9 des liens, mais \u00e7a a inspir\u00e9 certaines personnes \u00e0 se renseigner davantage sur certains sujets, ou les a motiv\u00e9es \u00e0 agir plus sur le plan politique ou le plan militant. C\u2019est tr\u00e8s important pour les femmes d\u2019avoir ces endroits privil\u00e9gi\u00e9s et prot\u00e9g\u00e9s o\u00f9 l\u2019on peut \u00eatre soi-m\u00eame. Donc le book club a aussi une fonction politique.<\/p>\n\n\n\n<p><strong>\u00d6.D. : La lecture est pourtant une activit\u00e9 plut\u00f4t solitaire. Qu\u2019est-ce qui se passe quand ce voyage int\u00e9rieur s\u2019ouvre \u00e0 la compagnie des autres ?<\/strong><\/p>\n\n\n\n<p><strong>E.B. : <\/strong>C\u2019est vrai que c\u2019est solitaire. Je ne parlais pas beaucoup de mes lectures avec mes ami\u00b7e\u00b7s, parce que c\u2019est quelque chose qui r\u00e9sonne g\u00e9n\u00e9ralement sur le plan personnel. Mais le fait de se rendre compte que toute personne peut avoir une interpr\u00e9tation diff\u00e9rente, \u00e7a ouvre le champs des possibles. \u00c7a permet aussi de se situer en tant que femme, en comparant nos lectures et nos sensibilit\u00e9s. Moi, en tant que personne blanche, issue d\u2019une classe moyenne, qui a un emploi, je suis tr\u00e8s privil\u00e9gi\u00e9e. Discuter de livres avec des personnes qui ont diff\u00e9rentes exp\u00e9riences ou qui n\u2019ont pas les m\u00eames privil\u00e8ges, \u00e7a m\u2019a aussi beaucoup ouvert l\u2019esprit. Parler d\u2019un livre \u00e0 plusieurs, \u00e7a fait r\u00e9sonner des voix et ressentis multiples.&nbsp;<\/p>\n\n\n\n<figure class=\"wp-block-image\"><img decoding=\"async\" src=\"https:\/\/lh3.googleusercontent.com\/N1YPrYiDx-fXBM_KcQl1KX4sEFfcMwd-NOkP9bf1dIs-rlw03kHiS34tVFePFtdd4KsSYjFrUmrbCWmfAkOyNQl9Knike4l1dzSlpmRFQh7-ReaJpE9XuJHcysug4QwRqunPDIB7\" alt=\"\"\/><\/figure>\n\n\n\n<blockquote class=\"wp-block-quote is-layout-flow wp-block-quote-is-layout-flow\"><p>Livres pr\u00e9sent\u00e9s lors d\u2019une rencontre du book club. Photo : \u00c9l\u00e9phantes \/ K\u00f6rnerpark, Berlin, le 26 juin 2021<\/p><\/blockquote>\n\n\n\n<p><strong>\u00d6.D. : L\u2019autrice Siri Hustvedt \u00e9crit dans <\/strong><a href=\"http:\/\/www.lesmissives.fr\/index.php\/2021\/06\/06\/un-ete-sans-les-hommes-de-siri-hustvedt\/\"><strong>Un \u00e9t\u00e9 sans les hommes<\/strong><\/a><strong> que le book club, <em>\u00ab il en pousse partout comme des champignons, et c\u2019est une forme culturelle enti\u00e8rement domin\u00e9e par des femmes \u00bb<\/em>. Les cercles de lecture sont-ils un ph\u00e9nom\u00e8ne majoritairement f\u00e9minin ?<\/strong><\/p>\n\n\n\n<p><strong>E.B. : <\/strong>Oui. M\u00eame ma grand-m\u00e8re m\u2019a fait part du fait que les book clubs dont elle faisait partie \u00e9taient uniquement f\u00e9minin \u00e0 l\u2019\u00e9poque. L\u00e0 quand je regarde \u00e0 Berlin ou autre part, tous les groupes que je connais sont f\u00e9minins. J\u2019explique cela par le fait qu\u2019on a besoin de ces espaces \u2013 surtout que les hommes ont d\u00e9j\u00e0 tout l\u2019espace possible pour se retrouver entre eux. C\u2019est une impulsion naturelle au final, c\u2019est quelque chose qui revient aussi dans la litt\u00e9rature f\u00e9ministe depuis des lustres, comme dans <a href=\"http:\/\/www.lesmissives.fr\/index.php\/2019\/09\/01\/une-chambre-a-soi-lessai-feministe-et-toujours-pertinent-de-virginia-woolf\/\"><em>Une chambre \u00e0 soi<\/em><\/a> de Virginia Woolf. Je souhaiterais \u00e9galement que le book club puisse \u00eatre un espace mixte, j\u2019ai des amis qui lisent beaucoup et qui ont des choses&nbsp; int\u00e9ressantes \u00e0 dire. J\u2019aimerais donc bien inviter les hommes aussi, mais s\u2019ils sont l\u00e0, quelle serait la place de leur parole : est-ce qu\u2019ils seront l\u00e0 pour \u00e9couter ou est-ce qu\u2019on a envie aussi qu\u2019ils donnent leur avis ? Je ne sais pas, c\u2019est une vaste question.<\/p>\n\n\n\n<p><strong>\u00d6.D. : Comment expliques-tu ce <\/strong><a href=\"https:\/\/theconversation.com\/comment-sexplique-le-boom-des-book-clubs-150699\"><strong>regain d\u2019int\u00e9r\u00eat pour le book c<\/strong><\/a><strong><a href=\"https:\/\/theconversation.com\/comment-sexplique-le-boom-des-book-clubs-150699\" target=\"_blank\" rel=\"noreferrer noopener\">l<\/a><\/strong><a href=\"https:\/\/theconversation.com\/comment-sexplique-le-boom-des-book-clubs-150699\"><strong>ub<\/strong><\/a><strong> durant ces derni\u00e8res ann\u00e9es.&nbsp;<\/strong><\/p>\n\n\n\n<p><strong>E.B. : <\/strong>Je pense que d\u2019une part on a les outils, notamment virtuels, pour organiser des rencontres. Mais \u00e7a va en parall\u00e8le avec l\u2019\u00e9volution du march\u00e9 du livre et l\u2019explosion de la litt\u00e9rature f\u00e9ministe. Il y a aussi de plus en plus de m\u00e9dias f\u00e9ministes qui font des recommandations, qui parlent d\u2019ouvrages f\u00e9ministes. Il y a beaucoup d\u2019information disponible, c\u2019est l\u2019actualit\u00e9 aussi qui veut cela, et cela motive les gens \u00e0 se rencontrer et \u00e0 \u00e9changer. Avec les r\u00e9seaux sociaux, tout le monde peut s\u2019exprimer, donner son avis, dire j\u2019ai lu ce livre. C\u2019est devenu tr\u00e8s \u00e0 la mode.<\/p>\n\n\n\n<p><strong>\u00d6.D. : Qu\u2019est-ce que tu envisages pour le futur d\u2019\u00c9l\u00e9phantes ?<\/strong><\/p>\n\n\n\n<p><strong>E.B. : <\/strong>J\u2019aimerais beaucoup que l\u2019on puisse se retrouver de mani\u00e8re r\u00e9guli\u00e8re, que l\u2019on puisse aller ensemble \u00e0 des \u00e9v\u00e9nements culturels, des lectures ou autres, et que l\u2019on fasse partie du petit paysage litt\u00e9raire francophone et berlinois, en tant que lectrices et curieuses. On a aussi un projet en cours avec le <a href=\"https:\/\/centre-francais.de\/\" target=\"_blank\" rel=\"noreferrer noopener\">Centre Fran\u00e7ais de Berlin<\/a>, sous forme de concours d\u2019\u00e9criture ouvert \u00e0 tous\u00b7tes, avec des prix et un financement. C\u2019est pr\u00e9vu d\u2019ici la fin de cette ann\u00e9e.<\/p>\n\n\n\n<p><em>Vous pouvez retrouver Missives le samedi 31 juillet \u00e0 la <\/em><a href=\"https:\/\/www.facebook.com\/events\/1163129504171757\"><em>Sommerfest d\u2019\u00c9l\u00e9phantes<\/em><\/a><em>. Nous y proposerons la vente <\/em><em>de trois mod\u00e8les de sacs illustr\u00e9s par des femmes talentueuses \u00e0 l&rsquo;effigie de femmes talentueuses :<\/em><\/p>\n\n\n\n<p><em>&#8211; Sac Maya Angelou illustr\u00e9 par Graceuh<\/em><\/p>\n\n\n\n<p><em>&#8211; Sac Olympe de Gouges illustr\u00e9 par Gwendoline Goubard<\/em><\/p>\n\n\n\n<p><em>&#8211; Sac Monique Wittig illustr\u00e9 par Marie Fredhal<\/em><\/p>\n","protected":false},"excerpt":{"rendered":"<p>En 2018, ChEEk magazine d\u00e9crivait le club de lecture comme \u00ab le nouveau haut lieu du f\u00e9minisme \u00bb. Des book clubs, il y a en a partout et pour tous les go\u00fbts. Qu\u2019ils se focalisent sur un th\u00e8me ou un genre pr\u00e9cis ou qu\u2019ils soient men\u00e9s par une c\u00e9l\u00e9brit\u00e9 ou un\u00b7e libraire, le rituel est [&hellip;]<\/p>\n","protected":false},"author":20,"featured_media":3807,"comment_status":"closed","ping_status":"open","sticky":false,"template":"","format":"standard","meta":{"footnotes":""},"categories":[14],"tags":[],"class_list":["post-3804","post","type-post","status-publish","format-standard","has-post-thumbnail","hentry","category-evenements-2","has-thumbnail"],"yoast_head":"<!-- This site is optimized with the Yoast SEO plugin v23.5 - https:\/\/yoast.com\/wordpress\/plugins\/seo\/ -->\n<title>\u00c9l\u00e9phantes, le book club f\u00e9ministe qui fait bouger les lignes - Missives<\/title>\n<meta name=\"robots\" content=\"index, follow, max-snippet:-1, max-image-preview:large, max-video-preview:-1\" \/>\n<link rel=\"canonical\" href=\"https:\/\/www.lesmissives.fr\/index.php\/2021\/07\/29\/elephantes-le-book-club-feministe-qui-fait-bouger-les-lignes\/\" \/>\n<meta property=\"og:locale\" content=\"fr_FR\" \/>\n<meta property=\"og:type\" content=\"article\" \/>\n<meta property=\"og:title\" content=\"\u00c9l\u00e9phantes, le book club f\u00e9ministe qui fait bouger les lignes - Missives\" \/>\n<meta property=\"og:description\" content=\"En 2018, ChEEk magazine d\u00e9crivait le club de lecture comme \u00ab le nouveau haut lieu du f\u00e9minisme \u00bb. Des book clubs, il y a en a partout et pour tous les go\u00fbts. Qu\u2019ils se focalisent sur un th\u00e8me ou un genre pr\u00e9cis ou qu\u2019ils soient men\u00e9s par une c\u00e9l\u00e9brit\u00e9 ou un\u00b7e libraire, le rituel est [&hellip;]\" \/>\n<meta property=\"og:url\" content=\"https:\/\/www.lesmissives.fr\/index.php\/2021\/07\/29\/elephantes-le-book-club-feministe-qui-fait-bouger-les-lignes\/\" \/>\n<meta property=\"og:site_name\" content=\"Missives\" \/>\n<meta property=\"article:publisher\" content=\"https:\/\/www.facebook.com\/LesMissives\/\" \/>\n<meta property=\"article:published_time\" content=\"2021-07-29T12:24:43+00:00\" \/>\n<meta property=\"article:modified_time\" content=\"2022-12-03T11:35:04+00:00\" \/>\n<meta property=\"og:image\" content=\"https:\/\/www.lesmissives.fr\/wp-content\/uploads\/2021\/07\/Capture-d\u2019e\u0301cran-2021-07-28-a\u0300-16.54.54.png\" \/>\n\t<meta property=\"og:image:width\" content=\"817\" \/>\n\t<meta property=\"og:image:height\" content=\"435\" \/>\n\t<meta property=\"og:image:type\" content=\"image\/png\" \/>\n<meta name=\"author\" content=\"\u00d6zg\u00fcl Demiralp\" \/>\n<meta name=\"twitter:card\" content=\"summary_large_image\" \/>\n<meta name=\"twitter:label1\" content=\"\u00c9crit par\" \/>\n\t<meta name=\"twitter:data1\" content=\"\u00d6zg\u00fcl Demiralp\" \/>\n\t<meta name=\"twitter:label2\" content=\"Dur\u00e9e de lecture estim\u00e9e\" \/>\n\t<meta name=\"twitter:data2\" content=\"10 minutes\" \/>\n<script type=\"application\/ld+json\" class=\"yoast-schema-graph\">{\"@context\":\"https:\/\/schema.org\",\"@graph\":[{\"@type\":\"Article\",\"@id\":\"https:\/\/www.lesmissives.fr\/index.php\/2021\/07\/29\/elephantes-le-book-club-feministe-qui-fait-bouger-les-lignes\/#article\",\"isPartOf\":{\"@id\":\"https:\/\/www.lesmissives.fr\/index.php\/2021\/07\/29\/elephantes-le-book-club-feministe-qui-fait-bouger-les-lignes\/\"},\"author\":{\"name\":\"\u00d6zg\u00fcl Demiralp\",\"@id\":\"http:\/\/www.lesmissives.fr\/#\/schema\/person\/916a8aedc3a389981df7928db9237031\"},\"headline\":\"\u00c9l\u00e9phantes, le book club f\u00e9ministe qui fait bouger les lignes\",\"datePublished\":\"2021-07-29T12:24:43+00:00\",\"dateModified\":\"2022-12-03T11:35:04+00:00\",\"mainEntityOfPage\":{\"@id\":\"https:\/\/www.lesmissives.fr\/index.php\/2021\/07\/29\/elephantes-le-book-club-feministe-qui-fait-bouger-les-lignes\/\"},\"wordCount\":2073,\"publisher\":{\"@id\":\"http:\/\/www.lesmissives.fr\/#organization\"},\"image\":{\"@id\":\"https:\/\/www.lesmissives.fr\/index.php\/2021\/07\/29\/elephantes-le-book-club-feministe-qui-fait-bouger-les-lignes\/#primaryimage\"},\"thumbnailUrl\":\"http:\/\/www.lesmissives.fr\/wp-content\/uploads\/2021\/07\/Capture-d\u2019e\u0301cran-2021-07-28-a\u0300-17.02.57.png\",\"articleSection\":[\"\u00c9v\u00e8nements\"],\"inLanguage\":\"fr-FR\"},{\"@type\":\"WebPage\",\"@id\":\"https:\/\/www.lesmissives.fr\/index.php\/2021\/07\/29\/elephantes-le-book-club-feministe-qui-fait-bouger-les-lignes\/\",\"url\":\"https:\/\/www.lesmissives.fr\/index.php\/2021\/07\/29\/elephantes-le-book-club-feministe-qui-fait-bouger-les-lignes\/\",\"name\":\"\u00c9l\u00e9phantes, le book club f\u00e9ministe qui fait bouger les lignes - Missives\",\"isPartOf\":{\"@id\":\"http:\/\/www.lesmissives.fr\/#website\"},\"primaryImageOfPage\":{\"@id\":\"https:\/\/www.lesmissives.fr\/index.php\/2021\/07\/29\/elephantes-le-book-club-feministe-qui-fait-bouger-les-lignes\/#primaryimage\"},\"image\":{\"@id\":\"https:\/\/www.lesmissives.fr\/index.php\/2021\/07\/29\/elephantes-le-book-club-feministe-qui-fait-bouger-les-lignes\/#primaryimage\"},\"thumbnailUrl\":\"http:\/\/www.lesmissives.fr\/wp-content\/uploads\/2021\/07\/Capture-d\u2019e\u0301cran-2021-07-28-a\u0300-17.02.57.png\",\"datePublished\":\"2021-07-29T12:24:43+00:00\",\"dateModified\":\"2022-12-03T11:35:04+00:00\",\"breadcrumb\":{\"@id\":\"https:\/\/www.lesmissives.fr\/index.php\/2021\/07\/29\/elephantes-le-book-club-feministe-qui-fait-bouger-les-lignes\/#breadcrumb\"},\"inLanguage\":\"fr-FR\",\"potentialAction\":[{\"@type\":\"ReadAction\",\"target\":[\"https:\/\/www.lesmissives.fr\/index.php\/2021\/07\/29\/elephantes-le-book-club-feministe-qui-fait-bouger-les-lignes\/\"]}]},{\"@type\":\"ImageObject\",\"inLanguage\":\"fr-FR\",\"@id\":\"https:\/\/www.lesmissives.fr\/index.php\/2021\/07\/29\/elephantes-le-book-club-feministe-qui-fait-bouger-les-lignes\/#primaryimage\",\"url\":\"http:\/\/www.lesmissives.fr\/wp-content\/uploads\/2021\/07\/Capture-d\u2019e\u0301cran-2021-07-28-a\u0300-17.02.57.png\",\"contentUrl\":\"http:\/\/www.lesmissives.fr\/wp-content\/uploads\/2021\/07\/Capture-d\u2019e\u0301cran-2021-07-28-a\u0300-17.02.57.png\",\"width\":515,\"height\":800},{\"@type\":\"BreadcrumbList\",\"@id\":\"https:\/\/www.lesmissives.fr\/index.php\/2021\/07\/29\/elephantes-le-book-club-feministe-qui-fait-bouger-les-lignes\/#breadcrumb\",\"itemListElement\":[{\"@type\":\"ListItem\",\"position\":1,\"name\":\"Accueil\",\"item\":\"http:\/\/www.lesmissives.fr\/\"},{\"@type\":\"ListItem\",\"position\":2,\"name\":\"\u00c9l\u00e9phantes, le book club f\u00e9ministe qui fait bouger les lignes\"}]},{\"@type\":\"WebSite\",\"@id\":\"http:\/\/www.lesmissives.fr\/#website\",\"url\":\"http:\/\/www.lesmissives.fr\/\",\"name\":\"Missives\",\"description\":\"Des livres os\u00e9s et f\u00e9ministes, au sens large\",\"publisher\":{\"@id\":\"http:\/\/www.lesmissives.fr\/#organization\"},\"potentialAction\":[{\"@type\":\"SearchAction\",\"target\":{\"@type\":\"EntryPoint\",\"urlTemplate\":\"http:\/\/www.lesmissives.fr\/?s={search_term_string}\"},\"query-input\":{\"@type\":\"PropertyValueSpecification\",\"valueRequired\":true,\"valueName\":\"search_term_string\"}}],\"inLanguage\":\"fr-FR\"},{\"@type\":\"Organization\",\"@id\":\"http:\/\/www.lesmissives.fr\/#organization\",\"name\":\"les missives\",\"url\":\"http:\/\/www.lesmissives.fr\/\",\"logo\":{\"@type\":\"ImageObject\",\"inLanguage\":\"fr-FR\",\"@id\":\"http:\/\/www.lesmissives.fr\/#\/schema\/logo\/image\/\",\"url\":\"http:\/\/www.lesmissives.fr\/wp-content\/uploads\/2025\/09\/cropped-LOGO-MISSIVES-ROUGE-COMPLET2-scaled-1.jpg\",\"contentUrl\":\"http:\/\/www.lesmissives.fr\/wp-content\/uploads\/2025\/09\/cropped-LOGO-MISSIVES-ROUGE-COMPLET2-scaled-1.jpg\",\"width\":1130,\"height\":800,\"caption\":\"les missives\"},\"image\":{\"@id\":\"http:\/\/www.lesmissives.fr\/#\/schema\/logo\/image\/\"},\"sameAs\":[\"https:\/\/www.facebook.com\/LesMissives\/\"]},{\"@type\":\"Person\",\"@id\":\"http:\/\/www.lesmissives.fr\/#\/schema\/person\/916a8aedc3a389981df7928db9237031\",\"name\":\"\u00d6zg\u00fcl Demiralp\",\"image\":{\"@type\":\"ImageObject\",\"inLanguage\":\"fr-FR\",\"@id\":\"http:\/\/www.lesmissives.fr\/#\/schema\/person\/image\/\",\"url\":\"http:\/\/2.gravatar.com\/avatar\/87e9fc50c107a3e832621705274912d0?s=96&d=mm&r=g\",\"contentUrl\":\"http:\/\/2.gravatar.com\/avatar\/87e9fc50c107a3e832621705274912d0?s=96&d=mm&r=g\",\"caption\":\"\u00d6zg\u00fcl Demiralp\"},\"description\":\"Journaliste suisse bas\u00e9e \u00e0 Berlin, \u00d6zg\u00fcl traite l'actualit\u00e9 internationale au quotidien pour une agence de presse, et a auparavant travaill\u00e9 pour la t\u00e9l\u00e9vision et la presse \u00e9crite. Elle se passionne en parall\u00e8le pour des sujets culturels et f\u00e9ministes, et sa biblioth\u00e8que s'agrandit progressivement pour accueillir plus d'ouvrages allant dans ce sens.\",\"url\":\"http:\/\/www.lesmissives.fr\/index.php\/author\/ozgul\/\"}]}<\/script>\n<!-- \/ Yoast SEO plugin. -->","yoast_head_json":{"title":"\u00c9l\u00e9phantes, le book club f\u00e9ministe qui fait bouger les lignes - Missives","robots":{"index":"index","follow":"follow","max-snippet":"max-snippet:-1","max-image-preview":"max-image-preview:large","max-video-preview":"max-video-preview:-1"},"canonical":"https:\/\/www.lesmissives.fr\/index.php\/2021\/07\/29\/elephantes-le-book-club-feministe-qui-fait-bouger-les-lignes\/","og_locale":"fr_FR","og_type":"article","og_title":"\u00c9l\u00e9phantes, le book club f\u00e9ministe qui fait bouger les lignes - Missives","og_description":"En 2018, ChEEk magazine d\u00e9crivait le club de lecture comme \u00ab le nouveau haut lieu du f\u00e9minisme \u00bb. Des book clubs, il y a en a partout et pour tous les go\u00fbts. Qu\u2019ils se focalisent sur un th\u00e8me ou un genre pr\u00e9cis ou qu\u2019ils soient men\u00e9s par une c\u00e9l\u00e9brit\u00e9 ou un\u00b7e libraire, le rituel est [&hellip;]","og_url":"https:\/\/www.lesmissives.fr\/index.php\/2021\/07\/29\/elephantes-le-book-club-feministe-qui-fait-bouger-les-lignes\/","og_site_name":"Missives","article_publisher":"https:\/\/www.facebook.com\/LesMissives\/","article_published_time":"2021-07-29T12:24:43+00:00","article_modified_time":"2022-12-03T11:35:04+00:00","og_image":[{"width":817,"height":435,"url":"https:\/\/www.lesmissives.fr\/wp-content\/uploads\/2021\/07\/Capture-d\u2019e\u0301cran-2021-07-28-a\u0300-16.54.54.png","type":"image\/png"}],"author":"\u00d6zg\u00fcl Demiralp","twitter_card":"summary_large_image","twitter_misc":{"\u00c9crit par":"\u00d6zg\u00fcl Demiralp","Dur\u00e9e de lecture estim\u00e9e":"10 minutes"},"schema":{"@context":"https:\/\/schema.org","@graph":[{"@type":"Article","@id":"https:\/\/www.lesmissives.fr\/index.php\/2021\/07\/29\/elephantes-le-book-club-feministe-qui-fait-bouger-les-lignes\/#article","isPartOf":{"@id":"https:\/\/www.lesmissives.fr\/index.php\/2021\/07\/29\/elephantes-le-book-club-feministe-qui-fait-bouger-les-lignes\/"},"author":{"name":"\u00d6zg\u00fcl Demiralp","@id":"http:\/\/www.lesmissives.fr\/#\/schema\/person\/916a8aedc3a389981df7928db9237031"},"headline":"\u00c9l\u00e9phantes, le book club f\u00e9ministe qui fait bouger les lignes","datePublished":"2021-07-29T12:24:43+00:00","dateModified":"2022-12-03T11:35:04+00:00","mainEntityOfPage":{"@id":"https:\/\/www.lesmissives.fr\/index.php\/2021\/07\/29\/elephantes-le-book-club-feministe-qui-fait-bouger-les-lignes\/"},"wordCount":2073,"publisher":{"@id":"http:\/\/www.lesmissives.fr\/#organization"},"image":{"@id":"https:\/\/www.lesmissives.fr\/index.php\/2021\/07\/29\/elephantes-le-book-club-feministe-qui-fait-bouger-les-lignes\/#primaryimage"},"thumbnailUrl":"http:\/\/www.lesmissives.fr\/wp-content\/uploads\/2021\/07\/Capture-d\u2019e\u0301cran-2021-07-28-a\u0300-17.02.57.png","articleSection":["\u00c9v\u00e8nements"],"inLanguage":"fr-FR"},{"@type":"WebPage","@id":"https:\/\/www.lesmissives.fr\/index.php\/2021\/07\/29\/elephantes-le-book-club-feministe-qui-fait-bouger-les-lignes\/","url":"https:\/\/www.lesmissives.fr\/index.php\/2021\/07\/29\/elephantes-le-book-club-feministe-qui-fait-bouger-les-lignes\/","name":"\u00c9l\u00e9phantes, le book club f\u00e9ministe qui fait bouger les lignes - Missives","isPartOf":{"@id":"http:\/\/www.lesmissives.fr\/#website"},"primaryImageOfPage":{"@id":"https:\/\/www.lesmissives.fr\/index.php\/2021\/07\/29\/elephantes-le-book-club-feministe-qui-fait-bouger-les-lignes\/#primaryimage"},"image":{"@id":"https:\/\/www.lesmissives.fr\/index.php\/2021\/07\/29\/elephantes-le-book-club-feministe-qui-fait-bouger-les-lignes\/#primaryimage"},"thumbnailUrl":"http:\/\/www.lesmissives.fr\/wp-content\/uploads\/2021\/07\/Capture-d\u2019e\u0301cran-2021-07-28-a\u0300-17.02.57.png","datePublished":"2021-07-29T12:24:43+00:00","dateModified":"2022-12-03T11:35:04+00:00","breadcrumb":{"@id":"https:\/\/www.lesmissives.fr\/index.php\/2021\/07\/29\/elephantes-le-book-club-feministe-qui-fait-bouger-les-lignes\/#breadcrumb"},"inLanguage":"fr-FR","potentialAction":[{"@type":"ReadAction","target":["https:\/\/www.lesmissives.fr\/index.php\/2021\/07\/29\/elephantes-le-book-club-feministe-qui-fait-bouger-les-lignes\/"]}]},{"@type":"ImageObject","inLanguage":"fr-FR","@id":"https:\/\/www.lesmissives.fr\/index.php\/2021\/07\/29\/elephantes-le-book-club-feministe-qui-fait-bouger-les-lignes\/#primaryimage","url":"http:\/\/www.lesmissives.fr\/wp-content\/uploads\/2021\/07\/Capture-d\u2019e\u0301cran-2021-07-28-a\u0300-17.02.57.png","contentUrl":"http:\/\/www.lesmissives.fr\/wp-content\/uploads\/2021\/07\/Capture-d\u2019e\u0301cran-2021-07-28-a\u0300-17.02.57.png","width":515,"height":800},{"@type":"BreadcrumbList","@id":"https:\/\/www.lesmissives.fr\/index.php\/2021\/07\/29\/elephantes-le-book-club-feministe-qui-fait-bouger-les-lignes\/#breadcrumb","itemListElement":[{"@type":"ListItem","position":1,"name":"Accueil","item":"http:\/\/www.lesmissives.fr\/"},{"@type":"ListItem","position":2,"name":"\u00c9l\u00e9phantes, le book club f\u00e9ministe qui fait bouger les lignes"}]},{"@type":"WebSite","@id":"http:\/\/www.lesmissives.fr\/#website","url":"http:\/\/www.lesmissives.fr\/","name":"Missives","description":"Des livres os\u00e9s et f\u00e9ministes, au sens large","publisher":{"@id":"http:\/\/www.lesmissives.fr\/#organization"},"potentialAction":[{"@type":"SearchAction","target":{"@type":"EntryPoint","urlTemplate":"http:\/\/www.lesmissives.fr\/?s={search_term_string}"},"query-input":{"@type":"PropertyValueSpecification","valueRequired":true,"valueName":"search_term_string"}}],"inLanguage":"fr-FR"},{"@type":"Organization","@id":"http:\/\/www.lesmissives.fr\/#organization","name":"les missives","url":"http:\/\/www.lesmissives.fr\/","logo":{"@type":"ImageObject","inLanguage":"fr-FR","@id":"http:\/\/www.lesmissives.fr\/#\/schema\/logo\/image\/","url":"http:\/\/www.lesmissives.fr\/wp-content\/uploads\/2025\/09\/cropped-LOGO-MISSIVES-ROUGE-COMPLET2-scaled-1.jpg","contentUrl":"http:\/\/www.lesmissives.fr\/wp-content\/uploads\/2025\/09\/cropped-LOGO-MISSIVES-ROUGE-COMPLET2-scaled-1.jpg","width":1130,"height":800,"caption":"les missives"},"image":{"@id":"http:\/\/www.lesmissives.fr\/#\/schema\/logo\/image\/"},"sameAs":["https:\/\/www.facebook.com\/LesMissives\/"]},{"@type":"Person","@id":"http:\/\/www.lesmissives.fr\/#\/schema\/person\/916a8aedc3a389981df7928db9237031","name":"\u00d6zg\u00fcl Demiralp","image":{"@type":"ImageObject","inLanguage":"fr-FR","@id":"http:\/\/www.lesmissives.fr\/#\/schema\/person\/image\/","url":"http:\/\/2.gravatar.com\/avatar\/87e9fc50c107a3e832621705274912d0?s=96&d=mm&r=g","contentUrl":"http:\/\/2.gravatar.com\/avatar\/87e9fc50c107a3e832621705274912d0?s=96&d=mm&r=g","caption":"\u00d6zg\u00fcl Demiralp"},"description":"Journaliste suisse bas\u00e9e \u00e0 Berlin, \u00d6zg\u00fcl traite l'actualit\u00e9 internationale au quotidien pour une agence de presse, et a auparavant travaill\u00e9 pour la t\u00e9l\u00e9vision et la presse \u00e9crite. Elle se passionne en parall\u00e8le pour des sujets culturels et f\u00e9ministes, et sa biblioth\u00e8que s'agrandit progressivement pour accueillir plus d'ouvrages allant dans ce sens.","url":"http:\/\/www.lesmissives.fr\/index.php\/author\/ozgul\/"}]}},"_links":{"self":[{"href":"http:\/\/www.lesmissives.fr\/index.php\/wp-json\/wp\/v2\/posts\/3804"}],"collection":[{"href":"http:\/\/www.lesmissives.fr\/index.php\/wp-json\/wp\/v2\/posts"}],"about":[{"href":"http:\/\/www.lesmissives.fr\/index.php\/wp-json\/wp\/v2\/types\/post"}],"author":[{"embeddable":true,"href":"http:\/\/www.lesmissives.fr\/index.php\/wp-json\/wp\/v2\/users\/20"}],"replies":[{"embeddable":true,"href":"http:\/\/www.lesmissives.fr\/index.php\/wp-json\/wp\/v2\/comments?post=3804"}],"version-history":[{"count":3,"href":"http:\/\/www.lesmissives.fr\/index.php\/wp-json\/wp\/v2\/posts\/3804\/revisions"}],"predecessor-version":[{"id":3809,"href":"http:\/\/www.lesmissives.fr\/index.php\/wp-json\/wp\/v2\/posts\/3804\/revisions\/3809"}],"wp:featuredmedia":[{"embeddable":true,"href":"http:\/\/www.lesmissives.fr\/index.php\/wp-json\/wp\/v2\/media\/3807"}],"wp:attachment":[{"href":"http:\/\/www.lesmissives.fr\/index.php\/wp-json\/wp\/v2\/media?parent=3804"}],"wp:term":[{"taxonomy":"category","embeddable":true,"href":"http:\/\/www.lesmissives.fr\/index.php\/wp-json\/wp\/v2\/categories?post=3804"},{"taxonomy":"post_tag","embeddable":true,"href":"http:\/\/www.lesmissives.fr\/index.php\/wp-json\/wp\/v2\/tags?post=3804"}],"curies":[{"name":"wp","href":"https:\/\/api.w.org\/{rel}","templated":true}]}}