{"id":3796,"date":"2021-07-17T11:47:29","date_gmt":"2021-07-17T09:47:29","guid":{"rendered":"http:\/\/www.lesmissives.fr\/?p=3796"},"modified":"2021-07-17T11:47:30","modified_gmt":"2021-07-17T09:47:30","slug":"missives-en-ecoute-27-trois-mois-sous-silence-de-judith-aquien","status":"publish","type":"post","link":"http:\/\/www.lesmissives.fr\/index.php\/2021\/07\/17\/missives-en-ecoute-27-trois-mois-sous-silence-de-judith-aquien\/","title":{"rendered":"Missives en \u00e9coute #27 : Trois mois sous silence, de Judith Aquien"},"content":{"rendered":"\n<p><em>Entre nos lignes, la capsule sonore et litt\u00e9raire de notre rubrique Missives en \u00e9coute se transforme en podcast, disponible sur la plupart des plateformes d\u2019\u00e9coute et sur Acast :&nbsp;<a href=\"https:\/\/shows.acast.com\/entre-nos-lignes\" target=\"_blank\" rel=\"noreferrer noopener\">https:\/\/shows.acast.com\/entre-nos-lignes<\/a><\/em><\/p>\n\n\n\n<p><em>Entre nos lignes, c\u2019est une dose de pens\u00e9es inspirantes et engag\u00e9es, propos\u00e9es selon l\u2019humeur ou l\u2019actualit\u00e9, quelques lignes d\u2019un auteur ou d\u2019une autrice lues par la com\u00e9dienne&nbsp;<a href=\"https:\/\/www.instagram.com\/marieemiliem\/?hl=fr\" target=\"_blank\" rel=\"noreferrer noopener\">Marie-\u00c9milie Michel<\/a>.<\/em><\/p>\n\n\n\n<p><em>Une lecture sans commentaire o\u00f9 seuls comptent les mots.<\/em><\/p>\n\n\n\n<p><em>Entre nos lignes donne \u00e0 entendre des extraits de romans mais aussi de la po\u00e9sie, des essais, de la nouveaut\u00e9 comme du classique mais des livres toujours os\u00e9s et f\u00e9ministes, au sens large !<\/em><\/p>\n\n\n\n<figure class=\"wp-block-video\"><video controls src=\"http:\/\/www.lesmissives.fr\/wp-content\/uploads\/2021\/07\/ENTREnosLIGNES_ep27.mp4\"><\/video><\/figure>\n\n\n\n<p><\/p>\n\n\n\n<blockquote class=\"wp-block-quote is-layout-flow wp-block-quote-is-layout-flow\"><p>Une fois de plus, l&rsquo;intime est politique.<br>Et questionner ce silence attendu qui entoure les trois premiers mois de la grossesse (que ce soit par superstition, convenance ou r\u00e9elle envie), c&rsquo;est finalement aussi s&rsquo;attaquer \u00e0 un tabou syst\u00e9mique et \u00e0 une nouvelle injonction faite aux femmes. Avant ma grossesse, je ne m&rsquo;\u00e9tais jamais interrog\u00e9e sur cette \u00ab\u00a0r\u00e8gle\u00a0\u00bb tacite.\u00a0Mais, ne pas en parler, c&rsquo;est en fait encore faire reposer une charge mentale sur les femmes qui devront g\u00e9rer leur tristesse, leur \u00e9tat, seules et sans pouvoir l&rsquo;expliquer au travail ou dans leur quotidien.<br>En France, on estime \u00e0 20\u00a0000 environ le nombre de fausses couches chaque ann\u00e9e. Ce risque p\u00e8se de tout son poids tout au long du fameux premier trimestre. La preuve, ce n\u2019est qu\u2019\u00e0 la fin de ces trois mois, qu\u2019on se verra d\u00e9cerner un certificat de grossesse. Pourquoi ? Une grossesse dure 9 mois. Pourquoi se taire et faire comme si ces trois mois ne comptaient pas. Personnellement, pendant ces 3 mois, j&rsquo;ai \u00e9prouv\u00e9 une excitation intense en voyant le r\u00e9sultat du test, puis la peur de l&rsquo;inconnu et de l&rsquo;arr\u00eat de la grossesse justement, une envie de vomir aussi fr\u00e9quente que mon envie de fumer (du moins au d\u00e9but, apr\u00e8s \u00e7a m&rsquo;a d\u00e9go\u00fbt\u00e9e) et je me suis m\u00eame parfois priv\u00e9e de sorties le premier mois pour ne rien d\u00e9voiler. Et puis,\u00a0pour certain.e.s proches, nous n&rsquo;avons pas respect\u00e9 le d\u00e9lai et avons annonc\u00e9 la nouvelle \u00e0 6 semaines. Et j&rsquo;ai \u00e9t\u00e9 soulag\u00e9e. Parce que, de toute fa\u00e7on, si \u00e7a ne se passait pas bien, j&rsquo;aurais envie de partager cela avec les gens qui me sont chers.<br>Alors bravo \u00e0 Judith Aquien de participer \u00e0 lib\u00e9rer vraiment la parole en la portant haut et fort, hors d&rsquo;un cercle restreint, avec ce livre manifeste. T\u00e9moignages, chiffres, retour sur les mythes fondateurs de notre soci\u00e9t\u00e9, analyse du sexisme au travail ou dans le monde m\u00e9dical, le texte est facile \u00e0 lire, pertinent et important. En plus, il est magnifiquement pr\u00e9fac\u00e9 par Camille Froidevaux-Metterie.<\/p><cite>Marie-\u00c9milie Michel<\/cite><\/blockquote>\n","protected":false},"excerpt":{"rendered":"<p>Entre nos lignes, la capsule sonore et litt\u00e9raire de notre rubrique Missives en \u00e9coute se transforme en podcast, disponible sur la plupart des plateformes d\u2019\u00e9coute et sur Acast :&nbsp;https:\/\/shows.acast.com\/entre-nos-lignes Entre nos lignes, c\u2019est une dose de pens\u00e9es inspirantes et engag\u00e9es, propos\u00e9es selon l\u2019humeur ou l\u2019actualit\u00e9, quelques lignes d\u2019un auteur ou d\u2019une autrice lues par la [&hellip;]<\/p>\n","protected":false},"author":1,"featured_media":3800,"comment_status":"closed","ping_status":"open","sticky":false,"template":"","format":"standard","meta":{"footnotes":""},"categories":[17],"tags":[],"class_list":["post-3796","post","type-post","status-publish","format-standard","has-post-thumbnail","hentry","category-missives-en-ecoute","has-thumbnail"],"yoast_head":"<!-- This site is optimized with the Yoast SEO plugin v23.5 - https:\/\/yoast.com\/wordpress\/plugins\/seo\/ -->\n<title>Missives en \u00e9coute #27 : Trois mois sous silence, de Judith Aquien - Missives<\/title>\n<meta name=\"robots\" content=\"index, follow, max-snippet:-1, max-image-preview:large, max-video-preview:-1\" \/>\n<link rel=\"canonical\" href=\"http:\/\/www.lesmissives.fr\/index.php\/2021\/07\/17\/missives-en-ecoute-27-trois-mois-sous-silence-de-judith-aquien\/\" \/>\n<meta property=\"og:locale\" content=\"fr_FR\" \/>\n<meta property=\"og:type\" content=\"article\" \/>\n<meta property=\"og:title\" content=\"Missives en \u00e9coute #27 : Trois mois sous silence, de Judith Aquien - Missives\" \/>\n<meta property=\"og:description\" content=\"Entre nos lignes, la capsule sonore et litt\u00e9raire de notre rubrique Missives en \u00e9coute se transforme en podcast, disponible sur la plupart des plateformes d\u2019\u00e9coute et sur Acast :&nbsp;https:\/\/shows.acast.com\/entre-nos-lignes Entre nos lignes, c\u2019est une dose de pens\u00e9es inspirantes et engag\u00e9es, propos\u00e9es selon l\u2019humeur ou l\u2019actualit\u00e9, quelques lignes d\u2019un auteur ou d\u2019une autrice lues par la [&hellip;]\" \/>\n<meta property=\"og:url\" content=\"http:\/\/www.lesmissives.fr\/index.php\/2021\/07\/17\/missives-en-ecoute-27-trois-mois-sous-silence-de-judith-aquien\/\" \/>\n<meta property=\"og:site_name\" content=\"Missives\" \/>\n<meta property=\"article:publisher\" content=\"https:\/\/www.facebook.com\/LesMissives\/\" \/>\n<meta property=\"article:published_time\" content=\"2021-07-17T09:47:29+00:00\" \/>\n<meta property=\"article:modified_time\" content=\"2021-07-17T09:47:30+00:00\" \/>\n<meta property=\"og:image\" content=\"http:\/\/www.lesmissives.fr\/wp-content\/uploads\/2021\/07\/missives27.jpg\" \/>\n\t<meta property=\"og:image:width\" content=\"820\" \/>\n\t<meta property=\"og:image:height\" content=\"428\" \/>\n\t<meta property=\"og:image:type\" content=\"image\/jpeg\" \/>\n<meta name=\"author\" content=\"Camille Abbey\" \/>\n<meta name=\"twitter:card\" content=\"summary_large_image\" \/>\n<meta name=\"twitter:label1\" content=\"\u00c9crit par\" \/>\n\t<meta name=\"twitter:data1\" content=\"Camille Abbey\" \/>\n\t<meta name=\"twitter:label2\" content=\"Dur\u00e9e de lecture estim\u00e9e\" \/>\n\t<meta name=\"twitter:data2\" content=\"2 minutes\" \/>\n<script type=\"application\/ld+json\" class=\"yoast-schema-graph\">{\"@context\":\"https:\/\/schema.org\",\"@graph\":[{\"@type\":\"Article\",\"@id\":\"http:\/\/www.lesmissives.fr\/index.php\/2021\/07\/17\/missives-en-ecoute-27-trois-mois-sous-silence-de-judith-aquien\/#article\",\"isPartOf\":{\"@id\":\"http:\/\/www.lesmissives.fr\/index.php\/2021\/07\/17\/missives-en-ecoute-27-trois-mois-sous-silence-de-judith-aquien\/\"},\"author\":{\"name\":\"Camille Abbey\",\"@id\":\"https:\/\/www.lesmissives.fr\/#\/schema\/person\/66913dcc0a662632720a1a241b0c5190\"},\"headline\":\"Missives en \u00e9coute #27 : Trois mois sous silence, de Judith Aquien\",\"datePublished\":\"2021-07-17T09:47:29+00:00\",\"dateModified\":\"2021-07-17T09:47:30+00:00\",\"mainEntityOfPage\":{\"@id\":\"http:\/\/www.lesmissives.fr\/index.php\/2021\/07\/17\/missives-en-ecoute-27-trois-mois-sous-silence-de-judith-aquien\/\"},\"wordCount\":487,\"publisher\":{\"@id\":\"https:\/\/www.lesmissives.fr\/#organization\"},\"image\":{\"@id\":\"http:\/\/www.lesmissives.fr\/index.php\/2021\/07\/17\/missives-en-ecoute-27-trois-mois-sous-silence-de-judith-aquien\/#primaryimage\"},\"thumbnailUrl\":\"http:\/\/www.lesmissives.fr\/wp-content\/uploads\/2021\/07\/Trois-mois-sous-silence.jpeg\",\"articleSection\":[\"Missives en \u00e9coute\"],\"inLanguage\":\"fr-FR\"},{\"@type\":\"WebPage\",\"@id\":\"http:\/\/www.lesmissives.fr\/index.php\/2021\/07\/17\/missives-en-ecoute-27-trois-mois-sous-silence-de-judith-aquien\/\",\"url\":\"http:\/\/www.lesmissives.fr\/index.php\/2021\/07\/17\/missives-en-ecoute-27-trois-mois-sous-silence-de-judith-aquien\/\",\"name\":\"Missives en \u00e9coute #27 : Trois mois sous silence, de Judith Aquien - Missives\",\"isPartOf\":{\"@id\":\"https:\/\/www.lesmissives.fr\/#website\"},\"primaryImageOfPage\":{\"@id\":\"http:\/\/www.lesmissives.fr\/index.php\/2021\/07\/17\/missives-en-ecoute-27-trois-mois-sous-silence-de-judith-aquien\/#primaryimage\"},\"image\":{\"@id\":\"http:\/\/www.lesmissives.fr\/index.php\/2021\/07\/17\/missives-en-ecoute-27-trois-mois-sous-silence-de-judith-aquien\/#primaryimage\"},\"thumbnailUrl\":\"http:\/\/www.lesmissives.fr\/wp-content\/uploads\/2021\/07\/Trois-mois-sous-silence.jpeg\",\"datePublished\":\"2021-07-17T09:47:29+00:00\",\"dateModified\":\"2021-07-17T09:47:30+00:00\",\"breadcrumb\":{\"@id\":\"http:\/\/www.lesmissives.fr\/index.php\/2021\/07\/17\/missives-en-ecoute-27-trois-mois-sous-silence-de-judith-aquien\/#breadcrumb\"},\"inLanguage\":\"fr-FR\",\"potentialAction\":[{\"@type\":\"ReadAction\",\"target\":[\"http:\/\/www.lesmissives.fr\/index.php\/2021\/07\/17\/missives-en-ecoute-27-trois-mois-sous-silence-de-judith-aquien\/\"]}]},{\"@type\":\"ImageObject\",\"inLanguage\":\"fr-FR\",\"@id\":\"http:\/\/www.lesmissives.fr\/index.php\/2021\/07\/17\/missives-en-ecoute-27-trois-mois-sous-silence-de-judith-aquien\/#primaryimage\",\"url\":\"http:\/\/www.lesmissives.fr\/wp-content\/uploads\/2021\/07\/Trois-mois-sous-silence.jpeg\",\"contentUrl\":\"http:\/\/www.lesmissives.fr\/wp-content\/uploads\/2021\/07\/Trois-mois-sous-silence.jpeg\",\"width\":400,\"height\":667},{\"@type\":\"BreadcrumbList\",\"@id\":\"http:\/\/www.lesmissives.fr\/index.php\/2021\/07\/17\/missives-en-ecoute-27-trois-mois-sous-silence-de-judith-aquien\/#breadcrumb\",\"itemListElement\":[{\"@type\":\"ListItem\",\"position\":1,\"name\":\"Accueil\",\"item\":\"https:\/\/www.lesmissives.fr\/\"},{\"@type\":\"ListItem\",\"position\":2,\"name\":\"Missives en \u00e9coute #27 : Trois mois sous silence, de Judith Aquien\"}]},{\"@type\":\"WebSite\",\"@id\":\"https:\/\/www.lesmissives.fr\/#website\",\"url\":\"https:\/\/www.lesmissives.fr\/\",\"name\":\"Missives\",\"description\":\"Des livres os\u00e9s et f\u00e9ministes, au sens large\",\"publisher\":{\"@id\":\"https:\/\/www.lesmissives.fr\/#organization\"},\"potentialAction\":[{\"@type\":\"SearchAction\",\"target\":{\"@type\":\"EntryPoint\",\"urlTemplate\":\"https:\/\/www.lesmissives.fr\/?s={search_term_string}\"},\"query-input\":{\"@type\":\"PropertyValueSpecification\",\"valueRequired\":true,\"valueName\":\"search_term_string\"}}],\"inLanguage\":\"fr-FR\"},{\"@type\":\"Organization\",\"@id\":\"https:\/\/www.lesmissives.fr\/#organization\",\"name\":\"les missives\",\"url\":\"https:\/\/www.lesmissives.fr\/\",\"logo\":{\"@type\":\"ImageObject\",\"inLanguage\":\"fr-FR\",\"@id\":\"https:\/\/www.lesmissives.fr\/#\/schema\/logo\/image\/\",\"url\":\"http:\/\/www.lesmissives.fr\/wp-content\/uploads\/2025\/09\/cropped-LOGO-MISSIVES-ROUGE-COMPLET2-scaled-1.jpg\",\"contentUrl\":\"http:\/\/www.lesmissives.fr\/wp-content\/uploads\/2025\/09\/cropped-LOGO-MISSIVES-ROUGE-COMPLET2-scaled-1.jpg\",\"width\":1130,\"height\":800,\"caption\":\"les missives\"},\"image\":{\"@id\":\"https:\/\/www.lesmissives.fr\/#\/schema\/logo\/image\/\"},\"sameAs\":[\"https:\/\/www.facebook.com\/LesMissives\/\"]},{\"@type\":\"Person\",\"@id\":\"https:\/\/www.lesmissives.fr\/#\/schema\/person\/66913dcc0a662632720a1a241b0c5190\",\"name\":\"Camille Abbey\",\"image\":{\"@type\":\"ImageObject\",\"inLanguage\":\"fr-FR\",\"@id\":\"https:\/\/www.lesmissives.fr\/#\/schema\/person\/image\/\",\"url\":\"http:\/\/0.gravatar.com\/avatar\/6dc77015f173950bb28683d401c54ec8?s=96&d=mm&r=g\",\"contentUrl\":\"http:\/\/0.gravatar.com\/avatar\/6dc77015f173950bb28683d401c54ec8?s=96&d=mm&r=g\",\"caption\":\"Camille Abbey\"},\"description\":\"\u00c9veill\u00e9e au f\u00e9minisme \u2013 entre autres \u2013 par Simone de Beauvoir, \u00e9nerv\u00e9e par les in\u00e9galit\u00e9s et le sexisme insidieux, apais\u00e9e par les livres et motiv\u00e9e par la r\u00e9flexion, elle a cr\u00e9\u00e9 ce site. Car lire, c\u2019est bien mais partager ses lectures, c\u2019est encore mieux.\",\"url\":\"http:\/\/www.lesmissives.fr\/index.php\/author\/admin8816\/\"}]}<\/script>\n<!-- \/ Yoast SEO plugin. -->","yoast_head_json":{"title":"Missives en \u00e9coute #27 : Trois mois sous silence, de Judith Aquien - Missives","robots":{"index":"index","follow":"follow","max-snippet":"max-snippet:-1","max-image-preview":"max-image-preview:large","max-video-preview":"max-video-preview:-1"},"canonical":"http:\/\/www.lesmissives.fr\/index.php\/2021\/07\/17\/missives-en-ecoute-27-trois-mois-sous-silence-de-judith-aquien\/","og_locale":"fr_FR","og_type":"article","og_title":"Missives en \u00e9coute #27 : Trois mois sous silence, de Judith Aquien - Missives","og_description":"Entre nos lignes, la capsule sonore et litt\u00e9raire de notre rubrique Missives en \u00e9coute se transforme en podcast, disponible sur la plupart des plateformes d\u2019\u00e9coute et sur Acast :&nbsp;https:\/\/shows.acast.com\/entre-nos-lignes Entre nos lignes, c\u2019est une dose de pens\u00e9es inspirantes et engag\u00e9es, propos\u00e9es selon l\u2019humeur ou l\u2019actualit\u00e9, quelques lignes d\u2019un auteur ou d\u2019une autrice lues par la [&hellip;]","og_url":"http:\/\/www.lesmissives.fr\/index.php\/2021\/07\/17\/missives-en-ecoute-27-trois-mois-sous-silence-de-judith-aquien\/","og_site_name":"Missives","article_publisher":"https:\/\/www.facebook.com\/LesMissives\/","article_published_time":"2021-07-17T09:47:29+00:00","article_modified_time":"2021-07-17T09:47:30+00:00","og_image":[{"width":820,"height":428,"url":"http:\/\/www.lesmissives.fr\/wp-content\/uploads\/2021\/07\/missives27.jpg","type":"image\/jpeg"}],"author":"Camille Abbey","twitter_card":"summary_large_image","twitter_misc":{"\u00c9crit par":"Camille Abbey","Dur\u00e9e de lecture estim\u00e9e":"2 minutes"},"schema":{"@context":"https:\/\/schema.org","@graph":[{"@type":"Article","@id":"http:\/\/www.lesmissives.fr\/index.php\/2021\/07\/17\/missives-en-ecoute-27-trois-mois-sous-silence-de-judith-aquien\/#article","isPartOf":{"@id":"http:\/\/www.lesmissives.fr\/index.php\/2021\/07\/17\/missives-en-ecoute-27-trois-mois-sous-silence-de-judith-aquien\/"},"author":{"name":"Camille Abbey","@id":"https:\/\/www.lesmissives.fr\/#\/schema\/person\/66913dcc0a662632720a1a241b0c5190"},"headline":"Missives en \u00e9coute #27 : Trois mois sous silence, de Judith Aquien","datePublished":"2021-07-17T09:47:29+00:00","dateModified":"2021-07-17T09:47:30+00:00","mainEntityOfPage":{"@id":"http:\/\/www.lesmissives.fr\/index.php\/2021\/07\/17\/missives-en-ecoute-27-trois-mois-sous-silence-de-judith-aquien\/"},"wordCount":487,"publisher":{"@id":"https:\/\/www.lesmissives.fr\/#organization"},"image":{"@id":"http:\/\/www.lesmissives.fr\/index.php\/2021\/07\/17\/missives-en-ecoute-27-trois-mois-sous-silence-de-judith-aquien\/#primaryimage"},"thumbnailUrl":"http:\/\/www.lesmissives.fr\/wp-content\/uploads\/2021\/07\/Trois-mois-sous-silence.jpeg","articleSection":["Missives en \u00e9coute"],"inLanguage":"fr-FR"},{"@type":"WebPage","@id":"http:\/\/www.lesmissives.fr\/index.php\/2021\/07\/17\/missives-en-ecoute-27-trois-mois-sous-silence-de-judith-aquien\/","url":"http:\/\/www.lesmissives.fr\/index.php\/2021\/07\/17\/missives-en-ecoute-27-trois-mois-sous-silence-de-judith-aquien\/","name":"Missives en \u00e9coute #27 : Trois mois sous silence, de Judith Aquien - Missives","isPartOf":{"@id":"https:\/\/www.lesmissives.fr\/#website"},"primaryImageOfPage":{"@id":"http:\/\/www.lesmissives.fr\/index.php\/2021\/07\/17\/missives-en-ecoute-27-trois-mois-sous-silence-de-judith-aquien\/#primaryimage"},"image":{"@id":"http:\/\/www.lesmissives.fr\/index.php\/2021\/07\/17\/missives-en-ecoute-27-trois-mois-sous-silence-de-judith-aquien\/#primaryimage"},"thumbnailUrl":"http:\/\/www.lesmissives.fr\/wp-content\/uploads\/2021\/07\/Trois-mois-sous-silence.jpeg","datePublished":"2021-07-17T09:47:29+00:00","dateModified":"2021-07-17T09:47:30+00:00","breadcrumb":{"@id":"http:\/\/www.lesmissives.fr\/index.php\/2021\/07\/17\/missives-en-ecoute-27-trois-mois-sous-silence-de-judith-aquien\/#breadcrumb"},"inLanguage":"fr-FR","potentialAction":[{"@type":"ReadAction","target":["http:\/\/www.lesmissives.fr\/index.php\/2021\/07\/17\/missives-en-ecoute-27-trois-mois-sous-silence-de-judith-aquien\/"]}]},{"@type":"ImageObject","inLanguage":"fr-FR","@id":"http:\/\/www.lesmissives.fr\/index.php\/2021\/07\/17\/missives-en-ecoute-27-trois-mois-sous-silence-de-judith-aquien\/#primaryimage","url":"http:\/\/www.lesmissives.fr\/wp-content\/uploads\/2021\/07\/Trois-mois-sous-silence.jpeg","contentUrl":"http:\/\/www.lesmissives.fr\/wp-content\/uploads\/2021\/07\/Trois-mois-sous-silence.jpeg","width":400,"height":667},{"@type":"BreadcrumbList","@id":"http:\/\/www.lesmissives.fr\/index.php\/2021\/07\/17\/missives-en-ecoute-27-trois-mois-sous-silence-de-judith-aquien\/#breadcrumb","itemListElement":[{"@type":"ListItem","position":1,"name":"Accueil","item":"https:\/\/www.lesmissives.fr\/"},{"@type":"ListItem","position":2,"name":"Missives en \u00e9coute #27 : Trois mois sous silence, de Judith Aquien"}]},{"@type":"WebSite","@id":"https:\/\/www.lesmissives.fr\/#website","url":"https:\/\/www.lesmissives.fr\/","name":"Missives","description":"Des livres os\u00e9s et f\u00e9ministes, au sens large","publisher":{"@id":"https:\/\/www.lesmissives.fr\/#organization"},"potentialAction":[{"@type":"SearchAction","target":{"@type":"EntryPoint","urlTemplate":"https:\/\/www.lesmissives.fr\/?s={search_term_string}"},"query-input":{"@type":"PropertyValueSpecification","valueRequired":true,"valueName":"search_term_string"}}],"inLanguage":"fr-FR"},{"@type":"Organization","@id":"https:\/\/www.lesmissives.fr\/#organization","name":"les missives","url":"https:\/\/www.lesmissives.fr\/","logo":{"@type":"ImageObject","inLanguage":"fr-FR","@id":"https:\/\/www.lesmissives.fr\/#\/schema\/logo\/image\/","url":"http:\/\/www.lesmissives.fr\/wp-content\/uploads\/2025\/09\/cropped-LOGO-MISSIVES-ROUGE-COMPLET2-scaled-1.jpg","contentUrl":"http:\/\/www.lesmissives.fr\/wp-content\/uploads\/2025\/09\/cropped-LOGO-MISSIVES-ROUGE-COMPLET2-scaled-1.jpg","width":1130,"height":800,"caption":"les missives"},"image":{"@id":"https:\/\/www.lesmissives.fr\/#\/schema\/logo\/image\/"},"sameAs":["https:\/\/www.facebook.com\/LesMissives\/"]},{"@type":"Person","@id":"https:\/\/www.lesmissives.fr\/#\/schema\/person\/66913dcc0a662632720a1a241b0c5190","name":"Camille Abbey","image":{"@type":"ImageObject","inLanguage":"fr-FR","@id":"https:\/\/www.lesmissives.fr\/#\/schema\/person\/image\/","url":"http:\/\/0.gravatar.com\/avatar\/6dc77015f173950bb28683d401c54ec8?s=96&d=mm&r=g","contentUrl":"http:\/\/0.gravatar.com\/avatar\/6dc77015f173950bb28683d401c54ec8?s=96&d=mm&r=g","caption":"Camille Abbey"},"description":"\u00c9veill\u00e9e au f\u00e9minisme \u2013 entre autres \u2013 par Simone de Beauvoir, \u00e9nerv\u00e9e par les in\u00e9galit\u00e9s et le sexisme insidieux, apais\u00e9e par les livres et motiv\u00e9e par la r\u00e9flexion, elle a cr\u00e9\u00e9 ce site. Car lire, c\u2019est bien mais partager ses lectures, c\u2019est encore mieux.","url":"http:\/\/www.lesmissives.fr\/index.php\/author\/admin8816\/"}]}},"_links":{"self":[{"href":"http:\/\/www.lesmissives.fr\/index.php\/wp-json\/wp\/v2\/posts\/3796"}],"collection":[{"href":"http:\/\/www.lesmissives.fr\/index.php\/wp-json\/wp\/v2\/posts"}],"about":[{"href":"http:\/\/www.lesmissives.fr\/index.php\/wp-json\/wp\/v2\/types\/post"}],"author":[{"embeddable":true,"href":"http:\/\/www.lesmissives.fr\/index.php\/wp-json\/wp\/v2\/users\/1"}],"replies":[{"embeddable":true,"href":"http:\/\/www.lesmissives.fr\/index.php\/wp-json\/wp\/v2\/comments?post=3796"}],"version-history":[{"count":3,"href":"http:\/\/www.lesmissives.fr\/index.php\/wp-json\/wp\/v2\/posts\/3796\/revisions"}],"predecessor-version":[{"id":3802,"href":"http:\/\/www.lesmissives.fr\/index.php\/wp-json\/wp\/v2\/posts\/3796\/revisions\/3802"}],"wp:featuredmedia":[{"embeddable":true,"href":"http:\/\/www.lesmissives.fr\/index.php\/wp-json\/wp\/v2\/media\/3800"}],"wp:attachment":[{"href":"http:\/\/www.lesmissives.fr\/index.php\/wp-json\/wp\/v2\/media?parent=3796"}],"wp:term":[{"taxonomy":"category","embeddable":true,"href":"http:\/\/www.lesmissives.fr\/index.php\/wp-json\/wp\/v2\/categories?post=3796"},{"taxonomy":"post_tag","embeddable":true,"href":"http:\/\/www.lesmissives.fr\/index.php\/wp-json\/wp\/v2\/tags?post=3796"}],"curies":[{"name":"wp","href":"https:\/\/api.w.org\/{rel}","templated":true}]}}