{"id":3035,"date":"2020-09-09T10:32:12","date_gmt":"2020-09-09T08:32:12","guid":{"rendered":"http:\/\/www.lesmissives.fr\/?p=3035"},"modified":"2020-09-09T10:32:13","modified_gmt":"2020-09-09T08:32:13","slug":"la-petite-derniere-de-fatima-daas-je-est-une-autre","status":"publish","type":"post","link":"http:\/\/www.lesmissives.fr\/index.php\/2020\/09\/09\/la-petite-derniere-de-fatima-daas-je-est-une-autre\/","title":{"rendered":"La Petite derni\u00e8re de Fatima Daas : Je est une autre"},"content":{"rendered":"\n<p><strong>Fatima Daas signe son premier roman et fait avec\u00a0<em>La Petite derni\u00e8re\u00a0<\/em>une entr\u00e9e fracassante dans la vie litt\u00e9raire.<\/strong><\/p>\n\n\n\n<figure class=\"wp-block-image size-large\"><img loading=\"lazy\" decoding=\"async\" width=\"820\" height=\"428\" src=\"http:\/\/www.lesmissives.fr\/wp-content\/uploads\/2020\/09\/fatimadaas.jpg\" alt=\"\" class=\"wp-image-3045\" srcset=\"http:\/\/www.lesmissives.fr\/wp-content\/uploads\/2020\/09\/fatimadaas.jpg 820w, http:\/\/www.lesmissives.fr\/wp-content\/uploads\/2020\/09\/fatimadaas-300x157.jpg 300w, http:\/\/www.lesmissives.fr\/wp-content\/uploads\/2020\/09\/fatimadaas-768x401.jpg 768w, http:\/\/www.lesmissives.fr\/wp-content\/uploads\/2020\/09\/fatimadaas-400x209.jpg 400w, http:\/\/www.lesmissives.fr\/wp-content\/uploads\/2020\/09\/fatimadaas-800x418.jpg 800w\" sizes=\"(max-width: 820px) 100vw, 820px\" \/><figcaption>(\u00a9 Notabilia\/Olivier Roller)<\/figcaption><\/figure>\n\n\n\n<p>Adoub\u00e9e par Virginie Despentes, la jeune autrice nous livre une autofiction travers\u00e9e par l&rsquo;amour, le d\u00e9sir et la foi. Travers\u00e9e aussi par les doutes et la difficult\u00e9 \u00e0 concilier les identit\u00e9s multiples et les injonctions contradictoires. Banlieusarde et \u00e9tudiante \u00e0 Paris, alg\u00e9rienne, fran\u00e7aise, musulmane, lesbienne, elle cherche \u00e0 rassembler les fragments d&rsquo;une identit\u00e9 schiz\u00e9e en questionnant la psy aussi bien que l&rsquo;imam. \u00c0 travers les \u00e9mouvants portraits de ses parents, esquiss\u00e9s tout en d\u00e9licatesse, les instantan\u00e9s d&rsquo;une adolescence qui voit na\u00eetre un d\u00e9sir plein de culpabilit\u00e9 pour les filles et toute une galerie de personnages secondaires \u00e9voqu\u00e9s le plus souvent avec beaucoup de tendresse, Fatima Daas nous livre le r\u00e9cit de ses difficult\u00e9s \u00e0 se tenir en \u00e9quilibre dans le chaos qui fait sa vie et, si souvent, les n\u00f4tres.<\/p>\n\n\n\n<p><em>La Petite Derni\u00e8re<\/em>&nbsp;est \u00e0 bien des \u00e9gards un roman qui traite de la loyaut\u00e9, celle que l&rsquo;on doit \u00e0 sa famille, \u00e0 sa classe sociale, \u00e0 sa religion, \u00e0 sa communaut\u00e9, qui rassemble tous les liens qui nous ont fait grandir et nous permettent de nous ancrer sur cette terre si mouvante. Mais que se passe-t-il quand cette loyaut\u00e9 entre en conflit avec ce que l&rsquo;on se doit \u00e0 soi-m\u00eame ? Par son r\u00e9cit, Fatima Daas soul\u00e8ve une s\u00e9rie de questions. Comment ne pas trahir ? Comment \u00eatre soi sans heurter sa famille ? Comment aimer Allah et Nina avec la m\u00eame ferveur ? Comment oser \u00e9crire quand on d\u00e9plore des \u00e9tudes litt\u00e9raires pass\u00e9es \u00e0 \u00ab\u00a0lire et commenter des textes \u00e9crits exclusivement par des hommes blancs h\u00e9t\u00e9ros cisgenres\u00a0\u00bb ? Fatima Daas pourrait d\u00e9clarer avec Fatou Diom\u00e9 \u2013 ces deux-l\u00e0 ont sans doute en commun plus que leurs initiales \u2013 \u00ab\u00a0Je cherche mon pays l\u00e0 o\u00f9 on appr\u00e9cie l&rsquo;\u00eatre-additionn\u00e9, sans dissocier ses multiples strates.*\u00a0\u00bb&nbsp;Si l&rsquo;\u00e9criture ne sauve personne, elle dessine la possibilit\u00e9 de constituer ce pays, comme un refuge offert aux perp\u00e9tuel\u00b7le\u00b7s errant\u00b7e\u00b7s de l&rsquo;existence.<\/p>\n\n\n\n<p>Le style est sec, efficace, incisif et peut faire penser \u00e0 \u00ab\u00a0l&rsquo;\u00e9criture plate\u00a0\u00bb d&rsquo;Annie Ernaux, d&rsquo;ailleurs cit\u00e9e dans le roman comme figure tut\u00e9laire avec Marguerite Duras. Fatima Daas \u2013 ou du moins le personnage de Fatima Daas \u2013 est une asthmatique qui avoue n\u00e9gliger son traitement : on entend par moments son souffle court et saccad\u00e9 infuser son \u00e9criture, jusqu&rsquo;\u00e0 la prochaine inhalation de Ventoline qui laisse les phrases s&rsquo;allonger, le rythme ralentir et s&rsquo;apaiser. L&rsquo;autrice cite le Coran qui l&rsquo;accompagne, les moments de s\u00e9r\u00e9nit\u00e9 pass\u00e9s \u00e0 lire \u00e0 voix haute les versets qui composent le texte sacr\u00e9 et, l\u00e0 encore, son \u00e9criture \u00e0 la dimension incantatoire s&rsquo;en ressent, avec ses phrases tant\u00f4t heurt\u00e9es et allusives, tant\u00f4t beaucoup plus amples.<\/p>\n\n\n\n<p>Depuis sa parution, ce premier roman ardent provoque un vif engouement critique : \u00ab\u00a0la voix furieusement contemporaine qu&rsquo;on attendait\u00a0\u00bb pour les <em>Inrocks<\/em>, \u00ab\u00a0r\u00e9v\u00e9lation\u00a0\u00bb selon Tewfik Hatem sur <em>France Culture<\/em>. On peut supposer que le combo banlieue, islam et homosexualit\u00e9 f\u00e9minine a de quoi affoler le milieu litt\u00e9raire, mais c&rsquo;est aussi le signe que l&rsquo;envie d&rsquo;entendre des voix jusque l\u00e0 inaudibles est manifeste. Fatima Daas, \u00ab\u00a0petite chamelle sevr\u00e9e\u00a0\u00bb, entre en litt\u00e9rature et laisse la porte grande ouverte \u00e0 toutes celles et ceux qui s&rsquo;aventureront dans le courageux sillon trac\u00e9 \u00e0 la serpe par&nbsp;<em>La Petite derni\u00e8re<\/em>. Une grande premi\u00e8re !<\/p>\n\n\n\n<p>*Fatou Diom\u00e9,&nbsp;<em>Le Ventre de l&rsquo;Atlantique<\/em>, 2003.<\/p>\n","protected":false},"excerpt":{"rendered":"<p>Fatima Daas signe son premier roman et fait avec\u00a0La Petite derni\u00e8re\u00a0une entr\u00e9e fracassante dans la vie litt\u00e9raire. Adoub\u00e9e par Virginie Despentes, la jeune autrice nous livre une autofiction travers\u00e9e par l&rsquo;amour, le d\u00e9sir et la foi. Travers\u00e9e aussi par les doutes et la difficult\u00e9 \u00e0 concilier les identit\u00e9s multiples et les injonctions contradictoires. Banlieusarde et [&hellip;]<\/p>\n","protected":false},"author":41,"featured_media":3046,"comment_status":"closed","ping_status":"open","sticky":false,"template":"","format":"standard","meta":{"footnotes":""},"categories":[8],"tags":[],"class_list":["post-3035","post","type-post","status-publish","format-standard","has-post-thumbnail","hentry","category-girl-power-fiction","has-thumbnail"],"yoast_head":"<!-- This site is optimized with the Yoast SEO plugin v23.5 - https:\/\/yoast.com\/wordpress\/plugins\/seo\/ -->\n<title>La Petite derni\u00e8re de Fatima Daas : Je est une autre - Missives<\/title>\n<meta name=\"robots\" content=\"index, follow, max-snippet:-1, max-image-preview:large, max-video-preview:-1\" \/>\n<link rel=\"canonical\" href=\"https:\/\/www.lesmissives.fr\/index.php\/2020\/09\/09\/la-petite-derniere-de-fatima-daas-je-est-une-autre\/\" \/>\n<meta property=\"og:locale\" content=\"fr_FR\" \/>\n<meta property=\"og:type\" content=\"article\" \/>\n<meta property=\"og:title\" content=\"La Petite derni\u00e8re de Fatima Daas : Je est une autre - Missives\" \/>\n<meta property=\"og:description\" content=\"Fatima Daas signe son premier roman et fait avec\u00a0La Petite derni\u00e8re\u00a0une entr\u00e9e fracassante dans la vie litt\u00e9raire. Adoub\u00e9e par Virginie Despentes, la jeune autrice nous livre une autofiction travers\u00e9e par l&rsquo;amour, le d\u00e9sir et la foi. Travers\u00e9e aussi par les doutes et la difficult\u00e9 \u00e0 concilier les identit\u00e9s multiples et les injonctions contradictoires. Banlieusarde et [&hellip;]\" \/>\n<meta property=\"og:url\" content=\"https:\/\/www.lesmissives.fr\/index.php\/2020\/09\/09\/la-petite-derniere-de-fatima-daas-je-est-une-autre\/\" \/>\n<meta property=\"og:site_name\" content=\"Missives\" \/>\n<meta property=\"article:publisher\" content=\"https:\/\/www.facebook.com\/LesMissives\/\" \/>\n<meta property=\"article:published_time\" content=\"2020-09-09T08:32:12+00:00\" \/>\n<meta property=\"article:modified_time\" content=\"2020-09-09T08:32:13+00:00\" \/>\n<meta property=\"og:image\" content=\"https:\/\/www.lesmissives.fr\/wp-content\/uploads\/2020\/09\/fatimadaas.jpg\" \/>\n\t<meta property=\"og:image:width\" content=\"820\" \/>\n\t<meta property=\"og:image:height\" content=\"428\" \/>\n\t<meta property=\"og:image:type\" content=\"image\/jpeg\" \/>\n<meta name=\"author\" content=\"Lucie Giovanetti\" \/>\n<meta name=\"twitter:card\" content=\"summary_large_image\" \/>\n<meta name=\"twitter:label1\" content=\"\u00c9crit par\" \/>\n\t<meta name=\"twitter:data1\" content=\"Lucie Giovanetti\" \/>\n\t<meta name=\"twitter:label2\" content=\"Dur\u00e9e de lecture estim\u00e9e\" \/>\n\t<meta name=\"twitter:data2\" content=\"3 minutes\" \/>\n<script type=\"application\/ld+json\" class=\"yoast-schema-graph\">{\"@context\":\"https:\/\/schema.org\",\"@graph\":[{\"@type\":\"Article\",\"@id\":\"https:\/\/www.lesmissives.fr\/index.php\/2020\/09\/09\/la-petite-derniere-de-fatima-daas-je-est-une-autre\/#article\",\"isPartOf\":{\"@id\":\"https:\/\/www.lesmissives.fr\/index.php\/2020\/09\/09\/la-petite-derniere-de-fatima-daas-je-est-une-autre\/\"},\"author\":{\"name\":\"Lucie Giovanetti\",\"@id\":\"http:\/\/www.lesmissives.fr\/#\/schema\/person\/afc125ef96027c9234aed8b8332e8f30\"},\"headline\":\"La Petite derni\u00e8re de Fatima Daas : Je est une autre\",\"datePublished\":\"2020-09-09T08:32:12+00:00\",\"dateModified\":\"2020-09-09T08:32:13+00:00\",\"mainEntityOfPage\":{\"@id\":\"https:\/\/www.lesmissives.fr\/index.php\/2020\/09\/09\/la-petite-derniere-de-fatima-daas-je-est-une-autre\/\"},\"wordCount\":606,\"publisher\":{\"@id\":\"http:\/\/www.lesmissives.fr\/#organization\"},\"image\":{\"@id\":\"https:\/\/www.lesmissives.fr\/index.php\/2020\/09\/09\/la-petite-derniere-de-fatima-daas-je-est-une-autre\/#primaryimage\"},\"thumbnailUrl\":\"http:\/\/www.lesmissives.fr\/wp-content\/uploads\/2020\/09\/la-petite-derniere.jpg\",\"articleSection\":[\"Fiction\"],\"inLanguage\":\"fr-FR\"},{\"@type\":\"WebPage\",\"@id\":\"https:\/\/www.lesmissives.fr\/index.php\/2020\/09\/09\/la-petite-derniere-de-fatima-daas-je-est-une-autre\/\",\"url\":\"https:\/\/www.lesmissives.fr\/index.php\/2020\/09\/09\/la-petite-derniere-de-fatima-daas-je-est-une-autre\/\",\"name\":\"La Petite derni\u00e8re de Fatima Daas : Je est une autre - Missives\",\"isPartOf\":{\"@id\":\"http:\/\/www.lesmissives.fr\/#website\"},\"primaryImageOfPage\":{\"@id\":\"https:\/\/www.lesmissives.fr\/index.php\/2020\/09\/09\/la-petite-derniere-de-fatima-daas-je-est-une-autre\/#primaryimage\"},\"image\":{\"@id\":\"https:\/\/www.lesmissives.fr\/index.php\/2020\/09\/09\/la-petite-derniere-de-fatima-daas-je-est-une-autre\/#primaryimage\"},\"thumbnailUrl\":\"http:\/\/www.lesmissives.fr\/wp-content\/uploads\/2020\/09\/la-petite-derniere.jpg\",\"datePublished\":\"2020-09-09T08:32:12+00:00\",\"dateModified\":\"2020-09-09T08:32:13+00:00\",\"breadcrumb\":{\"@id\":\"https:\/\/www.lesmissives.fr\/index.php\/2020\/09\/09\/la-petite-derniere-de-fatima-daas-je-est-une-autre\/#breadcrumb\"},\"inLanguage\":\"fr-FR\",\"potentialAction\":[{\"@type\":\"ReadAction\",\"target\":[\"https:\/\/www.lesmissives.fr\/index.php\/2020\/09\/09\/la-petite-derniere-de-fatima-daas-je-est-une-autre\/\"]}]},{\"@type\":\"ImageObject\",\"inLanguage\":\"fr-FR\",\"@id\":\"https:\/\/www.lesmissives.fr\/index.php\/2020\/09\/09\/la-petite-derniere-de-fatima-daas-je-est-une-autre\/#primaryimage\",\"url\":\"http:\/\/www.lesmissives.fr\/wp-content\/uploads\/2020\/09\/la-petite-derniere.jpg\",\"contentUrl\":\"http:\/\/www.lesmissives.fr\/wp-content\/uploads\/2020\/09\/la-petite-derniere.jpg\",\"width\":400,\"height\":625},{\"@type\":\"BreadcrumbList\",\"@id\":\"https:\/\/www.lesmissives.fr\/index.php\/2020\/09\/09\/la-petite-derniere-de-fatima-daas-je-est-une-autre\/#breadcrumb\",\"itemListElement\":[{\"@type\":\"ListItem\",\"position\":1,\"name\":\"Accueil\",\"item\":\"http:\/\/www.lesmissives.fr\/\"},{\"@type\":\"ListItem\",\"position\":2,\"name\":\"La Petite derni\u00e8re de Fatima Daas : Je est une autre\"}]},{\"@type\":\"WebSite\",\"@id\":\"http:\/\/www.lesmissives.fr\/#website\",\"url\":\"http:\/\/www.lesmissives.fr\/\",\"name\":\"Missives\",\"description\":\"Des livres os\u00e9s et f\u00e9ministes, au sens large\",\"publisher\":{\"@id\":\"http:\/\/www.lesmissives.fr\/#organization\"},\"potentialAction\":[{\"@type\":\"SearchAction\",\"target\":{\"@type\":\"EntryPoint\",\"urlTemplate\":\"http:\/\/www.lesmissives.fr\/?s={search_term_string}\"},\"query-input\":{\"@type\":\"PropertyValueSpecification\",\"valueRequired\":true,\"valueName\":\"search_term_string\"}}],\"inLanguage\":\"fr-FR\"},{\"@type\":\"Organization\",\"@id\":\"http:\/\/www.lesmissives.fr\/#organization\",\"name\":\"les missives\",\"url\":\"http:\/\/www.lesmissives.fr\/\",\"logo\":{\"@type\":\"ImageObject\",\"inLanguage\":\"fr-FR\",\"@id\":\"http:\/\/www.lesmissives.fr\/#\/schema\/logo\/image\/\",\"url\":\"http:\/\/www.lesmissives.fr\/wp-content\/uploads\/2025\/09\/cropped-LOGO-MISSIVES-ROUGE-COMPLET2-scaled-1.jpg\",\"contentUrl\":\"http:\/\/www.lesmissives.fr\/wp-content\/uploads\/2025\/09\/cropped-LOGO-MISSIVES-ROUGE-COMPLET2-scaled-1.jpg\",\"width\":1130,\"height\":800,\"caption\":\"les missives\"},\"image\":{\"@id\":\"http:\/\/www.lesmissives.fr\/#\/schema\/logo\/image\/\"},\"sameAs\":[\"https:\/\/www.facebook.com\/LesMissives\/\"]},{\"@type\":\"Person\",\"@id\":\"http:\/\/www.lesmissives.fr\/#\/schema\/person\/afc125ef96027c9234aed8b8332e8f30\",\"name\":\"Lucie Giovanetti\",\"image\":{\"@type\":\"ImageObject\",\"inLanguage\":\"fr-FR\",\"@id\":\"http:\/\/www.lesmissives.fr\/#\/schema\/person\/image\/\",\"url\":\"http:\/\/1.gravatar.com\/avatar\/483cebe23137b99d0d1010e645c47b4b?s=96&d=mm&r=g\",\"contentUrl\":\"http:\/\/1.gravatar.com\/avatar\/483cebe23137b99d0d1010e645c47b4b?s=96&d=mm&r=g\",\"caption\":\"Lucie Giovanetti\"},\"description\":\"Apr\u00e8s s'\u00eatre aper\u00e7ue qu'en 116 ans d'existence le Goncourt avait \u00e9t\u00e9 attribu\u00e9 \u00e0 12 femmes et 104 hommes, elle s'est dit que certes, une chambre \u00e0 soi et un peu d'argent de c\u00f4t\u00e9 \u00e7a pouvait aider \u00e0 \u00e9crire des livres \u2013 et que les femmes manquaient souvent des deux \u2013 mais qu'il y avait quand m\u00eame, peut-\u00eatre, un petit probl\u00e8me de repr\u00e9sentation dans les m\u00e9dias. C'est ainsi qu'elle a d\u00e9cid\u00e9 de participer \u00e0 Missives, heureuse de partager son enthousiasme pour les autrices qui la font vibrer, aimer, r\u00e9fl\u00e9chir et lutter.\",\"url\":\"http:\/\/www.lesmissives.fr\/index.php\/author\/luciegiovanetti\/\"}]}<\/script>\n<!-- \/ Yoast SEO plugin. -->","yoast_head_json":{"title":"La Petite derni\u00e8re de Fatima Daas : Je est une autre - Missives","robots":{"index":"index","follow":"follow","max-snippet":"max-snippet:-1","max-image-preview":"max-image-preview:large","max-video-preview":"max-video-preview:-1"},"canonical":"https:\/\/www.lesmissives.fr\/index.php\/2020\/09\/09\/la-petite-derniere-de-fatima-daas-je-est-une-autre\/","og_locale":"fr_FR","og_type":"article","og_title":"La Petite derni\u00e8re de Fatima Daas : Je est une autre - Missives","og_description":"Fatima Daas signe son premier roman et fait avec\u00a0La Petite derni\u00e8re\u00a0une entr\u00e9e fracassante dans la vie litt\u00e9raire. Adoub\u00e9e par Virginie Despentes, la jeune autrice nous livre une autofiction travers\u00e9e par l&rsquo;amour, le d\u00e9sir et la foi. Travers\u00e9e aussi par les doutes et la difficult\u00e9 \u00e0 concilier les identit\u00e9s multiples et les injonctions contradictoires. Banlieusarde et [&hellip;]","og_url":"https:\/\/www.lesmissives.fr\/index.php\/2020\/09\/09\/la-petite-derniere-de-fatima-daas-je-est-une-autre\/","og_site_name":"Missives","article_publisher":"https:\/\/www.facebook.com\/LesMissives\/","article_published_time":"2020-09-09T08:32:12+00:00","article_modified_time":"2020-09-09T08:32:13+00:00","og_image":[{"width":820,"height":428,"url":"https:\/\/www.lesmissives.fr\/wp-content\/uploads\/2020\/09\/fatimadaas.jpg","type":"image\/jpeg"}],"author":"Lucie Giovanetti","twitter_card":"summary_large_image","twitter_misc":{"\u00c9crit par":"Lucie Giovanetti","Dur\u00e9e de lecture estim\u00e9e":"3 minutes"},"schema":{"@context":"https:\/\/schema.org","@graph":[{"@type":"Article","@id":"https:\/\/www.lesmissives.fr\/index.php\/2020\/09\/09\/la-petite-derniere-de-fatima-daas-je-est-une-autre\/#article","isPartOf":{"@id":"https:\/\/www.lesmissives.fr\/index.php\/2020\/09\/09\/la-petite-derniere-de-fatima-daas-je-est-une-autre\/"},"author":{"name":"Lucie Giovanetti","@id":"http:\/\/www.lesmissives.fr\/#\/schema\/person\/afc125ef96027c9234aed8b8332e8f30"},"headline":"La Petite derni\u00e8re de Fatima Daas : Je est une autre","datePublished":"2020-09-09T08:32:12+00:00","dateModified":"2020-09-09T08:32:13+00:00","mainEntityOfPage":{"@id":"https:\/\/www.lesmissives.fr\/index.php\/2020\/09\/09\/la-petite-derniere-de-fatima-daas-je-est-une-autre\/"},"wordCount":606,"publisher":{"@id":"http:\/\/www.lesmissives.fr\/#organization"},"image":{"@id":"https:\/\/www.lesmissives.fr\/index.php\/2020\/09\/09\/la-petite-derniere-de-fatima-daas-je-est-une-autre\/#primaryimage"},"thumbnailUrl":"http:\/\/www.lesmissives.fr\/wp-content\/uploads\/2020\/09\/la-petite-derniere.jpg","articleSection":["Fiction"],"inLanguage":"fr-FR"},{"@type":"WebPage","@id":"https:\/\/www.lesmissives.fr\/index.php\/2020\/09\/09\/la-petite-derniere-de-fatima-daas-je-est-une-autre\/","url":"https:\/\/www.lesmissives.fr\/index.php\/2020\/09\/09\/la-petite-derniere-de-fatima-daas-je-est-une-autre\/","name":"La Petite derni\u00e8re de Fatima Daas : Je est une autre - Missives","isPartOf":{"@id":"http:\/\/www.lesmissives.fr\/#website"},"primaryImageOfPage":{"@id":"https:\/\/www.lesmissives.fr\/index.php\/2020\/09\/09\/la-petite-derniere-de-fatima-daas-je-est-une-autre\/#primaryimage"},"image":{"@id":"https:\/\/www.lesmissives.fr\/index.php\/2020\/09\/09\/la-petite-derniere-de-fatima-daas-je-est-une-autre\/#primaryimage"},"thumbnailUrl":"http:\/\/www.lesmissives.fr\/wp-content\/uploads\/2020\/09\/la-petite-derniere.jpg","datePublished":"2020-09-09T08:32:12+00:00","dateModified":"2020-09-09T08:32:13+00:00","breadcrumb":{"@id":"https:\/\/www.lesmissives.fr\/index.php\/2020\/09\/09\/la-petite-derniere-de-fatima-daas-je-est-une-autre\/#breadcrumb"},"inLanguage":"fr-FR","potentialAction":[{"@type":"ReadAction","target":["https:\/\/www.lesmissives.fr\/index.php\/2020\/09\/09\/la-petite-derniere-de-fatima-daas-je-est-une-autre\/"]}]},{"@type":"ImageObject","inLanguage":"fr-FR","@id":"https:\/\/www.lesmissives.fr\/index.php\/2020\/09\/09\/la-petite-derniere-de-fatima-daas-je-est-une-autre\/#primaryimage","url":"http:\/\/www.lesmissives.fr\/wp-content\/uploads\/2020\/09\/la-petite-derniere.jpg","contentUrl":"http:\/\/www.lesmissives.fr\/wp-content\/uploads\/2020\/09\/la-petite-derniere.jpg","width":400,"height":625},{"@type":"BreadcrumbList","@id":"https:\/\/www.lesmissives.fr\/index.php\/2020\/09\/09\/la-petite-derniere-de-fatima-daas-je-est-une-autre\/#breadcrumb","itemListElement":[{"@type":"ListItem","position":1,"name":"Accueil","item":"http:\/\/www.lesmissives.fr\/"},{"@type":"ListItem","position":2,"name":"La Petite derni\u00e8re de Fatima Daas : Je est une autre"}]},{"@type":"WebSite","@id":"http:\/\/www.lesmissives.fr\/#website","url":"http:\/\/www.lesmissives.fr\/","name":"Missives","description":"Des livres os\u00e9s et f\u00e9ministes, au sens large","publisher":{"@id":"http:\/\/www.lesmissives.fr\/#organization"},"potentialAction":[{"@type":"SearchAction","target":{"@type":"EntryPoint","urlTemplate":"http:\/\/www.lesmissives.fr\/?s={search_term_string}"},"query-input":{"@type":"PropertyValueSpecification","valueRequired":true,"valueName":"search_term_string"}}],"inLanguage":"fr-FR"},{"@type":"Organization","@id":"http:\/\/www.lesmissives.fr\/#organization","name":"les missives","url":"http:\/\/www.lesmissives.fr\/","logo":{"@type":"ImageObject","inLanguage":"fr-FR","@id":"http:\/\/www.lesmissives.fr\/#\/schema\/logo\/image\/","url":"http:\/\/www.lesmissives.fr\/wp-content\/uploads\/2025\/09\/cropped-LOGO-MISSIVES-ROUGE-COMPLET2-scaled-1.jpg","contentUrl":"http:\/\/www.lesmissives.fr\/wp-content\/uploads\/2025\/09\/cropped-LOGO-MISSIVES-ROUGE-COMPLET2-scaled-1.jpg","width":1130,"height":800,"caption":"les missives"},"image":{"@id":"http:\/\/www.lesmissives.fr\/#\/schema\/logo\/image\/"},"sameAs":["https:\/\/www.facebook.com\/LesMissives\/"]},{"@type":"Person","@id":"http:\/\/www.lesmissives.fr\/#\/schema\/person\/afc125ef96027c9234aed8b8332e8f30","name":"Lucie Giovanetti","image":{"@type":"ImageObject","inLanguage":"fr-FR","@id":"http:\/\/www.lesmissives.fr\/#\/schema\/person\/image\/","url":"http:\/\/1.gravatar.com\/avatar\/483cebe23137b99d0d1010e645c47b4b?s=96&d=mm&r=g","contentUrl":"http:\/\/1.gravatar.com\/avatar\/483cebe23137b99d0d1010e645c47b4b?s=96&d=mm&r=g","caption":"Lucie Giovanetti"},"description":"Apr\u00e8s s'\u00eatre aper\u00e7ue qu'en 116 ans d'existence le Goncourt avait \u00e9t\u00e9 attribu\u00e9 \u00e0 12 femmes et 104 hommes, elle s'est dit que certes, une chambre \u00e0 soi et un peu d'argent de c\u00f4t\u00e9 \u00e7a pouvait aider \u00e0 \u00e9crire des livres \u2013 et que les femmes manquaient souvent des deux \u2013 mais qu'il y avait quand m\u00eame, peut-\u00eatre, un petit probl\u00e8me de repr\u00e9sentation dans les m\u00e9dias. C'est ainsi qu'elle a d\u00e9cid\u00e9 de participer \u00e0 Missives, heureuse de partager son enthousiasme pour les autrices qui la font vibrer, aimer, r\u00e9fl\u00e9chir et lutter.","url":"http:\/\/www.lesmissives.fr\/index.php\/author\/luciegiovanetti\/"}]}},"_links":{"self":[{"href":"http:\/\/www.lesmissives.fr\/index.php\/wp-json\/wp\/v2\/posts\/3035"}],"collection":[{"href":"http:\/\/www.lesmissives.fr\/index.php\/wp-json\/wp\/v2\/posts"}],"about":[{"href":"http:\/\/www.lesmissives.fr\/index.php\/wp-json\/wp\/v2\/types\/post"}],"author":[{"embeddable":true,"href":"http:\/\/www.lesmissives.fr\/index.php\/wp-json\/wp\/v2\/users\/41"}],"replies":[{"embeddable":true,"href":"http:\/\/www.lesmissives.fr\/index.php\/wp-json\/wp\/v2\/comments?post=3035"}],"version-history":[{"count":4,"href":"http:\/\/www.lesmissives.fr\/index.php\/wp-json\/wp\/v2\/posts\/3035\/revisions"}],"predecessor-version":[{"id":3047,"href":"http:\/\/www.lesmissives.fr\/index.php\/wp-json\/wp\/v2\/posts\/3035\/revisions\/3047"}],"wp:featuredmedia":[{"embeddable":true,"href":"http:\/\/www.lesmissives.fr\/index.php\/wp-json\/wp\/v2\/media\/3046"}],"wp:attachment":[{"href":"http:\/\/www.lesmissives.fr\/index.php\/wp-json\/wp\/v2\/media?parent=3035"}],"wp:term":[{"taxonomy":"category","embeddable":true,"href":"http:\/\/www.lesmissives.fr\/index.php\/wp-json\/wp\/v2\/categories?post=3035"},{"taxonomy":"post_tag","embeddable":true,"href":"http:\/\/www.lesmissives.fr\/index.php\/wp-json\/wp\/v2\/tags?post=3035"}],"curies":[{"name":"wp","href":"https:\/\/api.w.org\/{rel}","templated":true}]}}