{"id":1870,"date":"2019-11-17T14:21:09","date_gmt":"2019-11-17T13:21:09","guid":{"rendered":"http:\/\/www.lesmissives.fr\/?p=1870"},"modified":"2019-11-26T10:24:12","modified_gmt":"2019-11-26T09:24:12","slug":"ecchymose-une-confession-qui-devient-echange-sur-les-violences-conjugales","status":"publish","type":"post","link":"http:\/\/www.lesmissives.fr\/index.php\/2019\/11\/17\/ecchymose-une-confession-qui-devient-echange-sur-les-violences-conjugales\/","title":{"rendered":"Ecchymose, une confession se transformant en \u00e9change sur les violences conjugales"},"content":{"rendered":"\n<figure class=\"wp-block-image\"><img loading=\"lazy\" decoding=\"async\" width=\"379\" height=\"500\" src=\"http:\/\/www.lesmissives.fr\/wp-content\/uploads\/2019\/11\/ecchy.jpg\" alt=\"\" class=\"wp-image-2026\" srcset=\"http:\/\/www.lesmissives.fr\/wp-content\/uploads\/2019\/11\/ecchy.jpg 379w, http:\/\/www.lesmissives.fr\/wp-content\/uploads\/2019\/11\/ecchy-227x300.jpg 227w\" sizes=\"(max-width: 379px) 100vw, 379px\" \/><\/figure>\n\n\n\n<p style=\"text-align:center\"><em>\u00ab\u00a0J\u2019ai envie de me tenir droite devant les faits. J\u2019ai besoin de leur donner une existence ext\u00e9rieure \u00e0 celle de ma m\u00e9moire. Il faut que mon histoire ait un espace \u00e0 elle, que je la sorte de ma t\u00eate. Les faits remontent \u00e0 quinze, peut-\u00eatre m\u00eame vingt ans, je ne sais pas compter, mais c\u2019est comme s\u2019ils \u00e9taient inscrits en moi au pr\u00e9sent pour toujours.<br> Je voudrais que \u00e7a s\u2019arr\u00eate.&nbsp;<br> Et puis, oui, il y a de la honte, mais je ne veux pas rougir, alors on changera peut-\u00eatre les pr\u00e9noms, les adresses, les m\u00e9tiers, je ne sais pas si on l\u2019\u00e9crira \u00e0 elle ou \u00e0 je, mais on ne cachera rien<\/em><strong><em>.\u00a0\u00bb<\/em><\/strong><\/p>\n\n\n\n<p><em>Ecchymose<\/em>, c\u2019est une histoire de femmes.<\/p>\n\n\n\n<p>Jeanne Bellisten, 40 ans, fait appel \u00e0 Laura Delime, la trentaine, \u00e9crivaine publique. Jeanne souhaite que Laura r\u00e9dige un texte sur une p\u00e9riode bien pr\u00e9cise de sa vie. <br>Une histoire d\u2019amour. Un homme plus \u00e2g\u00e9. Un professeur. Une passion qui vire \u00e0 la violence. Les coups. Le viol.<br>Trois ans et demi d\u2019une relation \u00e0 d\u00e9livrer et \u00e0 mettre sur le papier.<\/p>\n\n\n\n<p style=\"text-align:center\"><strong><em>\u00ab<\/em><\/strong><em>&nbsp;[\u2026] c\u2019est une partie de ma vie, une partie seulement<br> que je ne veux pas oublier.&nbsp;<\/em><strong><em>\u00bb <\/em><\/strong><\/p>\n\n\n\n<p>Les deux femmes ne se connaissent pas, s\u2019apprivoisent et se cherchent au fur et \u00e0 mesure des pages. Elles tissent un lien \u00e9minemment fort, empreint de sororit\u00e9, de confiance et de bienveillance, de pudeur aussi.&nbsp;<\/p>\n\n\n\n<p>Il y a une douceur immense entre elles, une \u00e9coute, une compr\u00e9hension de femme \u00e0 femme qui fait du bien. De celles dont on a envie, de celles dont on a besoin, de celles qui soulagent.&nbsp;<\/p>\n\n\n\n<p style=\"text-align:left\">La confession devient \u00e9change et Laura Delime devient tour \u00e0 tour d\u00e9tective priv\u00e9e, psychanalyste, amie, confidente.<\/p>\n\n\n\n<p style=\"text-align:center\"><em>\u00ab&nbsp;Elle l\u2019assied avec elle et ne la l\u00e2che plus. Elle passe sa main dans ses cheveux, la tient par les \u00e9paules, elle est sa m\u00e8re et sa s\u0153ur, elle est une femme qui en tient une autre parce qu\u2019elle a mal. \u00bb <\/em><\/p>\n\n\n\n<p>L\u2019histoire que Jeanne doit raconter est visc\u00e9rale, n\u00e9cessaire. <br>Une relation conjugale violente qu\u2019elle a v\u00e9cue lorsqu\u2019elle avait 22 ans et qui a laiss\u00e9 une marque ind\u00e9l\u00e9bile, un temps sur son corps, \u00e0 tout jamais dans sa t\u00eate, le bleu de la chair a besoin de se m\u00e9tamorphoser dans le bleu de l\u2019encre. Pour Jeanne, <em>\u00ab&nbsp;Les cicatrices, c\u2019est la m\u00e9moire qui ne s\u2019arr\u00eate pas&nbsp;\u00bb.<\/em><br> <br>Cette m\u00e9moire, il faut la dire, la livrer avec les souvenirs et les mots, malgr\u00e9 la douleur qui remonte, malgr\u00e9 le dur travail de transformation de la laideur en beaut\u00e9, t\u00e9moigner avant tout pour soi mais surtout pour laisser une trace. Un \u00e9crit contre la banalisation, contre le silence surtout.<br> <br>Une histoire qui ne peut que nous renvoyer \u00e0 la n\u00f4tre, en tant que femme et en tant qu\u2019\u00eatre humain. Le roman nous accompagne, comme le ferait une amie, dans nos propres histoires d\u2019amour pass\u00e9es et \u00e0 venir. Au-del\u00e0 du r\u00e9cit de la vie de Jeanne et de la rencontre entre Jeanne et Laura se brode une histoire, o\u00f9 le pass\u00e9 de Jeanne ricoche dans le pr\u00e9sent de Laura.<\/p>\n\n\n\n<p>\u00c9crire ce livre est un acte de libert\u00e9, pour Jeanne, pour Laura, comme on peut se l\u2019imaginer pour l\u2019autrice aussi, Anne Monteil-Bauer. Le lire en est un aussi. Un roman dont certaines pages sont \u00e9prouvantes \u00e0 lire mais n\u00e9cessaires, afin d\u2019honorer le travail de r\u00e9silience qui s\u2019op\u00e8re, de d\u00e9lier les paroles sur des sujets encore trop tabous dans notre soci\u00e9t\u00e9 et concernant beaucoup femmes, \u00e0 savoir les violences que les hommes leur font subir chaque jour. <\/p>\n\n\n\n<p>Un roman qui n\u2019est pas noir mais au contraire bien lumineux et \u00e9minemment tourn\u00e9 vers l\u2019avant avec cette phrase qui revient<em> \u00ab&nbsp;Attends, attends, ma ch\u00e9rie, la vie est longue, les choses se r\u00e9solvent dans la patience, tu verras, la vie fait des cadeaux&nbsp;\u00bb, <\/em>et c\u2019est ce qu\u2019on retient.<\/p>\n\n\n\n<h2 class=\"wp-block-heading\"><strong>Un style, une auto-fiction&nbsp;<\/strong><\/h2>\n\n\n\n<p>Exercice difficile que d\u2019\u00e9crire ce r\u00e9cit empreint d\u2019une v\u00e9rit\u00e9 autobiographique tout en le distan\u00e7ant de soi. De surcro\u00eet au d\u00e9but des ann\u00e9es 2000 o\u00f9 la grande mode dans la litt\u00e9rature est \u00e0 l\u2019auto-fiction. Mais, ici, il s&rsquo;agit bien d&rsquo;un roman.&nbsp;<\/p>\n\n\n\n<p>L\u2019autrice prend sa plume pour nous offrir un r\u00e9el exercice de litt\u00e9rature, 207 pages qui se lisent si simplement, m\u00eame si le contenu est parfois dense. On respire aussi \u00e0 l\u2019int\u00e9rieur de ce r\u00e9cit qui prend aux tripes \u2013 avec un nom qui ne reste jamais le m\u00eame, celui de l\u2019homme qui bat, qui viole, appel\u00e9 tour \u00e0 tour Matt, Zack, Murray, R\u00e9ginald.<br> <br>Il y a l\u2019\u00e9change entre ces deux femmes, et la <em>transformation<\/em> \u2013 encore une fois \u2013 de cet \u00e9change en un roman qu\u2019\u00e9crit Laura. Roman dans le roman. Manifeste de l\u2019autrice sur comment prendre la parole \u00e0 la premi\u00e8re personne, car parfois il n\u2019y a pas d\u2019autre choix, sans se rouler dans une auto-fiction ou une \u00e9criture \u00ab\u00a0\u00e9gocentr\u00e9e\u00a0\u00bb qui d\u00e9calerait le propos et sa force.<\/p>\n\n\n\n<p>D\u2019ailleurs le personnage principal du roman n\u2019est pas la victime des violences conjugales, mais bel et bien Laura, celle qui \u00e9coute et qui \u00e9crit, l\u2019autrice. Le roman est centr\u00e9 sur ce que les mots de Jeanne bousculent \u00e0 l\u2019int\u00e9rieur de Laura.<\/p>\n\n\n\n<h3 class=\"wp-block-heading\"><strong>Une r\u00e9flexion sur ce que c\u2019est qu\u2019aimer<\/strong><\/h3>\n\n\n\n<p><strong><em>\u00ab&nbsp;<\/em><\/strong><em>J\u2019ai fait cette chose,&nbsp;<\/em><\/p>\n\n\n\n<p><em>Me livrer corps et \u00e2me&nbsp;!<br> Je d\u00e9teste cette expression&nbsp;! Les flots de romantisme absolu, de soumission qu\u2019elle trimballe&nbsp;! Le sournois \u00e9loge du sacrifice de soi d\u00e9vers\u00e9 dans la t\u00eate des petites filles pour qu\u2019elles fassent leurs premiers pas avec cette id\u00e9e dans la t\u00eate, qu\u2019elles se livreront tout enti\u00e8res et qu\u2019hors de cette offrande, il n\u2019y a pas d\u2019amour v\u00e9ritable&nbsp;! Alors que c\u2019est le contraire. Lorsqu\u2019on se livre corps et \u00e2me, il y a p\u00e9ril en la demeure&nbsp;!<\/em><strong><em>&nbsp;\u00bb <\/em><\/strong><\/p>\n\n\n\n<p>C\u2019est un passage \u2013 parmi tant d\u2019autres \u2013 tr\u00e8s marquant. Qui n\u2019a jamais consomm\u00e9, lorsqu\u2019elle \u00e9tait petite fille, de livres en tout genre parlant d\u2019amour en des termes \u00e9chauff\u00e9s tels que \u00ab&nbsp;passionn\u00e9ment&nbsp;\u00bb, \u00ab&nbsp;\u00e0 la folie&nbsp;\u00bb, \u00ab l\u2019amour fou&nbsp;\u00bb, etc.&nbsp;? Termes qui, d\u00e8s l\u2019enfance, induisent une certaine id\u00e9e de l\u2019amour sacrificiel (le plus souvent de la femme envers l\u2019homme, admettons-le). Ici, on se rend compte que ce \u00ab&nbsp;moule social&nbsp;\u00bb ancr\u00e9 en nous depuis l\u2019enfance, peut parfois amener jusqu\u2019\u00e0 une attente surdimensionn\u00e9e par rapport \u00e0 l\u2019autre et \u00e0 une mauvaise estime de soi. (Et plus on essaye de rentrer dans un moule, plus on ressemble \u00e0 une tarte comme disait ma tant aim\u00e9e grand-m\u00e8re). Une r\u00e9flexion sur l\u2019amour, ce que c\u2019est que d\u2019aimer et de cr\u00e9er une relation \u00e0 deux, dans l\u2019\u00e9quilibre et le respect de l\u2019autre, de chacun\u00b7e.<\/p>\n\n\n\n<p>Une autre sc\u00e8ne du roman qui retient notre attention nous donne \u00e0 voir Blanche, une amie de Laura, toutes deux d\u00e9battant autour de la n\u00e9cessit\u00e9 d\u2019\u00eatre m\u00e8re ou non. R\u00e9flexion aussi peu lue que plaisante \u00e0 lire dans la litt\u00e9rature, et qui souffle comme un \u00e9ni\u00e8me vent frais entre les lignes \u00e9crites par cette autrice, l\u00e0 o\u00f9 certains regards p\u00e8sent encore lourd. <\/p>\n\n\n\n<p><em>\u00ab&nbsp;[\u2026] c\u2019est pratique pour la reproduction de l\u2019esp\u00e8ce et l\u2019organisation de la soci\u00e9t\u00e9&nbsp;! [\u2026] Au contraire, je cherche une relation qui ne soit qu\u2019amour, pas pratique, pas sociale, pas fertile, juste amour.&nbsp;[\u2026]<\/em><\/p>\n\n\n\n<p><em>Je n\u2019ai pas envie de dispara\u00eetre derri\u00e8re la fonction. J\u2019essaie d\u2019\u00eatre une femme, c\u2019est d\u00e9j\u00e0 assez compliqu\u00e9 comme \u00e7a. \u00catre m\u00e8re, \u00e7a fausserait tout. \u00bb<\/em><\/p>\n\n\n\n<p>Anne Monteil-Bauer, 57 ans, \u00e9crit ce texte il y a maintenant pr\u00e8s de 10 ans et pourtant, au sortir de #MeeToo et de la r\u00e9volution f\u00e9ministe de notre si\u00e8cle, ce roman est d\u2019une actualit\u00e9 gla\u00e7ante sur la lib\u00e9ration de la parole et l\u2019\u00e9mancipation des femmes de la domination masculine.<br>Apr\u00e8s un parcours dans l&rsquo;univers th\u00e9\u00e2tral, Anne d\u00e9cide de se d\u00e9dier \u00e0 l\u2019\u00e9criture, avec mille et un projets en t\u00eate. Seulement voil\u00e0, Marie Trintignant d\u00e9c\u00e8de le 1<sup>er<\/sup> ao\u00fbt 2003 et fait ressurgir une partie de son histoire, \u00e0 elle. C\u2019est le d\u00e9but d\u2019<em>Ecchymose<\/em>.<\/p>\n\n\n\n<p>Aujourd\u2019hui, Anne continue le voyage qu\u2019est celui de la m\u00e9moire avec la cr\u00e9ation d\u2019une association&nbsp;; Si\/si, Les Femmes Existent, <a href=\"http:\/\/www.sisilesfemmes.fr\">www.sisilesfemmes.fr<\/a> dont le but est de&nbsp;faire sortir&nbsp;des oubliettes de l&rsquo;histoire&nbsp;une s\u00e9rie de&nbsp;femmes remarquables. Une d\u00e9marche n\u00e9e de la lassitude d&rsquo;entendre dire que s&rsquo;il n&rsquo;y a pas de femmes dans les livres d&rsquo;histoire, les manuels scolaires, les maisons d&rsquo;\u00e9dition, mus\u00e9es, saisons th\u00e9\u00e2trales et autres diffuseur.se.s de&nbsp;culture, c&rsquo;est parce qu&rsquo;il n&rsquo;y en a pas.<br>Anne Monteil-Bauer est \u00e9galement l\u2019autrice de <em>Alfred Dreyfus, un homme court dans la nuit <\/em>\u00e9dit\u00e9 aux Editions Un Plus d\u2019Un Titre.<\/p>\n\n\n\n<p>Anne Monteil-Bauer parlait de ses \u0153uvres dont <em>Ecchymose<\/em> dans l\u2019\u00e9mission de litt\u00e9rature f\u00e9ministe <em><a rel=\"noreferrer noopener\" aria-label=\"Dans Tes Oreilles sur Radio Canut 102.2 (s\u2019ouvre dans un nouvel onglet)\" href=\"https:\/\/blogs.radiocanut.org\/danstesoreilles\/2018\/05\/07\/monteil-bauer-dans-tes-oreilles-7-mai-2018\/\" target=\"_blank\">Dans Tes Oreilles<\/a><\/em><a rel=\"noreferrer noopener\" aria-label=\"Dans Tes Oreilles sur Radio Canut 102.2 (s\u2019ouvre dans un nouvel onglet)\" href=\"https:\/\/blogs.radiocanut.org\/danstesoreilles\/2018\/05\/07\/monteil-bauer-dans-tes-oreilles-7-mai-2018\/\" target=\"_blank\"> sur Radio Canut 102.2<\/a> radio Lyonnaise, en mai 2018<a href=\"https:\/\/blogs.radiocanut.org\/danstesoreilles\/2018\/05\/07\/monteil-bauer-dans-tes-oreilles-7-mai-2018\/\">.<\/a><\/p>\n\n\n\n<p style=\"text-align:center\"><strong>Quelques citations<\/strong><em> : \u00ab&nbsp;J\u2019ai racont\u00e9 quelques fois mon histoire, presque \u00e0 chaque fois, j\u2019ai senti une plainte, de la piti\u00e9. La plupart des gens se demandent comment \u00e7a a pu m\u2019arriver, pas si \u00e7a pourrait leur arriver. Pourtant, je sais que, dans mon histoire, il y a quelque chose qui regarde tout le monde.&nbsp;\u00bb<\/em><\/p>\n\n\n\n<p style=\"text-align:center\"><em>\u00ab&nbsp;Il \u00e9tait normalien, docteur, agr\u00e9g\u00e9, il donnait des cours de tout, partout. J\u2019admirais son intelligence, sa force de travail, sa culture. Il me semblait qu\u2019\u00eatre choisie par lui me vengeait de tous les doutes dont j\u2019avais \u00e9t\u00e9 l\u2019objet.&nbsp;\u00bb<\/em><\/p>\n\n\n\n<p style=\"text-align:center\"><em>\u00ab&nbsp;Ce corps qu\u2019il faudra convaincre avant chaque \u00e9treinte que celle-l\u00e0 est consentie, ce corps qu\u2019il faudra convaincre \u00e0 chaque fois qu\u2019il a le droit de vouloir. A chaque fois.<br>Ce corps ha\u00ef, horrifiant, honni dans les miroirs,<br> <br> \u00ab&nbsp;Depuis quinze ans, je suis r\u00e9veill\u00e9e la nuit par les m\u00eames cauchemars. Je me suis dit qu\u2019il fallait que \u00e7a s\u2019arr\u00eate, qu\u2019il fallait tout d\u00e9poser sur une feuille. Je ne connais pas d\u2019autres endroits o\u00f9 d\u00e9poser ce qu\u2019on a dans la t\u00eate.&nbsp;\u00bb <\/em><\/p>\n\n\n\n<p style=\"text-align:center\"><em>\u00ab L\u2019amour est l\u2019envers de la possession.&nbsp;\u00bb <\/em><\/p>\n\n\n\n<p><strong><em>Ce livre a \u00e9t\u00e9 publi\u00e9 en 2010 aux \u00e9ditions \u00c0 plus d\u2019un titre.<\/em><\/strong><\/p>\n","protected":false},"excerpt":{"rendered":"<p>\u00ab\u00a0J\u2019ai envie de me tenir droite devant les faits. J\u2019ai besoin de leur donner une existence ext\u00e9rieure \u00e0 celle de ma m\u00e9moire. Il faut que mon histoire ait un espace \u00e0 elle, que je la sorte de ma t\u00eate. Les faits remontent \u00e0 quinze, peut-\u00eatre m\u00eame vingt ans, je ne sais pas compter, mais c\u2019est [&hellip;]<\/p>\n","protected":false},"author":22,"featured_media":2026,"comment_status":"closed","ping_status":"open","sticky":false,"template":"","format":"standard","meta":{"footnotes":""},"categories":[8],"tags":[],"class_list":["post-1870","post","type-post","status-publish","format-standard","has-post-thumbnail","hentry","category-girl-power-fiction","has-thumbnail"],"yoast_head":"<!-- This site is optimized with the Yoast SEO plugin v23.5 - https:\/\/yoast.com\/wordpress\/plugins\/seo\/ -->\n<title>Ecchymose, une confession se transformant en \u00e9change sur les violences conjugales - Missives<\/title>\n<meta name=\"robots\" content=\"index, follow, max-snippet:-1, max-image-preview:large, max-video-preview:-1\" \/>\n<link rel=\"canonical\" href=\"http:\/\/www.lesmissives.fr\/index.php\/2019\/11\/17\/ecchymose-une-confession-qui-devient-echange-sur-les-violences-conjugales\/\" \/>\n<meta property=\"og:locale\" content=\"fr_FR\" \/>\n<meta property=\"og:type\" content=\"article\" \/>\n<meta property=\"og:title\" content=\"Ecchymose, une confession se transformant en \u00e9change sur les violences conjugales - Missives\" \/>\n<meta property=\"og:description\" content=\"\u00ab\u00a0J\u2019ai envie de me tenir droite devant les faits. J\u2019ai besoin de leur donner une existence ext\u00e9rieure \u00e0 celle de ma m\u00e9moire. Il faut que mon histoire ait un espace \u00e0 elle, que je la sorte de ma t\u00eate. Les faits remontent \u00e0 quinze, peut-\u00eatre m\u00eame vingt ans, je ne sais pas compter, mais c\u2019est [&hellip;]\" \/>\n<meta property=\"og:url\" content=\"http:\/\/www.lesmissives.fr\/index.php\/2019\/11\/17\/ecchymose-une-confession-qui-devient-echange-sur-les-violences-conjugales\/\" \/>\n<meta property=\"og:site_name\" content=\"Missives\" \/>\n<meta property=\"article:publisher\" content=\"https:\/\/www.facebook.com\/LesMissives\/\" \/>\n<meta property=\"article:published_time\" content=\"2019-11-17T13:21:09+00:00\" \/>\n<meta property=\"article:modified_time\" content=\"2019-11-26T09:24:12+00:00\" \/>\n<meta property=\"og:image\" content=\"http:\/\/www.lesmissives.fr\/wp-content\/uploads\/2019\/11\/LeilaSlimani-copie.jpg\" \/>\n\t<meta property=\"og:image:width\" content=\"818\" \/>\n\t<meta property=\"og:image:height\" content=\"431\" \/>\n\t<meta property=\"og:image:type\" content=\"image\/jpeg\" \/>\n<meta name=\"author\" content=\"Marion Feug\u00e8re\" \/>\n<meta name=\"twitter:card\" content=\"summary_large_image\" \/>\n<meta name=\"twitter:label1\" content=\"\u00c9crit par\" \/>\n\t<meta name=\"twitter:data1\" content=\"Marion Feug\u00e8re\" \/>\n\t<meta name=\"twitter:label2\" content=\"Dur\u00e9e de lecture estim\u00e9e\" \/>\n\t<meta name=\"twitter:data2\" content=\"9 minutes\" \/>\n<script type=\"application\/ld+json\" class=\"yoast-schema-graph\">{\"@context\":\"https:\/\/schema.org\",\"@graph\":[{\"@type\":\"Article\",\"@id\":\"http:\/\/www.lesmissives.fr\/index.php\/2019\/11\/17\/ecchymose-une-confession-qui-devient-echange-sur-les-violences-conjugales\/#article\",\"isPartOf\":{\"@id\":\"http:\/\/www.lesmissives.fr\/index.php\/2019\/11\/17\/ecchymose-une-confession-qui-devient-echange-sur-les-violences-conjugales\/\"},\"author\":{\"name\":\"Marion Feug\u00e8re\",\"@id\":\"http:\/\/www.lesmissives.fr\/#\/schema\/person\/015f940034d83afe614e5a2e57b9883c\"},\"headline\":\"Ecchymose, une confession se transformant en \u00e9change sur les violences conjugales\",\"datePublished\":\"2019-11-17T13:21:09+00:00\",\"dateModified\":\"2019-11-26T09:24:12+00:00\",\"mainEntityOfPage\":{\"@id\":\"http:\/\/www.lesmissives.fr\/index.php\/2019\/11\/17\/ecchymose-une-confession-qui-devient-echange-sur-les-violences-conjugales\/\"},\"wordCount\":1834,\"publisher\":{\"@id\":\"http:\/\/www.lesmissives.fr\/#organization\"},\"image\":{\"@id\":\"http:\/\/www.lesmissives.fr\/index.php\/2019\/11\/17\/ecchymose-une-confession-qui-devient-echange-sur-les-violences-conjugales\/#primaryimage\"},\"thumbnailUrl\":\"http:\/\/www.lesmissives.fr\/wp-content\/uploads\/2019\/11\/ecchy.jpg\",\"articleSection\":[\"Fiction\"],\"inLanguage\":\"fr-FR\"},{\"@type\":\"WebPage\",\"@id\":\"http:\/\/www.lesmissives.fr\/index.php\/2019\/11\/17\/ecchymose-une-confession-qui-devient-echange-sur-les-violences-conjugales\/\",\"url\":\"http:\/\/www.lesmissives.fr\/index.php\/2019\/11\/17\/ecchymose-une-confession-qui-devient-echange-sur-les-violences-conjugales\/\",\"name\":\"Ecchymose, une confession se transformant en \u00e9change sur les violences conjugales - Missives\",\"isPartOf\":{\"@id\":\"http:\/\/www.lesmissives.fr\/#website\"},\"primaryImageOfPage\":{\"@id\":\"http:\/\/www.lesmissives.fr\/index.php\/2019\/11\/17\/ecchymose-une-confession-qui-devient-echange-sur-les-violences-conjugales\/#primaryimage\"},\"image\":{\"@id\":\"http:\/\/www.lesmissives.fr\/index.php\/2019\/11\/17\/ecchymose-une-confession-qui-devient-echange-sur-les-violences-conjugales\/#primaryimage\"},\"thumbnailUrl\":\"http:\/\/www.lesmissives.fr\/wp-content\/uploads\/2019\/11\/ecchy.jpg\",\"datePublished\":\"2019-11-17T13:21:09+00:00\",\"dateModified\":\"2019-11-26T09:24:12+00:00\",\"breadcrumb\":{\"@id\":\"http:\/\/www.lesmissives.fr\/index.php\/2019\/11\/17\/ecchymose-une-confession-qui-devient-echange-sur-les-violences-conjugales\/#breadcrumb\"},\"inLanguage\":\"fr-FR\",\"potentialAction\":[{\"@type\":\"ReadAction\",\"target\":[\"http:\/\/www.lesmissives.fr\/index.php\/2019\/11\/17\/ecchymose-une-confession-qui-devient-echange-sur-les-violences-conjugales\/\"]}]},{\"@type\":\"ImageObject\",\"inLanguage\":\"fr-FR\",\"@id\":\"http:\/\/www.lesmissives.fr\/index.php\/2019\/11\/17\/ecchymose-une-confession-qui-devient-echange-sur-les-violences-conjugales\/#primaryimage\",\"url\":\"http:\/\/www.lesmissives.fr\/wp-content\/uploads\/2019\/11\/ecchy.jpg\",\"contentUrl\":\"http:\/\/www.lesmissives.fr\/wp-content\/uploads\/2019\/11\/ecchy.jpg\",\"width\":379,\"height\":500},{\"@type\":\"BreadcrumbList\",\"@id\":\"http:\/\/www.lesmissives.fr\/index.php\/2019\/11\/17\/ecchymose-une-confession-qui-devient-echange-sur-les-violences-conjugales\/#breadcrumb\",\"itemListElement\":[{\"@type\":\"ListItem\",\"position\":1,\"name\":\"Accueil\",\"item\":\"http:\/\/www.lesmissives.fr\/\"},{\"@type\":\"ListItem\",\"position\":2,\"name\":\"Ecchymose, une confession se transformant en \u00e9change sur les violences conjugales\"}]},{\"@type\":\"WebSite\",\"@id\":\"http:\/\/www.lesmissives.fr\/#website\",\"url\":\"http:\/\/www.lesmissives.fr\/\",\"name\":\"Missives\",\"description\":\"Des livres os\u00e9s et f\u00e9ministes, au sens large\",\"publisher\":{\"@id\":\"http:\/\/www.lesmissives.fr\/#organization\"},\"potentialAction\":[{\"@type\":\"SearchAction\",\"target\":{\"@type\":\"EntryPoint\",\"urlTemplate\":\"http:\/\/www.lesmissives.fr\/?s={search_term_string}\"},\"query-input\":{\"@type\":\"PropertyValueSpecification\",\"valueRequired\":true,\"valueName\":\"search_term_string\"}}],\"inLanguage\":\"fr-FR\"},{\"@type\":\"Organization\",\"@id\":\"http:\/\/www.lesmissives.fr\/#organization\",\"name\":\"les missives\",\"url\":\"http:\/\/www.lesmissives.fr\/\",\"logo\":{\"@type\":\"ImageObject\",\"inLanguage\":\"fr-FR\",\"@id\":\"http:\/\/www.lesmissives.fr\/#\/schema\/logo\/image\/\",\"url\":\"http:\/\/www.lesmissives.fr\/wp-content\/uploads\/2025\/09\/cropped-LOGO-MISSIVES-ROUGE-COMPLET2-scaled-1.jpg\",\"contentUrl\":\"http:\/\/www.lesmissives.fr\/wp-content\/uploads\/2025\/09\/cropped-LOGO-MISSIVES-ROUGE-COMPLET2-scaled-1.jpg\",\"width\":1130,\"height\":800,\"caption\":\"les missives\"},\"image\":{\"@id\":\"http:\/\/www.lesmissives.fr\/#\/schema\/logo\/image\/\"},\"sameAs\":[\"https:\/\/www.facebook.com\/LesMissives\/\"]},{\"@type\":\"Person\",\"@id\":\"http:\/\/www.lesmissives.fr\/#\/schema\/person\/015f940034d83afe614e5a2e57b9883c\",\"name\":\"Marion Feug\u00e8re\",\"image\":{\"@type\":\"ImageObject\",\"inLanguage\":\"fr-FR\",\"@id\":\"http:\/\/www.lesmissives.fr\/#\/schema\/person\/image\/\",\"url\":\"http:\/\/1.gravatar.com\/avatar\/17f5abcbb6aab077bebade2b9af0dfdd?s=96&d=mm&r=g\",\"contentUrl\":\"http:\/\/1.gravatar.com\/avatar\/17f5abcbb6aab077bebade2b9af0dfdd?s=96&d=mm&r=g\",\"caption\":\"Marion Feug\u00e8re\"},\"description\":\"Apr\u00e8s des \u00e9tudes th\u00e9\u00e2trales et la cr\u00e9ation d\u2019un collectif de th\u00e9\u00e2tre pluridisciplinaire, Marion entame une carri\u00e8re de com\u00e9dienne et de directrice artistique puis d\u00e9cide de se consacrer \u00e0 la radio. En mars 2018, elle cr\u00e9e l\u2019\u00e9mission de radio litt\u00e9raire f\u00e9ministe D.TO. (Dans Tes Oreilles), sur la radio militante Radio Canut 102.2. En 2019, elle r\u00e9alise un stage en cr\u00e9ation et production sonore \u00e0 la librairie f\u00e9ministe et queer L'Eugu\u00e9lionne de Montr\u00e9al (Qu\u00e9bec) puis rejoint l'association Si\/si Les Femmes Existent \u00e0 Lyon pour un service civique centr\u00e9 sur la r\u00e9alisation d'une s\u00e9rie de podcasts natifs sur les femmes r\u00e9sistantes durant la Seconde Guerre mondiale.\",\"url\":\"http:\/\/www.lesmissives.fr\/index.php\/author\/marionfeugere\/\"}]}<\/script>\n<!-- \/ Yoast SEO plugin. -->","yoast_head_json":{"title":"Ecchymose, une confession se transformant en \u00e9change sur les violences conjugales - Missives","robots":{"index":"index","follow":"follow","max-snippet":"max-snippet:-1","max-image-preview":"max-image-preview:large","max-video-preview":"max-video-preview:-1"},"canonical":"http:\/\/www.lesmissives.fr\/index.php\/2019\/11\/17\/ecchymose-une-confession-qui-devient-echange-sur-les-violences-conjugales\/","og_locale":"fr_FR","og_type":"article","og_title":"Ecchymose, une confession se transformant en \u00e9change sur les violences conjugales - Missives","og_description":"\u00ab\u00a0J\u2019ai envie de me tenir droite devant les faits. J\u2019ai besoin de leur donner une existence ext\u00e9rieure \u00e0 celle de ma m\u00e9moire. Il faut que mon histoire ait un espace \u00e0 elle, que je la sorte de ma t\u00eate. Les faits remontent \u00e0 quinze, peut-\u00eatre m\u00eame vingt ans, je ne sais pas compter, mais c\u2019est [&hellip;]","og_url":"http:\/\/www.lesmissives.fr\/index.php\/2019\/11\/17\/ecchymose-une-confession-qui-devient-echange-sur-les-violences-conjugales\/","og_site_name":"Missives","article_publisher":"https:\/\/www.facebook.com\/LesMissives\/","article_published_time":"2019-11-17T13:21:09+00:00","article_modified_time":"2019-11-26T09:24:12+00:00","og_image":[{"width":818,"height":431,"url":"http:\/\/www.lesmissives.fr\/wp-content\/uploads\/2019\/11\/LeilaSlimani-copie.jpg","type":"image\/jpeg"}],"author":"Marion Feug\u00e8re","twitter_card":"summary_large_image","twitter_misc":{"\u00c9crit par":"Marion Feug\u00e8re","Dur\u00e9e de lecture estim\u00e9e":"9 minutes"},"schema":{"@context":"https:\/\/schema.org","@graph":[{"@type":"Article","@id":"http:\/\/www.lesmissives.fr\/index.php\/2019\/11\/17\/ecchymose-une-confession-qui-devient-echange-sur-les-violences-conjugales\/#article","isPartOf":{"@id":"http:\/\/www.lesmissives.fr\/index.php\/2019\/11\/17\/ecchymose-une-confession-qui-devient-echange-sur-les-violences-conjugales\/"},"author":{"name":"Marion Feug\u00e8re","@id":"http:\/\/www.lesmissives.fr\/#\/schema\/person\/015f940034d83afe614e5a2e57b9883c"},"headline":"Ecchymose, une confession se transformant en \u00e9change sur les violences conjugales","datePublished":"2019-11-17T13:21:09+00:00","dateModified":"2019-11-26T09:24:12+00:00","mainEntityOfPage":{"@id":"http:\/\/www.lesmissives.fr\/index.php\/2019\/11\/17\/ecchymose-une-confession-qui-devient-echange-sur-les-violences-conjugales\/"},"wordCount":1834,"publisher":{"@id":"http:\/\/www.lesmissives.fr\/#organization"},"image":{"@id":"http:\/\/www.lesmissives.fr\/index.php\/2019\/11\/17\/ecchymose-une-confession-qui-devient-echange-sur-les-violences-conjugales\/#primaryimage"},"thumbnailUrl":"http:\/\/www.lesmissives.fr\/wp-content\/uploads\/2019\/11\/ecchy.jpg","articleSection":["Fiction"],"inLanguage":"fr-FR"},{"@type":"WebPage","@id":"http:\/\/www.lesmissives.fr\/index.php\/2019\/11\/17\/ecchymose-une-confession-qui-devient-echange-sur-les-violences-conjugales\/","url":"http:\/\/www.lesmissives.fr\/index.php\/2019\/11\/17\/ecchymose-une-confession-qui-devient-echange-sur-les-violences-conjugales\/","name":"Ecchymose, une confession se transformant en \u00e9change sur les violences conjugales - Missives","isPartOf":{"@id":"http:\/\/www.lesmissives.fr\/#website"},"primaryImageOfPage":{"@id":"http:\/\/www.lesmissives.fr\/index.php\/2019\/11\/17\/ecchymose-une-confession-qui-devient-echange-sur-les-violences-conjugales\/#primaryimage"},"image":{"@id":"http:\/\/www.lesmissives.fr\/index.php\/2019\/11\/17\/ecchymose-une-confession-qui-devient-echange-sur-les-violences-conjugales\/#primaryimage"},"thumbnailUrl":"http:\/\/www.lesmissives.fr\/wp-content\/uploads\/2019\/11\/ecchy.jpg","datePublished":"2019-11-17T13:21:09+00:00","dateModified":"2019-11-26T09:24:12+00:00","breadcrumb":{"@id":"http:\/\/www.lesmissives.fr\/index.php\/2019\/11\/17\/ecchymose-une-confession-qui-devient-echange-sur-les-violences-conjugales\/#breadcrumb"},"inLanguage":"fr-FR","potentialAction":[{"@type":"ReadAction","target":["http:\/\/www.lesmissives.fr\/index.php\/2019\/11\/17\/ecchymose-une-confession-qui-devient-echange-sur-les-violences-conjugales\/"]}]},{"@type":"ImageObject","inLanguage":"fr-FR","@id":"http:\/\/www.lesmissives.fr\/index.php\/2019\/11\/17\/ecchymose-une-confession-qui-devient-echange-sur-les-violences-conjugales\/#primaryimage","url":"http:\/\/www.lesmissives.fr\/wp-content\/uploads\/2019\/11\/ecchy.jpg","contentUrl":"http:\/\/www.lesmissives.fr\/wp-content\/uploads\/2019\/11\/ecchy.jpg","width":379,"height":500},{"@type":"BreadcrumbList","@id":"http:\/\/www.lesmissives.fr\/index.php\/2019\/11\/17\/ecchymose-une-confession-qui-devient-echange-sur-les-violences-conjugales\/#breadcrumb","itemListElement":[{"@type":"ListItem","position":1,"name":"Accueil","item":"http:\/\/www.lesmissives.fr\/"},{"@type":"ListItem","position":2,"name":"Ecchymose, une confession se transformant en \u00e9change sur les violences conjugales"}]},{"@type":"WebSite","@id":"http:\/\/www.lesmissives.fr\/#website","url":"http:\/\/www.lesmissives.fr\/","name":"Missives","description":"Des livres os\u00e9s et f\u00e9ministes, au sens large","publisher":{"@id":"http:\/\/www.lesmissives.fr\/#organization"},"potentialAction":[{"@type":"SearchAction","target":{"@type":"EntryPoint","urlTemplate":"http:\/\/www.lesmissives.fr\/?s={search_term_string}"},"query-input":{"@type":"PropertyValueSpecification","valueRequired":true,"valueName":"search_term_string"}}],"inLanguage":"fr-FR"},{"@type":"Organization","@id":"http:\/\/www.lesmissives.fr\/#organization","name":"les missives","url":"http:\/\/www.lesmissives.fr\/","logo":{"@type":"ImageObject","inLanguage":"fr-FR","@id":"http:\/\/www.lesmissives.fr\/#\/schema\/logo\/image\/","url":"http:\/\/www.lesmissives.fr\/wp-content\/uploads\/2025\/09\/cropped-LOGO-MISSIVES-ROUGE-COMPLET2-scaled-1.jpg","contentUrl":"http:\/\/www.lesmissives.fr\/wp-content\/uploads\/2025\/09\/cropped-LOGO-MISSIVES-ROUGE-COMPLET2-scaled-1.jpg","width":1130,"height":800,"caption":"les missives"},"image":{"@id":"http:\/\/www.lesmissives.fr\/#\/schema\/logo\/image\/"},"sameAs":["https:\/\/www.facebook.com\/LesMissives\/"]},{"@type":"Person","@id":"http:\/\/www.lesmissives.fr\/#\/schema\/person\/015f940034d83afe614e5a2e57b9883c","name":"Marion Feug\u00e8re","image":{"@type":"ImageObject","inLanguage":"fr-FR","@id":"http:\/\/www.lesmissives.fr\/#\/schema\/person\/image\/","url":"http:\/\/1.gravatar.com\/avatar\/17f5abcbb6aab077bebade2b9af0dfdd?s=96&d=mm&r=g","contentUrl":"http:\/\/1.gravatar.com\/avatar\/17f5abcbb6aab077bebade2b9af0dfdd?s=96&d=mm&r=g","caption":"Marion Feug\u00e8re"},"description":"Apr\u00e8s des \u00e9tudes th\u00e9\u00e2trales et la cr\u00e9ation d\u2019un collectif de th\u00e9\u00e2tre pluridisciplinaire, Marion entame une carri\u00e8re de com\u00e9dienne et de directrice artistique puis d\u00e9cide de se consacrer \u00e0 la radio. En mars 2018, elle cr\u00e9e l\u2019\u00e9mission de radio litt\u00e9raire f\u00e9ministe D.TO. (Dans Tes Oreilles), sur la radio militante Radio Canut 102.2. En 2019, elle r\u00e9alise un stage en cr\u00e9ation et production sonore \u00e0 la librairie f\u00e9ministe et queer L'Eugu\u00e9lionne de Montr\u00e9al (Qu\u00e9bec) puis rejoint l'association Si\/si Les Femmes Existent \u00e0 Lyon pour un service civique centr\u00e9 sur la r\u00e9alisation d'une s\u00e9rie de podcasts natifs sur les femmes r\u00e9sistantes durant la Seconde Guerre mondiale.","url":"http:\/\/www.lesmissives.fr\/index.php\/author\/marionfeugere\/"}]}},"_links":{"self":[{"href":"http:\/\/www.lesmissives.fr\/index.php\/wp-json\/wp\/v2\/posts\/1870"}],"collection":[{"href":"http:\/\/www.lesmissives.fr\/index.php\/wp-json\/wp\/v2\/posts"}],"about":[{"href":"http:\/\/www.lesmissives.fr\/index.php\/wp-json\/wp\/v2\/types\/post"}],"author":[{"embeddable":true,"href":"http:\/\/www.lesmissives.fr\/index.php\/wp-json\/wp\/v2\/users\/22"}],"replies":[{"embeddable":true,"href":"http:\/\/www.lesmissives.fr\/index.php\/wp-json\/wp\/v2\/comments?post=1870"}],"version-history":[{"count":8,"href":"http:\/\/www.lesmissives.fr\/index.php\/wp-json\/wp\/v2\/posts\/1870\/revisions"}],"predecessor-version":[{"id":2027,"href":"http:\/\/www.lesmissives.fr\/index.php\/wp-json\/wp\/v2\/posts\/1870\/revisions\/2027"}],"wp:featuredmedia":[{"embeddable":true,"href":"http:\/\/www.lesmissives.fr\/index.php\/wp-json\/wp\/v2\/media\/2026"}],"wp:attachment":[{"href":"http:\/\/www.lesmissives.fr\/index.php\/wp-json\/wp\/v2\/media?parent=1870"}],"wp:term":[{"taxonomy":"category","embeddable":true,"href":"http:\/\/www.lesmissives.fr\/index.php\/wp-json\/wp\/v2\/categories?post=1870"},{"taxonomy":"post_tag","embeddable":true,"href":"http:\/\/www.lesmissives.fr\/index.php\/wp-json\/wp\/v2\/tags?post=1870"}],"curies":[{"name":"wp","href":"https:\/\/api.w.org\/{rel}","templated":true}]}}