{"id":1817,"date":"2019-10-02T22:56:41","date_gmt":"2019-10-02T20:56:41","guid":{"rendered":"http:\/\/www.lesmissives.fr\/?p=1817"},"modified":"2019-10-02T22:56:42","modified_gmt":"2019-10-02T20:56:42","slug":"feministheque-venez-feter-le-premier-anniversaire-de-la-bibliotheque-feministe","status":"publish","type":"post","link":"http:\/\/www.lesmissives.fr\/index.php\/2019\/10\/02\/feministheque-venez-feter-le-premier-anniversaire-de-la-bibliotheque-feministe\/","title":{"rendered":"F\u00e9ministh\u00e8que : venez f\u00eater le premier anniversaire de la biblioth\u00e8que f\u00e9ministe"},"content":{"rendered":"\n<figure class=\"wp-block-image\"><img loading=\"lazy\" decoding=\"async\" width=\"1024\" height=\"683\" src=\"http:\/\/www.lesmissives.fr\/wp-content\/uploads\/2019\/10\/Femin1an-1024x683.jpg\" alt=\"\" class=\"wp-image-1832\" srcset=\"http:\/\/www.lesmissives.fr\/wp-content\/uploads\/2019\/10\/Femin1an-1024x683.jpg 1024w, http:\/\/www.lesmissives.fr\/wp-content\/uploads\/2019\/10\/Femin1an-300x200.jpg 300w, http:\/\/www.lesmissives.fr\/wp-content\/uploads\/2019\/10\/Femin1an-768x512.jpg 768w, http:\/\/www.lesmissives.fr\/wp-content\/uploads\/2019\/10\/Femin1an-400x267.jpg 400w, http:\/\/www.lesmissives.fr\/wp-content\/uploads\/2019\/10\/Femin1an-800x533.jpg 800w, http:\/\/www.lesmissives.fr\/wp-content\/uploads\/2019\/10\/Femin1an.jpg 1200w\" sizes=\"(max-width: 1024px) 100vw, 1024px\" \/><\/figure>\n\n\n\n<p>Venez f\u00eater les un an de la F\u00e9ministh\u00e8que, une biblioth\u00e8que f\u00e9ministe accueillante et riche, en plein c\u0153ur de Paris, cr\u00e9\u00e9e par des membres de l&rsquo;association Humans for Women et partenaire de Missives. <\/p>\n\n\n\n<p>Il y a un an, naissait la F\u00e9ministh\u00e8que, ce projet de biblioth\u00e8que f\u00e9ministe participative gratuite et ouverte \u00e0 toutes et \u00e0 tous, qui a pour ambition de rassembler en son sein un large panel de sujets f\u00e9ministes.<\/p>\n\n\n\n<p>Il y a un an naissaient les caf\u00e9-d\u00e9bats, ces moments de partage et de discussion autour de sujets d&rsquo;actualit\u00e9s f\u00e9ministes.<\/p>\n\n\n\n<figure class=\"wp-block-image is-resized\"><img loading=\"lazy\" decoding=\"async\" src=\"http:\/\/www.lesmissives.fr\/wp-content\/uploads\/2019\/10\/Feminst1an.jpg\" alt=\"\" class=\"wp-image-1833\" width=\"513\" height=\"332\" srcset=\"http:\/\/www.lesmissives.fr\/wp-content\/uploads\/2019\/10\/Feminst1an.jpg 443w, http:\/\/www.lesmissives.fr\/wp-content\/uploads\/2019\/10\/Feminst1an-300x194.jpg 300w, http:\/\/www.lesmissives.fr\/wp-content\/uploads\/2019\/10\/Feminst1an-400x259.jpg 400w\" sizes=\"(max-width: 513px) 100vw, 513px\" \/><\/figure>\n\n\n\n<p>Aujourd&rsquo;hui, ce sont pr\u00e8s de 1 000 ouvrages que la biblioth\u00e8que a r\u00e9colt\u00e9, tous ou presque sont des dons de g\u00e9n\u00e9reuses personnes. Chaque jour, cette biblioth\u00e8que grandit un peu plus. Un troisi\u00e8me centre de la biblioth\u00e8que f\u00e9ministe va prochainement ouvrir \u00e0 l&rsquo;universit\u00e9 Paris 1.<\/p>\n\n\n\n<p>Pour remercier les g\u00e9n\u00e9reux lecteurs, les participants, et pour rencontrer tous les lecteurs et les lectrices, la F\u00e9ministh\u00e8que vous invite \u00e0 trinquer autour de la sororit\u00e9, de la solidarit\u00e9, de l&rsquo;amour pour les livres, du collectif et des combats f\u00e9ministes.<\/p>\n\n\n\n<p>Cette soir\u00e9e sera aussi l&rsquo;occasion d&rsquo;assister \u00e0 une performance de la g\u00e9niale <a rel=\"noreferrer noopener\" target=\"_blank\" href=\"https:\/\/www.facebook.com\/typhaine.duch\">Typhaine Dee<\/a>. Bien d&rsquo;autres surprises seront au rendez-vous.<\/p>\n\n\n\n<p>Cet \u00e9v\u00e8nement aura lieu le vendredi 4 octobre \u00e0 partir de 19h \u00e0 la Maison des Initiatives Etudiantes de Bastille, 50 rue des Tournelles \u00e0 Paris. Venez nombreux\u00b7ses !<\/p>\n\n\n\n<figure class=\"wp-block-image\"><img loading=\"lazy\" decoding=\"async\" width=\"565\" height=\"553\" src=\"http:\/\/www.lesmissives.fr\/wp-content\/uploads\/2019\/10\/Feministheque1an.jpg\" alt=\"\" class=\"wp-image-1834\" srcset=\"http:\/\/www.lesmissives.fr\/wp-content\/uploads\/2019\/10\/Feministheque1an.jpg 565w, http:\/\/www.lesmissives.fr\/wp-content\/uploads\/2019\/10\/Feministheque1an-300x294.jpg 300w, http:\/\/www.lesmissives.fr\/wp-content\/uploads\/2019\/10\/Feministheque1an-400x392.jpg 400w\" sizes=\"(max-width: 565px) 100vw, 565px\" \/><\/figure>\n\n\n\n<p><\/p>\n","protected":false},"excerpt":{"rendered":"<p>Venez f\u00eater les un an de la F\u00e9ministh\u00e8que, une biblioth\u00e8que f\u00e9ministe accueillante et riche, en plein c\u0153ur de Paris, cr\u00e9\u00e9e par des membres de l&rsquo;association Humans for Women et partenaire de Missives. Il y a un an, naissait la F\u00e9ministh\u00e8que, ce projet de biblioth\u00e8que f\u00e9ministe participative gratuite et ouverte \u00e0 toutes et \u00e0 tous, qui [&hellip;]<\/p>\n","protected":false},"author":1,"featured_media":1836,"comment_status":"closed","ping_status":"open","sticky":false,"template":"","format":"standard","meta":{"footnotes":""},"categories":[14],"tags":[],"class_list":["post-1817","post","type-post","status-publish","format-standard","has-post-thumbnail","hentry","category-evenements-2","has-thumbnail"],"yoast_head":"<!-- This site is optimized with the Yoast SEO plugin v23.5 - https:\/\/yoast.com\/wordpress\/plugins\/seo\/ -->\n<title>F\u00e9ministh\u00e8que : venez f\u00eater le premier anniversaire de la biblioth\u00e8que f\u00e9ministe - Missives<\/title>\n<meta name=\"robots\" content=\"index, follow, max-snippet:-1, max-image-preview:large, max-video-preview:-1\" \/>\n<link rel=\"canonical\" href=\"https:\/\/www.lesmissives.fr\/index.php\/2019\/10\/02\/feministheque-venez-feter-le-premier-anniversaire-de-la-bibliotheque-feministe\/\" \/>\n<meta property=\"og:locale\" content=\"fr_FR\" \/>\n<meta property=\"og:type\" content=\"article\" \/>\n<meta property=\"og:title\" content=\"F\u00e9ministh\u00e8que : venez f\u00eater le premier anniversaire de la biblioth\u00e8que f\u00e9ministe - Missives\" \/>\n<meta property=\"og:description\" content=\"Venez f\u00eater les un an de la F\u00e9ministh\u00e8que, une biblioth\u00e8que f\u00e9ministe accueillante et riche, en plein c\u0153ur de Paris, cr\u00e9\u00e9e par des membres de l&rsquo;association Humans for Women et partenaire de Missives. Il y a un an, naissait la F\u00e9ministh\u00e8que, ce projet de biblioth\u00e8que f\u00e9ministe participative gratuite et ouverte \u00e0 toutes et \u00e0 tous, qui [&hellip;]\" \/>\n<meta property=\"og:url\" content=\"https:\/\/www.lesmissives.fr\/index.php\/2019\/10\/02\/feministheque-venez-feter-le-premier-anniversaire-de-la-bibliotheque-feministe\/\" \/>\n<meta property=\"og:site_name\" content=\"Missives\" \/>\n<meta property=\"article:publisher\" content=\"https:\/\/www.facebook.com\/LesMissives\/\" \/>\n<meta property=\"article:published_time\" content=\"2019-10-02T20:56:41+00:00\" \/>\n<meta property=\"article:modified_time\" content=\"2019-10-02T20:56:42+00:00\" \/>\n<meta property=\"og:image\" content=\"https:\/\/www.lesmissives.fr\/wp-content\/uploads\/2019\/10\/Feminst1an.jpg\" \/>\n\t<meta property=\"og:image:width\" content=\"443\" \/>\n\t<meta property=\"og:image:height\" content=\"287\" \/>\n\t<meta property=\"og:image:type\" content=\"image\/jpeg\" \/>\n<meta name=\"author\" content=\"Camille Abbey\" \/>\n<meta name=\"twitter:card\" content=\"summary_large_image\" \/>\n<meta name=\"twitter:label1\" content=\"\u00c9crit par\" \/>\n\t<meta name=\"twitter:data1\" content=\"Camille Abbey\" \/>\n\t<meta name=\"twitter:label2\" content=\"Dur\u00e9e de lecture estim\u00e9e\" \/>\n\t<meta name=\"twitter:data2\" content=\"1 minute\" \/>\n<script type=\"application\/ld+json\" class=\"yoast-schema-graph\">{\"@context\":\"https:\/\/schema.org\",\"@graph\":[{\"@type\":\"Article\",\"@id\":\"https:\/\/www.lesmissives.fr\/index.php\/2019\/10\/02\/feministheque-venez-feter-le-premier-anniversaire-de-la-bibliotheque-feministe\/#article\",\"isPartOf\":{\"@id\":\"https:\/\/www.lesmissives.fr\/index.php\/2019\/10\/02\/feministheque-venez-feter-le-premier-anniversaire-de-la-bibliotheque-feministe\/\"},\"author\":{\"name\":\"Camille Abbey\",\"@id\":\"http:\/\/www.lesmissives.fr\/#\/schema\/person\/66913dcc0a662632720a1a241b0c5190\"},\"headline\":\"F\u00e9ministh\u00e8que : venez f\u00eater le premier anniversaire de la biblioth\u00e8que f\u00e9ministe\",\"datePublished\":\"2019-10-02T20:56:41+00:00\",\"dateModified\":\"2019-10-02T20:56:42+00:00\",\"mainEntityOfPage\":{\"@id\":\"https:\/\/www.lesmissives.fr\/index.php\/2019\/10\/02\/feministheque-venez-feter-le-premier-anniversaire-de-la-bibliotheque-feministe\/\"},\"wordCount\":257,\"publisher\":{\"@id\":\"http:\/\/www.lesmissives.fr\/#organization\"},\"image\":{\"@id\":\"https:\/\/www.lesmissives.fr\/index.php\/2019\/10\/02\/feministheque-venez-feter-le-premier-anniversaire-de-la-bibliotheque-feministe\/#primaryimage\"},\"thumbnailUrl\":\"http:\/\/www.lesmissives.fr\/wp-content\/uploads\/2019\/10\/Feminst1an-1.jpg\",\"articleSection\":[\"\u00c9v\u00e8nements\"],\"inLanguage\":\"fr-FR\"},{\"@type\":\"WebPage\",\"@id\":\"https:\/\/www.lesmissives.fr\/index.php\/2019\/10\/02\/feministheque-venez-feter-le-premier-anniversaire-de-la-bibliotheque-feministe\/\",\"url\":\"https:\/\/www.lesmissives.fr\/index.php\/2019\/10\/02\/feministheque-venez-feter-le-premier-anniversaire-de-la-bibliotheque-feministe\/\",\"name\":\"F\u00e9ministh\u00e8que : venez f\u00eater le premier anniversaire de la biblioth\u00e8que f\u00e9ministe - Missives\",\"isPartOf\":{\"@id\":\"http:\/\/www.lesmissives.fr\/#website\"},\"primaryImageOfPage\":{\"@id\":\"https:\/\/www.lesmissives.fr\/index.php\/2019\/10\/02\/feministheque-venez-feter-le-premier-anniversaire-de-la-bibliotheque-feministe\/#primaryimage\"},\"image\":{\"@id\":\"https:\/\/www.lesmissives.fr\/index.php\/2019\/10\/02\/feministheque-venez-feter-le-premier-anniversaire-de-la-bibliotheque-feministe\/#primaryimage\"},\"thumbnailUrl\":\"http:\/\/www.lesmissives.fr\/wp-content\/uploads\/2019\/10\/Feminst1an-1.jpg\",\"datePublished\":\"2019-10-02T20:56:41+00:00\",\"dateModified\":\"2019-10-02T20:56:42+00:00\",\"breadcrumb\":{\"@id\":\"https:\/\/www.lesmissives.fr\/index.php\/2019\/10\/02\/feministheque-venez-feter-le-premier-anniversaire-de-la-bibliotheque-feministe\/#breadcrumb\"},\"inLanguage\":\"fr-FR\",\"potentialAction\":[{\"@type\":\"ReadAction\",\"target\":[\"https:\/\/www.lesmissives.fr\/index.php\/2019\/10\/02\/feministheque-venez-feter-le-premier-anniversaire-de-la-bibliotheque-feministe\/\"]}]},{\"@type\":\"ImageObject\",\"inLanguage\":\"fr-FR\",\"@id\":\"https:\/\/www.lesmissives.fr\/index.php\/2019\/10\/02\/feministheque-venez-feter-le-premier-anniversaire-de-la-bibliotheque-feministe\/#primaryimage\",\"url\":\"http:\/\/www.lesmissives.fr\/wp-content\/uploads\/2019\/10\/Feminst1an-1.jpg\",\"contentUrl\":\"http:\/\/www.lesmissives.fr\/wp-content\/uploads\/2019\/10\/Feminst1an-1.jpg\",\"width\":181,\"height\":283},{\"@type\":\"BreadcrumbList\",\"@id\":\"https:\/\/www.lesmissives.fr\/index.php\/2019\/10\/02\/feministheque-venez-feter-le-premier-anniversaire-de-la-bibliotheque-feministe\/#breadcrumb\",\"itemListElement\":[{\"@type\":\"ListItem\",\"position\":1,\"name\":\"Accueil\",\"item\":\"http:\/\/www.lesmissives.fr\/\"},{\"@type\":\"ListItem\",\"position\":2,\"name\":\"F\u00e9ministh\u00e8que : venez f\u00eater le premier anniversaire de la biblioth\u00e8que f\u00e9ministe\"}]},{\"@type\":\"WebSite\",\"@id\":\"http:\/\/www.lesmissives.fr\/#website\",\"url\":\"http:\/\/www.lesmissives.fr\/\",\"name\":\"Missives\",\"description\":\"Des livres os\u00e9s et f\u00e9ministes, au sens large\",\"publisher\":{\"@id\":\"http:\/\/www.lesmissives.fr\/#organization\"},\"potentialAction\":[{\"@type\":\"SearchAction\",\"target\":{\"@type\":\"EntryPoint\",\"urlTemplate\":\"http:\/\/www.lesmissives.fr\/?s={search_term_string}\"},\"query-input\":{\"@type\":\"PropertyValueSpecification\",\"valueRequired\":true,\"valueName\":\"search_term_string\"}}],\"inLanguage\":\"fr-FR\"},{\"@type\":\"Organization\",\"@id\":\"http:\/\/www.lesmissives.fr\/#organization\",\"name\":\"les missives\",\"url\":\"http:\/\/www.lesmissives.fr\/\",\"logo\":{\"@type\":\"ImageObject\",\"inLanguage\":\"fr-FR\",\"@id\":\"http:\/\/www.lesmissives.fr\/#\/schema\/logo\/image\/\",\"url\":\"http:\/\/www.lesmissives.fr\/wp-content\/uploads\/2025\/09\/cropped-LOGO-MISSIVES-ROUGE-COMPLET2-scaled-1.jpg\",\"contentUrl\":\"http:\/\/www.lesmissives.fr\/wp-content\/uploads\/2025\/09\/cropped-LOGO-MISSIVES-ROUGE-COMPLET2-scaled-1.jpg\",\"width\":1130,\"height\":800,\"caption\":\"les missives\"},\"image\":{\"@id\":\"http:\/\/www.lesmissives.fr\/#\/schema\/logo\/image\/\"},\"sameAs\":[\"https:\/\/www.facebook.com\/LesMissives\/\"]},{\"@type\":\"Person\",\"@id\":\"http:\/\/www.lesmissives.fr\/#\/schema\/person\/66913dcc0a662632720a1a241b0c5190\",\"name\":\"Camille Abbey\",\"image\":{\"@type\":\"ImageObject\",\"inLanguage\":\"fr-FR\",\"@id\":\"http:\/\/www.lesmissives.fr\/#\/schema\/person\/image\/\",\"url\":\"http:\/\/0.gravatar.com\/avatar\/6dc77015f173950bb28683d401c54ec8?s=96&d=mm&r=g\",\"contentUrl\":\"http:\/\/0.gravatar.com\/avatar\/6dc77015f173950bb28683d401c54ec8?s=96&d=mm&r=g\",\"caption\":\"Camille Abbey\"},\"description\":\"\u00c9veill\u00e9e au f\u00e9minisme \u2013 entre autres \u2013 par Simone de Beauvoir, \u00e9nerv\u00e9e par les in\u00e9galit\u00e9s et le sexisme insidieux, apais\u00e9e par les livres et motiv\u00e9e par la r\u00e9flexion, elle a cr\u00e9\u00e9 ce site. Car lire, c\u2019est bien mais partager ses lectures, c\u2019est encore mieux.\",\"url\":\"http:\/\/www.lesmissives.fr\/index.php\/author\/admin8816\/\"}]}<\/script>\n<!-- \/ Yoast SEO plugin. -->","yoast_head_json":{"title":"F\u00e9ministh\u00e8que : venez f\u00eater le premier anniversaire de la biblioth\u00e8que f\u00e9ministe - Missives","robots":{"index":"index","follow":"follow","max-snippet":"max-snippet:-1","max-image-preview":"max-image-preview:large","max-video-preview":"max-video-preview:-1"},"canonical":"https:\/\/www.lesmissives.fr\/index.php\/2019\/10\/02\/feministheque-venez-feter-le-premier-anniversaire-de-la-bibliotheque-feministe\/","og_locale":"fr_FR","og_type":"article","og_title":"F\u00e9ministh\u00e8que : venez f\u00eater le premier anniversaire de la biblioth\u00e8que f\u00e9ministe - Missives","og_description":"Venez f\u00eater les un an de la F\u00e9ministh\u00e8que, une biblioth\u00e8que f\u00e9ministe accueillante et riche, en plein c\u0153ur de Paris, cr\u00e9\u00e9e par des membres de l&rsquo;association Humans for Women et partenaire de Missives. Il y a un an, naissait la F\u00e9ministh\u00e8que, ce projet de biblioth\u00e8que f\u00e9ministe participative gratuite et ouverte \u00e0 toutes et \u00e0 tous, qui [&hellip;]","og_url":"https:\/\/www.lesmissives.fr\/index.php\/2019\/10\/02\/feministheque-venez-feter-le-premier-anniversaire-de-la-bibliotheque-feministe\/","og_site_name":"Missives","article_publisher":"https:\/\/www.facebook.com\/LesMissives\/","article_published_time":"2019-10-02T20:56:41+00:00","article_modified_time":"2019-10-02T20:56:42+00:00","og_image":[{"width":443,"height":287,"url":"https:\/\/www.lesmissives.fr\/wp-content\/uploads\/2019\/10\/Feminst1an.jpg","type":"image\/jpeg"}],"author":"Camille Abbey","twitter_card":"summary_large_image","twitter_misc":{"\u00c9crit par":"Camille Abbey","Dur\u00e9e de lecture estim\u00e9e":"1 minute"},"schema":{"@context":"https:\/\/schema.org","@graph":[{"@type":"Article","@id":"https:\/\/www.lesmissives.fr\/index.php\/2019\/10\/02\/feministheque-venez-feter-le-premier-anniversaire-de-la-bibliotheque-feministe\/#article","isPartOf":{"@id":"https:\/\/www.lesmissives.fr\/index.php\/2019\/10\/02\/feministheque-venez-feter-le-premier-anniversaire-de-la-bibliotheque-feministe\/"},"author":{"name":"Camille Abbey","@id":"http:\/\/www.lesmissives.fr\/#\/schema\/person\/66913dcc0a662632720a1a241b0c5190"},"headline":"F\u00e9ministh\u00e8que : venez f\u00eater le premier anniversaire de la biblioth\u00e8que f\u00e9ministe","datePublished":"2019-10-02T20:56:41+00:00","dateModified":"2019-10-02T20:56:42+00:00","mainEntityOfPage":{"@id":"https:\/\/www.lesmissives.fr\/index.php\/2019\/10\/02\/feministheque-venez-feter-le-premier-anniversaire-de-la-bibliotheque-feministe\/"},"wordCount":257,"publisher":{"@id":"http:\/\/www.lesmissives.fr\/#organization"},"image":{"@id":"https:\/\/www.lesmissives.fr\/index.php\/2019\/10\/02\/feministheque-venez-feter-le-premier-anniversaire-de-la-bibliotheque-feministe\/#primaryimage"},"thumbnailUrl":"http:\/\/www.lesmissives.fr\/wp-content\/uploads\/2019\/10\/Feminst1an-1.jpg","articleSection":["\u00c9v\u00e8nements"],"inLanguage":"fr-FR"},{"@type":"WebPage","@id":"https:\/\/www.lesmissives.fr\/index.php\/2019\/10\/02\/feministheque-venez-feter-le-premier-anniversaire-de-la-bibliotheque-feministe\/","url":"https:\/\/www.lesmissives.fr\/index.php\/2019\/10\/02\/feministheque-venez-feter-le-premier-anniversaire-de-la-bibliotheque-feministe\/","name":"F\u00e9ministh\u00e8que : venez f\u00eater le premier anniversaire de la biblioth\u00e8que f\u00e9ministe - Missives","isPartOf":{"@id":"http:\/\/www.lesmissives.fr\/#website"},"primaryImageOfPage":{"@id":"https:\/\/www.lesmissives.fr\/index.php\/2019\/10\/02\/feministheque-venez-feter-le-premier-anniversaire-de-la-bibliotheque-feministe\/#primaryimage"},"image":{"@id":"https:\/\/www.lesmissives.fr\/index.php\/2019\/10\/02\/feministheque-venez-feter-le-premier-anniversaire-de-la-bibliotheque-feministe\/#primaryimage"},"thumbnailUrl":"http:\/\/www.lesmissives.fr\/wp-content\/uploads\/2019\/10\/Feminst1an-1.jpg","datePublished":"2019-10-02T20:56:41+00:00","dateModified":"2019-10-02T20:56:42+00:00","breadcrumb":{"@id":"https:\/\/www.lesmissives.fr\/index.php\/2019\/10\/02\/feministheque-venez-feter-le-premier-anniversaire-de-la-bibliotheque-feministe\/#breadcrumb"},"inLanguage":"fr-FR","potentialAction":[{"@type":"ReadAction","target":["https:\/\/www.lesmissives.fr\/index.php\/2019\/10\/02\/feministheque-venez-feter-le-premier-anniversaire-de-la-bibliotheque-feministe\/"]}]},{"@type":"ImageObject","inLanguage":"fr-FR","@id":"https:\/\/www.lesmissives.fr\/index.php\/2019\/10\/02\/feministheque-venez-feter-le-premier-anniversaire-de-la-bibliotheque-feministe\/#primaryimage","url":"http:\/\/www.lesmissives.fr\/wp-content\/uploads\/2019\/10\/Feminst1an-1.jpg","contentUrl":"http:\/\/www.lesmissives.fr\/wp-content\/uploads\/2019\/10\/Feminst1an-1.jpg","width":181,"height":283},{"@type":"BreadcrumbList","@id":"https:\/\/www.lesmissives.fr\/index.php\/2019\/10\/02\/feministheque-venez-feter-le-premier-anniversaire-de-la-bibliotheque-feministe\/#breadcrumb","itemListElement":[{"@type":"ListItem","position":1,"name":"Accueil","item":"http:\/\/www.lesmissives.fr\/"},{"@type":"ListItem","position":2,"name":"F\u00e9ministh\u00e8que : venez f\u00eater le premier anniversaire de la biblioth\u00e8que f\u00e9ministe"}]},{"@type":"WebSite","@id":"http:\/\/www.lesmissives.fr\/#website","url":"http:\/\/www.lesmissives.fr\/","name":"Missives","description":"Des livres os\u00e9s et f\u00e9ministes, au sens large","publisher":{"@id":"http:\/\/www.lesmissives.fr\/#organization"},"potentialAction":[{"@type":"SearchAction","target":{"@type":"EntryPoint","urlTemplate":"http:\/\/www.lesmissives.fr\/?s={search_term_string}"},"query-input":{"@type":"PropertyValueSpecification","valueRequired":true,"valueName":"search_term_string"}}],"inLanguage":"fr-FR"},{"@type":"Organization","@id":"http:\/\/www.lesmissives.fr\/#organization","name":"les missives","url":"http:\/\/www.lesmissives.fr\/","logo":{"@type":"ImageObject","inLanguage":"fr-FR","@id":"http:\/\/www.lesmissives.fr\/#\/schema\/logo\/image\/","url":"http:\/\/www.lesmissives.fr\/wp-content\/uploads\/2025\/09\/cropped-LOGO-MISSIVES-ROUGE-COMPLET2-scaled-1.jpg","contentUrl":"http:\/\/www.lesmissives.fr\/wp-content\/uploads\/2025\/09\/cropped-LOGO-MISSIVES-ROUGE-COMPLET2-scaled-1.jpg","width":1130,"height":800,"caption":"les missives"},"image":{"@id":"http:\/\/www.lesmissives.fr\/#\/schema\/logo\/image\/"},"sameAs":["https:\/\/www.facebook.com\/LesMissives\/"]},{"@type":"Person","@id":"http:\/\/www.lesmissives.fr\/#\/schema\/person\/66913dcc0a662632720a1a241b0c5190","name":"Camille Abbey","image":{"@type":"ImageObject","inLanguage":"fr-FR","@id":"http:\/\/www.lesmissives.fr\/#\/schema\/person\/image\/","url":"http:\/\/0.gravatar.com\/avatar\/6dc77015f173950bb28683d401c54ec8?s=96&d=mm&r=g","contentUrl":"http:\/\/0.gravatar.com\/avatar\/6dc77015f173950bb28683d401c54ec8?s=96&d=mm&r=g","caption":"Camille Abbey"},"description":"\u00c9veill\u00e9e au f\u00e9minisme \u2013 entre autres \u2013 par Simone de Beauvoir, \u00e9nerv\u00e9e par les in\u00e9galit\u00e9s et le sexisme insidieux, apais\u00e9e par les livres et motiv\u00e9e par la r\u00e9flexion, elle a cr\u00e9\u00e9 ce site. Car lire, c\u2019est bien mais partager ses lectures, c\u2019est encore mieux.","url":"http:\/\/www.lesmissives.fr\/index.php\/author\/admin8816\/"}]}},"_links":{"self":[{"href":"http:\/\/www.lesmissives.fr\/index.php\/wp-json\/wp\/v2\/posts\/1817"}],"collection":[{"href":"http:\/\/www.lesmissives.fr\/index.php\/wp-json\/wp\/v2\/posts"}],"about":[{"href":"http:\/\/www.lesmissives.fr\/index.php\/wp-json\/wp\/v2\/types\/post"}],"author":[{"embeddable":true,"href":"http:\/\/www.lesmissives.fr\/index.php\/wp-json\/wp\/v2\/users\/1"}],"replies":[{"embeddable":true,"href":"http:\/\/www.lesmissives.fr\/index.php\/wp-json\/wp\/v2\/comments?post=1817"}],"version-history":[{"count":5,"href":"http:\/\/www.lesmissives.fr\/index.php\/wp-json\/wp\/v2\/posts\/1817\/revisions"}],"predecessor-version":[{"id":1835,"href":"http:\/\/www.lesmissives.fr\/index.php\/wp-json\/wp\/v2\/posts\/1817\/revisions\/1835"}],"wp:featuredmedia":[{"embeddable":true,"href":"http:\/\/www.lesmissives.fr\/index.php\/wp-json\/wp\/v2\/media\/1836"}],"wp:attachment":[{"href":"http:\/\/www.lesmissives.fr\/index.php\/wp-json\/wp\/v2\/media?parent=1817"}],"wp:term":[{"taxonomy":"category","embeddable":true,"href":"http:\/\/www.lesmissives.fr\/index.php\/wp-json\/wp\/v2\/categories?post=1817"},{"taxonomy":"post_tag","embeddable":true,"href":"http:\/\/www.lesmissives.fr\/index.php\/wp-json\/wp\/v2\/tags?post=1817"}],"curies":[{"name":"wp","href":"https:\/\/api.w.org\/{rel}","templated":true}]}}