{"id":1451,"date":"2019-05-01T18:32:51","date_gmt":"2019-05-01T16:32:51","guid":{"rendered":"http:\/\/www.lesmissives.fr\/?p=1451"},"modified":"2019-09-14T16:06:35","modified_gmt":"2019-09-14T14:06:35","slug":"les-livres-davril-lagenda-des-parutions","status":"publish","type":"post","link":"http:\/\/www.lesmissives.fr\/index.php\/2019\/05\/01\/les-livres-davril-lagenda-des-parutions\/","title":{"rendered":"Les livres de mars-avril : l&rsquo;agenda des parutions"},"content":{"rendered":"\n<p>Chaque mois, nous vous proposons un agenda des parutions f\u00e9ministes. Romans, essais, bandes dessin\u00e9es&#8230; vous avez le choix ! Ces ouvrages sont disponibles en librairie et parfois empruntables \u00e0 <a href=\"http:\/\/www.humansforwomen.org\/feministheque\" target=\"_blank\" rel=\"noreferrer noopener\" aria-label=\" (s\u2019ouvre dans un nouvel onglet)\">la F\u00e9ministh\u00e8que<\/a>. Les livres propos\u00e9s n&rsquo;ont pas forc\u00e9ment \u00e9t\u00e9 lus par Les Missives (par manque de temps), il s&rsquo;agit des annonces de publications, par les \u00e9diteurs. Nous attendons vos avis.<\/p>\n\n\n\n<h3 class=\"wp-block-heading\">Essais<\/h3>\n\n\n\n<h5 class=\"wp-block-heading\"><em>Le Capitalisme patriarcal<\/em>, de Silvia Federici<\/h5>\n\n\n\n<figure class=\"wp-block-image\"><img loading=\"lazy\" decoding=\"async\" width=\"670\" height=\"1024\" src=\"http:\/\/www.lesmissives.fr\/wp-content\/uploads\/2019\/04\/FAB_11x16_8_FEDERICI_2019_EXE-670x1024.jpeg\" alt=\"\" class=\"wp-image-1455\" srcset=\"http:\/\/www.lesmissives.fr\/wp-content\/uploads\/2019\/04\/FAB_11x16_8_FEDERICI_2019_EXE-670x1024.jpeg 670w, http:\/\/www.lesmissives.fr\/wp-content\/uploads\/2019\/04\/FAB_11x16_8_FEDERICI_2019_EXE-196x300.jpeg 196w, http:\/\/www.lesmissives.fr\/wp-content\/uploads\/2019\/04\/FAB_11x16_8_FEDERICI_2019_EXE-768x1173.jpeg 768w, http:\/\/www.lesmissives.fr\/wp-content\/uploads\/2019\/04\/FAB_11x16_8_FEDERICI_2019_EXE-400x611.jpeg 400w, http:\/\/www.lesmissives.fr\/wp-content\/uploads\/2019\/04\/FAB_11x16_8_FEDERICI_2019_EXE-800x1222.jpeg 800w, http:\/\/www.lesmissives.fr\/wp-content\/uploads\/2019\/04\/FAB_11x16_8_FEDERICI_2019_EXE.jpeg 524w\" sizes=\"(max-width: 670px) 100vw, 670px\" \/><\/figure>\n\n\n\n<p>\u00ab\u00a0Comment faire tourner les usines sans les travailleurs vigoureux, nourris, blanchis, qui occupent la cha\u00eene de montage ? Loin de se limiter au travail invisible des femmes au sein du foyer, Federici met en avant la centralit\u00e9 du travail consistant \u00e0 reproduire la soci\u00e9t\u00e9 : combien co\u00fbterait de salarier toutes les activit\u00e9s procr\u00e9atives, affectives, \u00e9ducatives, de soin et d\u2019hygi\u00e8ne aujourd\u2019hui r\u00e9alis\u00e9es gratuitement par les femmes ? Que resterait-il des profits des entreprises si elles devaient contribuer au renouvellement quotidien de leur masse salariale ?<\/p>\n\n\n\n<p>La lutte contre le sexisme n\u2019exige pas tant l\u2019\u00e9galit\u00e9 de salaire entre hommes et femmes, ni m\u00eame la fin de pr\u00e9jug\u00e9s ou d\u2019une discrimination, mais la r\u00e9appropriation collective des moyens de la reproduction sociale, des lieux de vie aux lieux de consommation \u2013 ce qui dessine l\u2019horizon d\u2019un communisme de type nouveau.\u00a0\u00bb<\/p>\n\n\n\n<p><em>Livre publi\u00e9 chez La Fabrique \u00e9ditions. En librairie depuis le 19 avril 2019 au prix de 15 euros.<\/em><\/p>\n\n\n\n<h5 class=\"wp-block-heading\"><em>On ne na\u00eet pas femme, on le devient<\/em>, de Fabienne Brug\u00e8re <\/h5>\n\n\n\n<figure class=\"wp-block-image\"><img loading=\"lazy\" decoding=\"async\" width=\"503\" height=\"800\" src=\"http:\/\/www.lesmissives.fr\/wp-content\/uploads\/2019\/04\/On-ne-nait-pas-femme.jpeg\" alt=\"\" class=\"wp-image-1454\" srcset=\"http:\/\/www.lesmissives.fr\/wp-content\/uploads\/2019\/04\/On-ne-nait-pas-femme.jpeg 503w, http:\/\/www.lesmissives.fr\/wp-content\/uploads\/2019\/04\/On-ne-nait-pas-femme-188x300.jpeg 188w, http:\/\/www.lesmissives.fr\/wp-content\/uploads\/2019\/04\/On-ne-nait-pas-femme-400x637.jpeg 400w\" sizes=\"(max-width: 503px) 100vw, 503px\" \/><\/figure>\n\n\n\n<p>\u00ab\u00a0Simone de Beauvoir disait : &lsquo;On ne na\u00eet pas femme : on le devient.&rsquo; Puisant dans sa propre exp\u00e9rience et avec un regard sur le monde, Fabienne Brug\u00e8re d\u00e9cline cette phrase \u00e0 travers les diff\u00e9rents \u00e2ges de la vie, de la naissance, la jeunesse, l\u2019\u00e2ge adulte \u00e0 la vieillesse, en montrant comment la femme est \u00e0 la fois pi\u00e9g\u00e9e et cependant en mesure de se lib\u00e9rer. Cette d\u00e9fense d\u2019un f\u00e9minisme ordinaire cherche non pas \u00e0 victimiser les femmes mais \u00e0 expliquer qu\u2019elles peuvent changer leur quotidien et le cours de leur vie.\u00a0\u00bb<\/p>\n\n\n\n<p><em>Livre publi\u00e9 chez Stock, collection \u00ab\u00a0Puissance des femmes\u00a0\u00bb. En librairie depuis le 10 avril 2019 au prix de 17 euros 50.<\/em><\/p>\n\n\n\n<h5 class=\"wp-block-heading\"><em>L&rsquo;\u00e9galit\u00e9 sans condition, osons nous imaginer et \u00eatre semblables<\/em>, de R\u00e9jane S\u00e9nac<\/h5>\n\n\n\n<figure class=\"wp-block-image\"><img loading=\"lazy\" decoding=\"async\" width=\"463\" height=\"800\" src=\"http:\/\/www.lesmissives.fr\/wp-content\/uploads\/2019\/04\/l-e\u0301galite\u0301-sans-condition.jpg\" alt=\"\" class=\"wp-image-1453\" srcset=\"http:\/\/www.lesmissives.fr\/wp-content\/uploads\/2019\/04\/l-e\u0301galite\u0301-sans-condition.jpg 463w, http:\/\/www.lesmissives.fr\/wp-content\/uploads\/2019\/04\/l-e\u0301galite\u0301-sans-condition-174x300.jpg 174w, http:\/\/www.lesmissives.fr\/wp-content\/uploads\/2019\/04\/l-e\u0301galite\u0301-sans-condition-400x691.jpg 400w\" sizes=\"(max-width: 463px) 100vw, 463px\" \/><\/figure>\n\n\n\n<p>\u00ab\u00a0Comment comprendre la persistance des in\u00e9galit\u00e9s en France alors que l\u2019\u00e9galit\u00e9 est proclam\u00e9e centrale au pays des droits de l\u2019H(h)omme ? C\u2019est \u00e0 cette question que R\u00e9jane S\u00e9nac r\u00e9pond dans cet essai d\u00e9rangeant, bousculant et original. Elle remet en cause la conception fran\u00e7aise de l\u2019\u00e9galit\u00e9, comme un mythe \u00e0 d\u00e9construire pour tendre vers une \u00e9galit\u00e9&nbsp;sans condition<strong>&nbsp;<\/strong>: en de\u00e7a du sexe, de l\u2019origine sociale et ethno-raciale, de&nbsp;la religion et de l\u2019orientation sexuelle. Autrement dit,&nbsp;nous ne serons&nbsp;\u00e9gaux que si nous nous reconnaissons comme semblables et non&nbsp;comme compl\u00e9mentaires<strong>&nbsp;<\/strong>au regard d\u2019identifications fig\u00e9es et figeantes. \u00c0 travers une relecture critique de la devise r\u00e9publicaine, elle montre que l\u2019\u00e9galit\u00e9 n\u2019existera qu\u2019en se lib\u00e9rant du r\u00e9cit de la performance de la mixit\u00e9, incarn\u00e9 par des slogans tels que &lsquo;la diversit\u00e9, c\u2019est bon pour le business&rsquo; ou &lsquo;la mixit\u00e9 est une valeur ajout\u00e9e&rsquo;, en particulier entre les femmes et les hommes. Si on ne veut pas vivre dans une soci\u00e9t\u00e9 o\u00f9 m\u00eame l\u2019\u00e9galit\u00e9 devient une histoire de rentabilit\u00e9 et de success-story, il est urgent de se r\u00e9veiller de ce &lsquo;compte&rsquo; de f\u00e9e.<\/p>\n\n\n\n<p>Des analyses de Thomas Piketty et de Rapha\u00ebl Enthoven, en passant par le succ\u00e8s d\u2019un rappeur comme Orelsan, R\u00e9jane S\u00e9nac montre comment on peut se dire pour l\u2019\u00e9galit\u00e9 tout en participant \u00e0 la reproduction des in\u00e9galit\u00e9s. Elle revient sur les combats actuels du&nbsp;f\u00e9minisme fran\u00e7ais, de l\u2019\u00e9criture inclusive aux pol\u00e9miques suscit\u00e9es par le mouvement #MeToo et les r\u00e9unions non-mixtes f\u00e9ministes et anti-racistes.\u00a0\u00bb<\/p>\n\n\n\n<p><em>Livre paru aux \u00e9ditions de L&rsquo;\u00c9chiquier. En vente en librairie au prix de 10 euros.<\/em><\/p>\n\n\n\n<h5 class=\"wp-block-heading\"><em>Au-del\u00e0 de la p\u00e9n\u00e9tration<\/em>, de Martin Page<\/h5>\n\n\n\n<figure class=\"wp-block-image\"><img loading=\"lazy\" decoding=\"async\" width=\"400\" height=\"669\" src=\"http:\/\/www.lesmissives.fr\/wp-content\/uploads\/2019\/04\/MartinPage.jpg\" alt=\"\" class=\"wp-image-1452\" srcset=\"http:\/\/www.lesmissives.fr\/wp-content\/uploads\/2019\/04\/MartinPage.jpg 400w, http:\/\/www.lesmissives.fr\/wp-content\/uploads\/2019\/04\/MartinPage-179x300.jpg 179w\" sizes=\"(max-width: 400px) 100vw, 400px\" \/><\/figure>\n\n\n\n<p>\u201cPourquoi \u00e9crire un livre sur la p\u00e9n\u00e9tration&nbsp;?<br>Parce que le sujet est l\u00e0, si pr\u00e9sent qu\u2019il en est invisible. Surtout je voulais faire en sorte que l\u2019on entende des choses trop souvent tues, qu\u2019on parle, qu\u2019on pense, qu\u2019on consid\u00e8re la sexualit\u00e9 comme un \u00e9l\u00e9ment de l\u2019invention humaine, de sa culture, de ses arts, de sa politique. Je voulais qu\u2019on entende les difficult\u00e9s, les douleurs, la peur d\u2019\u00eatre anormal\u00b7e, et qu\u2019on dise qu\u2019on se fout de la normalit\u00e9 si elle signifie le m\u00e9pris et le jugement pour ce qui est diff\u00e9rent. Martin Page.\u201d<\/p>\n\n\n\n<p><em>En vente sur le <a rel=\"noreferrer noopener\" aria-label=\"site de l'\u00e9diteur (s\u2019ouvre dans un nouvel onglet)\" href=\"https:\/\/www.monstrograph.com\/product\/au-dela-de-la-penetration-martin-page\/\" target=\"_blank\">site de l&rsquo;\u00e9diteur<\/a>. Victime de son succ\u00e8s, le livre est actuellement en cours de r\u00e9impression. 12 euros<\/em><\/p>\n\n\n\n<h2 class=\"wp-block-heading\">Romans\/autobiographies<\/h2>\n\n\n\n<h5 class=\"wp-block-heading\"><em>Ma Vie sur la route<\/em>, de Gloria Steinem<\/h5>\n\n\n\n<figure class=\"wp-block-image\"><img loading=\"lazy\" decoding=\"async\" width=\"699\" height=\"1024\" src=\"http:\/\/www.lesmissives.fr\/wp-content\/uploads\/2019\/05\/Steinem-699x1024.jpg\" alt=\"\" class=\"wp-image-1462\" srcset=\"http:\/\/www.lesmissives.fr\/wp-content\/uploads\/2019\/05\/Steinem-699x1024.jpg 699w, http:\/\/www.lesmissives.fr\/wp-content\/uploads\/2019\/05\/Steinem-205x300.jpg 205w, http:\/\/www.lesmissives.fr\/wp-content\/uploads\/2019\/05\/Steinem-400x586.jpg 400w, http:\/\/www.lesmissives.fr\/wp-content\/uploads\/2019\/05\/Steinem.jpg 546w\" sizes=\"(max-width: 699px) 100vw, 699px\" \/><\/figure>\n\n\n\n<p>\u00ab\u00a0Gloria Steinem, aujourd\u2019hui \u00e2g\u00e9e de 83 ans, est une ic\u00f4ne f\u00e9ministe am\u00e9ricaine, inscrite au <em>Women\u2019s National Hall of Fame<\/em>. Journaliste, \u00e9crivain, elle a fond\u00e9 le magazine f\u00e9ministe&nbsp;<em>Ms.<\/em>&nbsp;et, avec Jane Fonda et Robin Morgan, le Women\u2019s Media Center, une organisation qui se bat pour rendre les femmes plus pr\u00e9sentes et plus visibles dans les m\u00e9dias. Elle a \u00e9galement particip\u00e9 aux campagnes pr\u00e9sidentielles de Hillary Clinton et de Barack Obama.<br><br><em>Ma vie sur la route&nbsp;<\/em>est le r\u00e9cit extraordinaire, profond\u00e9ment humaniste, d\u2019une femme qui a pass\u00e9 sa vie \u00e0 sillonner les \u00c9tats-Unis et \u00e0 militer. Cette autobiographie en forme de&nbsp;<em>road trip<\/em>&nbsp;se lit comme la passionnante chronique de cinq d\u00e9cennies d\u2019histoire am\u00e9ricaine, depuis le discours de Martin Luther King jusqu\u2019\u00e0 l\u2019\u00e9volution des droits de la communaut\u00e9 gay en passant par l\u2019avortement ou la cause am\u00e9rindienne.<br><br>Une ode au nomadisme, \u00e0 l\u2019intranquillit\u00e9 qui nous pousse \u00e0 partir \u00e0 l\u2019aventure et, avant tout, \u00e0 la rencontre des autres.\u00a0\u00bb<\/p>\n\n\n\n<p><em>Livre paru aux \u00e9ditions Harper Collins. En vente en librairie au prix de 19 euros. Livre \u00e0 emprunter \u00e0 la F\u00e9ministh\u00e8que. \u00c0 lire \u00e9galement : <\/em>Actions scandaleuses et r\u00e9bellions quotidiennes<em>, de Gloria Steinem, paru aux \u00e9ditions du Portrait.<\/em><\/p>\n\n\n\n<h5 class=\"wp-block-heading\"><em>\u00c0 jeter, sans ouvrir<\/em>, de Viviane Albertine<\/h5>\n\n\n\n<figure class=\"wp-block-image is-resized\"><img loading=\"lazy\" decoding=\"async\" src=\"http:\/\/www.lesmissives.fr\/wp-content\/uploads\/2019\/05\/9782283032268-6e81e.jpg\" alt=\"\" class=\"wp-image-1461\" width=\"443\" height=\"650\" srcset=\"http:\/\/www.lesmissives.fr\/wp-content\/uploads\/2019\/05\/9782283032268-6e81e.jpg 250w, http:\/\/www.lesmissives.fr\/wp-content\/uploads\/2019\/05\/9782283032268-6e81e-204x300.jpg 204w\" sizes=\"(max-width: 443px) 100vw, 443px\" \/><\/figure>\n\n\n\n<p><em>\u00ab\u00a0Pour quoi est-ce que je me battais au juste ? Je n\u2019en suis toujours pas certaine aujourd\u2019hui. C\u2019est si profond, si ancien, que \u00e7a n\u2019a pas de mots, pas de forme, pas de logique.<\/em><\/p>\n\n\n\n<p>Nous sommes en 2012, Viv Albertine pr\u00e9pare le lancement de&nbsp;<em>De fringues, de musique et de mecs<\/em>. Assagie \u2013 les ann\u00e9es punk sont loin derri\u00e8re \u2013, elle se consacre d\u00e9sormais \u00e0 sa fille, \u00e0 sa m\u00e8re malade, \u00e0 l\u2019\u00e9criture et, presque \u00e0 regret, \u00e0 des mecs qui en valent rarement la peine. Pourtant elle n\u2019a rien perdu de sa rage, ni de sa soif de v\u00e9rit\u00e9&nbsp;: Viv est une femme en col\u00e8re, pr\u00eate \u00e0 en d\u00e9coudre, y compris avec elle-m\u00eame. Lorsque de douloureuses circonstances la replongent dans les blessures de l\u2019enfance et la complexe dynamique familiale, elle n\u2019h\u00e9site pas&nbsp;: elle prend \u00e0 bras-le-corps les chagrins et les secrets enfouis, les triture, les confronte.<\/p>\n\n\n\n<p>C\u2019est cette plong\u00e9e \u00e0 vif et par \u00e0-coups dans la m\u00e9moire qui tisse la trame d\u2019<em>\u00c0 jeter sans ouvrir<\/em>.\u00a0\u00bb<\/p>\n\n\n\n<p><em>Livre paru aux \u00e9ditions Buchet\u00b7Chastel. En vente en librairie au prix de 22 euros.<\/em><\/p>\n\n\n\n<h5 class=\"wp-block-heading\"><em>Fl\u00e2neuse, reconqu\u00e9rir la ville pas \u00e0 pas<\/em>, de Lauren Elkin<\/h5>\n\n\n\n<figure class=\"wp-block-image\"><img loading=\"lazy\" decoding=\"async\" width=\"632\" height=\"1024\" src=\"http:\/\/www.lesmissives.fr\/wp-content\/uploads\/2019\/05\/HO0879-copie-632x1024.jpg\" alt=\"\" class=\"wp-image-1468\" srcset=\"http:\/\/www.lesmissives.fr\/wp-content\/uploads\/2019\/05\/HO0879-copie-632x1024.jpg 632w, http:\/\/www.lesmissives.fr\/wp-content\/uploads\/2019\/05\/HO0879-copie-185x300.jpg 185w, http:\/\/www.lesmissives.fr\/wp-content\/uploads\/2019\/05\/HO0879-copie-768x1244.jpg 768w, http:\/\/www.lesmissives.fr\/wp-content\/uploads\/2019\/05\/HO0879-copie-400x648.jpg 400w, http:\/\/www.lesmissives.fr\/wp-content\/uploads\/2019\/05\/HO0879-copie-800x1296.jpg 800w, http:\/\/www.lesmissives.fr\/wp-content\/uploads\/2019\/05\/HO0879-copie.jpg 500w\" sizes=\"(max-width: 632px) 100vw, 632px\" \/><\/figure>\n\n\n\n<p>\u00ab\u00a0Si le mot &lsquo;fl\u00e2neur&rsquo; \u00e9voque imm\u00e9diatement Baudelaire, les Grands Boulevards et la vie de boh\u00e8me, qu&rsquo;en est-il de la fl\u00e2neuse ? Dans ce livre jubilatoire, ode piquante \u00e0 la d\u00e9ambulation au f\u00e9minin, Lauren Elkin la pr\u00e9sente comme une femme &lsquo;d\u00e9termin\u00e9e et pleine de ressources, profond\u00e9ment en phase avec le potentiel cr\u00e9atif de la ville et le pouvoir \u00e9mancipateur d&rsquo;une bonne balade&rsquo;. Mais elle nous montre aussi que revendiquer d&rsquo;occuper ainsi l&rsquo;espace urbain reste pour les femmes un acte subversif. <br>De New York \u00e0 Paris, de Tokyo \u00e0 Londres et Venise, Lauren Elkin croise en chemin les fl\u00e2neuses qui y v\u00e9curent \u2013 de la r\u00e9alisatrice Agn\u00e8s Varda \u00e0 la correspondante de guerre Martha Gellhorn, en passant par les romanci\u00e8res George Sand et Virginia Woolf. L&rsquo;auteure s&rsquo;attache \u00e0 mettre au jour ce qui se joue chaque fois qu&rsquo;une femme au pied l\u00e9ger sort \u00e0 la rencontre de la ville, comment chacun de ses pas contribuera \u00e0 transformer son existence.\u00a0\u00bb<\/p>\n\n\n\n<p><em>Livre paru fin mars dans la collection&nbsp;<\/em><a href=\"http:\/\/www.gallimard.fr\/Catalogue\/HOEBEKE\/Etonnants-voyageurs\"><em>\u00c9tonnants voyageurs<\/em><\/a><em>, Ho\u00ebbeke. En vente en librairie au prix de 23 euros.<\/em><\/p>\n\n\n\n<h5 class=\"wp-block-heading\"><em>La M\u00e8re de toutes les questions<\/em>, de Rebecca Solnit<\/h5>\n\n\n\n<figure class=\"wp-block-image\"><img loading=\"lazy\" decoding=\"async\" width=\"421\" height=\"600\" src=\"http:\/\/www.lesmissives.fr\/wp-content\/uploads\/2019\/05\/solnit.jpg\" alt=\"\" class=\"wp-image-1469\" srcset=\"http:\/\/www.lesmissives.fr\/wp-content\/uploads\/2019\/05\/solnit.jpg 421w, http:\/\/www.lesmissives.fr\/wp-content\/uploads\/2019\/05\/solnit-211x300.jpg 211w, http:\/\/www.lesmissives.fr\/wp-content\/uploads\/2019\/05\/solnit-400x570.jpg 400w\" sizes=\"(max-width: 421px) 100vw, 421px\" \/><\/figure>\n\n\n\n<p>\u00ab\u00a0Qui a \u00e9t\u00e9 historiquement r\u00e9duit au silence, et pourquoi ? Comment les femmes et les minorit\u00e9s sont-elles parvenues \u00e0 r\u00e9cup\u00e9rer, ou non, leur parole ? En quoi un changement politique est-il avant tout un changement de r\u00e9cit ?<\/p>\n\n\n\n<p>Pour r\u00e9pondre \u00e0 ces questions, Rebecca Solnit balaye un grand nombre de sujets, de l\u2019histoire des droits civiques et de l\u2019esclavage \u00e0 la culture du viol dans les campus am\u00e9ricains, en passant par la masculinit\u00e9 toxique.<\/p>\n\n\n\n<p>On retrouve ici la vivacit\u00e9 d\u2019esprit de l\u2019auteure, son opini\u00e2tret\u00e9 \u00e0 d\u00e9jouer tout ce qui, dans la culture, dans les institutions, dans la sph\u00e8re publique, entend amoindrir la parole des femmes, et r\u00e9duire leur place. Rebecca Solnit met au jour les normes sous-jacentes contenues dans nos discours.<\/p>\n\n\n\n<p>N\u00e9e en 1961, Rebecca Solnit est l\u2019une des intellectuelles am\u00e9ricaines contemporaines les plus influentes et originales, capable d\u2019aborder aussi bien les th\u00e9matiques de l\u2019environnement, de la critique, de l\u2019histoire de la modernit\u00e9 et du f\u00e9minisme. Son article &lsquo;Ces hommes qui m\u2019expliquent la vie \u00bb a th\u00e9oris\u00e9 et popularis\u00e9 la notion capitale de <em>mansplaning&nbsp;<\/em>(\u00ab mecsplications&rsquo;). S\u2019en est suivi un recueil d\u2019essais au titre \u00e9ponyme, que les \u00c9ditions de l\u2019Olivier publient en 2018 comme premier ouvrage d\u2019une nouvelle collection de non-fiction, Les Feux.\u00a0\u00bb<\/p>\n\n\n\n<p><em>Livre paru le 18 avril aux \u00e9ditions de L&rsquo;Olivier. En vente en librairie au prix de 18 euros 50.<\/em><\/p>\n\n\n\n<h5 class=\"wp-block-heading\"><em>Elena et les joueuses<\/em>, de Lolita Pille<\/h5>\n\n\n\n<figure class=\"wp-block-image is-resized\"><img loading=\"lazy\" decoding=\"async\" src=\"http:\/\/www.lesmissives.fr\/wp-content\/uploads\/2019\/05\/LolitaPille.jpeg\" alt=\"\" class=\"wp-image-1463\" width=\"501\" height=\"795\" srcset=\"http:\/\/www.lesmissives.fr\/wp-content\/uploads\/2019\/05\/LolitaPille.jpeg 302w, http:\/\/www.lesmissives.fr\/wp-content\/uploads\/2019\/05\/LolitaPille-189x300.jpeg 189w\" sizes=\"(max-width: 501px) 100vw, 501px\" \/><\/figure>\n\n\n\n<p>\u00ab\u00a0Il fait si chaud \u00e0 Paris l\u2019apr\u00e8s-midi du 29 ao\u00fbt 2014. El\u00e9na Filleul, ancienne joueuse de tennis, va chercher son fianc\u00e9 Isma\u00ebl Ch\u00e8vreloup \u00e0 la gare de Lyon. Plus t\u00f4t, El\u00e9na a vu ses amies de lyc\u00e9e. Elles se sont rem\u00e9mor\u00e9 leur adolescence, le r\u00f4le jou\u00e9 par la famille Ch\u00e8vreloup, et tout particuli\u00e8rement celui de Catherine, figure embl\u00e9matique pour ce groupe. Au cours de cette journ\u00e9e qui aurait pu ressembler \u00e0 toutes les autres, El\u00e9na se confronte aux fant\u00f4mes et aux dieux de sa jeunesse.<\/p>\n\n\n\n<p>Ce roman ambitieux allie modernit\u00e9 et classicisme pour nous conter une histoire intemporelle dans le Paris du XXe si\u00e8cle.\u00a0\u00bb<\/p>\n\n\n\n<p><em>Livre paru chez Stock. En vente en librairie au prix de 19 euros. Lolita Pille \u00e9tait l&rsquo;invit\u00e9 de Lauren Bastide dans<a rel=\"noreferrer noopener\" aria-label=\" La Poudre (s\u2019ouvre dans un nouvel onglet)\" href=\"https:\/\/soundcloud.com\/nouvelles-ecoutes\/la-poudre-episode-47-lolita-pille\" target=\"_blank\"> La Poudre<\/a>. <a href=\"https:\/\/soundcloud.com\/nouvelles-ecoutes\/la-poudre-episode-47-lolita-pille\" target=\"_blank\" rel=\"noreferrer noopener\" aria-label=\"Entretien \u00e0 retrouver ici (s\u2019ouvre dans un nouvel onglet)\">Entretien \u00e0 retrouver ici<\/a>.<\/em><\/p>\n\n\n\n<h5 class=\"wp-block-heading\"><em>Comme la chienne<\/em>, de Louise Chennevi\u00e8re<\/h5>\n\n\n\n<figure class=\"wp-block-image\"><img loading=\"lazy\" decoding=\"async\" width=\"699\" height=\"1024\" src=\"http:\/\/www.lesmissives.fr\/wp-content\/uploads\/2019\/05\/Louisechen-699x1024.jpg\" alt=\"\" class=\"wp-image-1464\" srcset=\"http:\/\/www.lesmissives.fr\/wp-content\/uploads\/2019\/05\/Louisechen-699x1024.jpg 699w, http:\/\/www.lesmissives.fr\/wp-content\/uploads\/2019\/05\/Louisechen-205x300.jpg 205w, http:\/\/www.lesmissives.fr\/wp-content\/uploads\/2019\/05\/Louisechen-768x1125.jpg 768w, http:\/\/www.lesmissives.fr\/wp-content\/uploads\/2019\/05\/Louisechen-400x586.jpg 400w, http:\/\/www.lesmissives.fr\/wp-content\/uploads\/2019\/05\/Louisechen-800x1171.jpg 800w, http:\/\/www.lesmissives.fr\/wp-content\/uploads\/2019\/05\/Louisechen.jpg 546w\" sizes=\"(max-width: 699px) 100vw, 699px\" \/><\/figure>\n\n\n\n<p>\u00ab\u00a0<em>La destin\u00e9e de la femme est d\u2019\u00eatre comme la chienne, comme la louve : elle doit appartenir \u00e0 tous ceux qui veulent d\u2019elle.\u00a0\u00bb<\/em><br>Sade,&nbsp;<em>La philosophie dans le boudoir<\/em>.<\/p>\n\n\n\n<p>\u00ab\u00a0Une femme parle. Elle accuse. Elle raconte. Elle prend la voix de plusieurs femmes. R\u00e9cit fragment\u00e9, \u00e9clat\u00e9 comme les mille images entre lesquelles est tiraill\u00e9 le corps de la femme. Chaque r\u00e9cit est un instant arrach\u00e9 \u00e0 l\u2019intime, une voix sauv\u00e9e du silence, ce silence qui est l\u2019histoire des femmes. Ce texte est une tentative de faire entrer par effraction dans la parole ce qui en a \u00e9t\u00e9 toujours exclu, dire l\u2019immense violence et les infimes douleurs. Et comment cet intime, le corps, la honte, appartient toujours d\u00e9j\u00e0 au monde, par les fantasmes, les discours et toutes les violences qui l\u2019ont fa\u00e7onn\u00e9 et qui le hantent.<br><br>Ce livre est un exorcisme. Pour Louise Chennevi\u00e8re, &lsquo;<em>c\u2019est une exploration de ces terres de l\u2019imaginaire collectif qui mod\u00e8lent notre singularit\u00e9, c\u2019est une tentative de comprendre comment on advient femme un jour, et pourquoi, quand on croyait avoir \u00e9chapp\u00e9 \u00e0 ce devenir d\u00e9termin\u00e9, \u00e0 ce destin du f\u00e9minin, il vous frappe un jour comme \u00e7a en pleine gueule.&rsquo;<\/em> Chercher \u00e0 savoir ce que cela veut dire, \u00eatre faite femme par le monde et d\u00e9jouer toutes les r\u00e9ponses.<br><br>S\u2019agit-il des r\u00eaves, des d\u00e9lires d\u2019une m\u00eame femme ? De femmes diff\u00e9rentes ? Il y a les d\u00e9poss\u00e9d\u00e9es, ces femmes aux existences ravies par leur image, un homme, ou la maternit\u00e9, et les poss\u00e9d\u00e9es, ces femmes-monstres qui se r\u00e9approprient violemment leur corps en prenant en charge l\u2019infamie dont elles ont toujours d\u00e9j\u00e0 \u00e9t\u00e9 frapp\u00e9es. L\u2019histoire des femmes est du c\u00f4t\u00e9 de cette &lsquo;<em>l\u00e9gende noire<\/em>&lsquo; des hommes inf\u00e2mes qui est, selon Foucault, la l\u00e9gende de ces &lsquo;<em>vies qui sont comme si elles n\u2019avaient pas exist\u00e9&rsquo;<\/em>.\u00a0\u00bb<\/p>\n\n\n\n<p><em>Livre paru aux \u00e9ditions P.O.L. en avril. En vente en librairie au prix de 18,90 euros. <\/em><\/p>\n\n\n\n<h5 class=\"wp-block-heading\"><strong><em>Vox<\/em>, de Christina Dalcher<\/strong><\/h5>\n\n\n\n<figure class=\"wp-block-image is-resized\"><img loading=\"lazy\" decoding=\"async\" src=\"http:\/\/www.lesmissives.fr\/wp-content\/uploads\/2019\/05\/Vox.jpg\" alt=\"\" class=\"wp-image-1466\" width=\"463\" height=\"730\" srcset=\"http:\/\/www.lesmissives.fr\/wp-content\/uploads\/2019\/05\/Vox.jpg 351w, http:\/\/www.lesmissives.fr\/wp-content\/uploads\/2019\/05\/Vox-190x300.jpg 190w\" sizes=\"(max-width: 463px) 100vw, 463px\" \/><\/figure>\n\n\n\n<p>\u00ab\u00a0Jean McClellan est docteure en neurosciences. Elle a pass\u00e9 sa vie dans un laboratoire de recherches, loin des mouvements protestataires qui ont enflamm\u00e9 son pays. Mais, d\u00e9sormais, m\u00eame si elle le voulait, impossible de s\u2019exprimer : comme toutes les femmes, elle est condamn\u00e9e \u00e0 un silence forc\u00e9, limit\u00e9e \u00e0 un quota de 100 mots par jour. En effet, le nouveau gouvernement en place, constitu\u00e9 d\u2019un groupe fondamentaliste, a d\u00e9cid\u00e9 d\u2019abattre la figure de la femme moderne. Pourtant, quand le fr\u00e8re du Pr\u00e9sident fait une attaque, Jean est appel\u00e9e \u00e0 la rescousse. La r\u00e9compense ? La possibilit\u00e9 de s\u2019affranchir \u2013 et sa fille avec elle \u2013 de son quota de mots. Mais ce qu\u2019elle va d\u00e9couvrir alors qu\u2019elle recouvre la parole pourrait bien la laisser d\u00e9finitivement sans voix\u2026<br>Christina Dalcher nous offre avec&nbsp;<em>Vox<\/em> un roman dystopique gla\u00e7ant qui rend hommage au pouvoir des mots et du langage.\u00a0\u00bb<\/p>\n\n\n\n<p><em>Livre paru chez Nil \u00e9ditions. En vente en librairie au prix de 22 euros. <\/em><\/p>\n\n\n\n<h2 class=\"wp-block-heading\">Bandes dessin\u00e9es<br><\/h2>\n\n\n\n<h5 class=\"wp-block-heading\"><em>Lily a des n\u00e9n\u00e9s &#8211; Tome 1<\/em>, de Geoff<\/h5>\n\n\n\n<figure class=\"wp-block-image is-resized\"><img loading=\"lazy\" decoding=\"async\" src=\"http:\/\/www.lesmissives.fr\/wp-content\/uploads\/2019\/05\/geoff.jpg\" alt=\"\" class=\"wp-image-1471\" width=\"489\" height=\"656\" srcset=\"http:\/\/www.lesmissives.fr\/wp-content\/uploads\/2019\/05\/geoff.jpg 340w, http:\/\/www.lesmissives.fr\/wp-content\/uploads\/2019\/05\/geoff-224x300.jpg 224w\" sizes=\"(max-width: 489px) 100vw, 489px\" \/><\/figure>\n\n\n\n<p><strong>Grandir, qu\u2019est-ce que \u00e7a veut dire ?<\/strong><br>\u00ab\u00a0Lily a 10 ans. Elle habite un petit village de Bretagne, avec son fr\u00e8re jumeau Titouan. Juste au-dessus de chez eux habite Joshua, un gar\u00e7on inaccessible dont Lily essaye d&rsquo;attirer l&rsquo;attention. Mais la jeune fille a un autre secret : peu \u00e0 peu, elle d\u00e9couvre qu\u2019elle n\u2019est plus tout \u00e0 fait une enfant\u2026Venu du monde de l\u2019animation, Geoff signe avec <em>Lily a des n\u00e9n\u00e9s<\/em> un premier livre personnel et grand public, enti\u00e8rement r\u00e9alis\u00e9 en couleur directe au pastel gras. L\u2019auteur d\u00e9crit avec subtilit\u00e9 un moment particulier de la vie d\u2019une jeune fille d\u2019aujourd\u2019hui, et nous pr\u00e9sente des personnages et des d\u00e9cors attachants, que l\u2019on retrouvera dans un second livre \u2013 \u00e0 para\u00eetre fin 2019.\u00a0\u00bb<br><br><em>Ce premier tome a paru d\u00e9but mars chez Casterman. En vente en librairie au prix de 14 euros. <\/em><\/p>\n\n\n\n<h5 class=\"wp-block-heading\"><em>Cassandra Darke<\/em>, de Posy Simmonds<\/h5>\n\n\n\n<figure class=\"wp-block-image is-resized\"><img loading=\"lazy\" decoding=\"async\" src=\"http:\/\/www.lesmissives.fr\/wp-content\/uploads\/2019\/05\/cassandra.jpg\" alt=\"\" class=\"wp-image-1472\" width=\"411\" height=\"476\" srcset=\"http:\/\/www.lesmissives.fr\/wp-content\/uploads\/2019\/05\/cassandra.jpg 260w, http:\/\/www.lesmissives.fr\/wp-content\/uploads\/2019\/05\/cassandra-259x300.jpg 259w\" sizes=\"(max-width: 411px) 100vw, 411px\" \/><\/figure>\n\n\n\n<p>\u00ab\u00a0Cassandra Darke, Londonienne pur jus, vieille teigne misanthrope, mauvaise coucheuse en surcharge pond\u00e9rale, n\u2019est pas sans rappeler le c\u00e9l\u00e8bre Scrooge de Dickens. Elle ne pense qu\u2019\u00e0 elle-m\u00eame et aux moyens de pr\u00e9server le confort dont elle jouit dans sa maison de Chelsea \u00e0 8 millions de livres. La galerie d\u2019art moderne de son d\u00e9funt mari a \u00e9t\u00e9 le th\u00e9\u00e2tre de fraudes qui l\u2019ont mise en d\u00e9licatesse avec la justice et au ban de son milieu. Mais Cassandra s\u2019accorde le pardon, au pr\u00e9texte qu\u2019\u00ab\u00e0 c\u00f4t\u00e9 de tous ces meurtriers r\u00e9cidivistes, on se sentirait presque comme Blanche-Neige\u00bb. Ses fautes n\u2019impliquent \u00abni violence, ni arme, ni cadavre\u00bb. H\u00e9las, dans son sous-sol, une ex-locataire, la jeune et na\u00efve Nicki, a laiss\u00e9 une surprise qui pourrait bien s\u2019accompagner de violence et d\u2019au moins un cadavre\u2026 <br>Affinant encore sa virtuosit\u00e9 unique, entre roman et bande dessin\u00e9e, Posy Simmonds poursuit la fresque de l\u2019Angleterre moderne entreprise dans ses livres pr\u00e9c\u00e9dents et donne sa vision au scalpel du Londres brutal et fascinant d\u2019aujourd\u2019hui, \u00abentre paillettes et gal\u00e8res\u00bb. Son c\u0153ur, comme toujours, penche pour les chiens perdus, mais le portrait qu\u2019elle trace de Cassandra, cette femme trop riche \u00e0 l\u2019hiver de sa vie, est vibrant d\u2019empathie. Pur plaisir. Pur Posy.\u00a0\u00bb<\/p>\n\n\n\n<p><em>Livre paru chez Deno\u00ebl Graphic. En vente en librairie depuis le 4 avril au prix de 21 euros. <\/em><\/p>\n","protected":false},"excerpt":{"rendered":"<p>Chaque mois, nous vous proposons un agenda des parutions f\u00e9ministes. Romans, essais, bandes dessin\u00e9es&#8230; vous avez le choix ! Ces ouvrages sont disponibles en librairie et parfois empruntables \u00e0 la F\u00e9ministh\u00e8que. Les livres propos\u00e9s n&rsquo;ont pas forc\u00e9ment \u00e9t\u00e9 lus par Les Missives (par manque de temps), il s&rsquo;agit des annonces de publications, par les \u00e9diteurs. [&hellip;]<\/p>\n","protected":false},"author":1,"featured_media":1475,"comment_status":"closed","ping_status":"open","sticky":false,"template":"","format":"standard","meta":{"footnotes":""},"categories":[15],"tags":[],"class_list":["post-1451","post","type-post","status-publish","format-standard","has-post-thumbnail","hentry","category-agenda-des-parutions","has-thumbnail"],"yoast_head":"<!-- This site is optimized with the Yoast SEO plugin v23.5 - https:\/\/yoast.com\/wordpress\/plugins\/seo\/ -->\n<title>Les livres de mars-avril : l&#039;agenda des parutions - Missives<\/title>\n<meta name=\"robots\" content=\"index, follow, max-snippet:-1, max-image-preview:large, max-video-preview:-1\" \/>\n<link rel=\"canonical\" href=\"http:\/\/www.lesmissives.fr\/index.php\/2019\/05\/01\/les-livres-davril-lagenda-des-parutions\/\" \/>\n<meta property=\"og:locale\" content=\"fr_FR\" \/>\n<meta property=\"og:type\" content=\"article\" \/>\n<meta property=\"og:title\" content=\"Les livres de mars-avril : l&#039;agenda des parutions - Missives\" \/>\n<meta property=\"og:description\" content=\"Chaque mois, nous vous proposons un agenda des parutions f\u00e9ministes. Romans, essais, bandes dessin\u00e9es&#8230; vous avez le choix ! Ces ouvrages sont disponibles en librairie et parfois empruntables \u00e0 la F\u00e9ministh\u00e8que. Les livres propos\u00e9s n&rsquo;ont pas forc\u00e9ment \u00e9t\u00e9 lus par Les Missives (par manque de temps), il s&rsquo;agit des annonces de publications, par les \u00e9diteurs. [&hellip;]\" \/>\n<meta property=\"og:url\" content=\"http:\/\/www.lesmissives.fr\/index.php\/2019\/05\/01\/les-livres-davril-lagenda-des-parutions\/\" \/>\n<meta property=\"og:site_name\" content=\"Missives\" \/>\n<meta property=\"article:publisher\" content=\"https:\/\/www.facebook.com\/LesMissives\/\" \/>\n<meta property=\"article:published_time\" content=\"2019-05-01T16:32:51+00:00\" \/>\n<meta property=\"article:modified_time\" content=\"2019-09-14T14:06:35+00:00\" \/>\n<meta property=\"og:image\" content=\"http:\/\/www.lesmissives.fr\/wp-content\/uploads\/2019\/05\/Tyrans.jpg\" \/>\n\t<meta property=\"og:image:width\" content=\"820\" \/>\n\t<meta property=\"og:image:height\" content=\"430\" \/>\n\t<meta property=\"og:image:type\" content=\"image\/jpeg\" \/>\n<meta name=\"author\" content=\"Camille Abbey\" \/>\n<meta name=\"twitter:card\" content=\"summary_large_image\" \/>\n<meta name=\"twitter:label1\" content=\"\u00c9crit par\" \/>\n\t<meta name=\"twitter:data1\" content=\"Camille Abbey\" \/>\n\t<meta name=\"twitter:label2\" content=\"Dur\u00e9e de lecture estim\u00e9e\" \/>\n\t<meta name=\"twitter:data2\" content=\"14 minutes\" \/>\n<script type=\"application\/ld+json\" class=\"yoast-schema-graph\">{\"@context\":\"https:\/\/schema.org\",\"@graph\":[{\"@type\":\"Article\",\"@id\":\"http:\/\/www.lesmissives.fr\/index.php\/2019\/05\/01\/les-livres-davril-lagenda-des-parutions\/#article\",\"isPartOf\":{\"@id\":\"http:\/\/www.lesmissives.fr\/index.php\/2019\/05\/01\/les-livres-davril-lagenda-des-parutions\/\"},\"author\":{\"name\":\"Camille Abbey\",\"@id\":\"http:\/\/www.lesmissives.fr\/#\/schema\/person\/66913dcc0a662632720a1a241b0c5190\"},\"headline\":\"Les livres de mars-avril : l&rsquo;agenda des parutions\",\"datePublished\":\"2019-05-01T16:32:51+00:00\",\"dateModified\":\"2019-09-14T14:06:35+00:00\",\"mainEntityOfPage\":{\"@id\":\"http:\/\/www.lesmissives.fr\/index.php\/2019\/05\/01\/les-livres-davril-lagenda-des-parutions\/\"},\"wordCount\":2801,\"publisher\":{\"@id\":\"http:\/\/www.lesmissives.fr\/#organization\"},\"image\":{\"@id\":\"http:\/\/www.lesmissives.fr\/index.php\/2019\/05\/01\/les-livres-davril-lagenda-des-parutions\/#primaryimage\"},\"thumbnailUrl\":\"http:\/\/www.lesmissives.fr\/wp-content\/uploads\/2019\/05\/Couv-Avril-mars-pdf.jpg\",\"articleSection\":[\"Agenda des parutions\"],\"inLanguage\":\"fr-FR\"},{\"@type\":\"WebPage\",\"@id\":\"http:\/\/www.lesmissives.fr\/index.php\/2019\/05\/01\/les-livres-davril-lagenda-des-parutions\/\",\"url\":\"http:\/\/www.lesmissives.fr\/index.php\/2019\/05\/01\/les-livres-davril-lagenda-des-parutions\/\",\"name\":\"Les livres de mars-avril : l'agenda des parutions - Missives\",\"isPartOf\":{\"@id\":\"http:\/\/www.lesmissives.fr\/#website\"},\"primaryImageOfPage\":{\"@id\":\"http:\/\/www.lesmissives.fr\/index.php\/2019\/05\/01\/les-livres-davril-lagenda-des-parutions\/#primaryimage\"},\"image\":{\"@id\":\"http:\/\/www.lesmissives.fr\/index.php\/2019\/05\/01\/les-livres-davril-lagenda-des-parutions\/#primaryimage\"},\"thumbnailUrl\":\"http:\/\/www.lesmissives.fr\/wp-content\/uploads\/2019\/05\/Couv-Avril-mars-pdf.jpg\",\"datePublished\":\"2019-05-01T16:32:51+00:00\",\"dateModified\":\"2019-09-14T14:06:35+00:00\",\"breadcrumb\":{\"@id\":\"http:\/\/www.lesmissives.fr\/index.php\/2019\/05\/01\/les-livres-davril-lagenda-des-parutions\/#breadcrumb\"},\"inLanguage\":\"fr-FR\",\"potentialAction\":[{\"@type\":\"ReadAction\",\"target\":[\"http:\/\/www.lesmissives.fr\/index.php\/2019\/05\/01\/les-livres-davril-lagenda-des-parutions\/\"]}]},{\"@type\":\"ImageObject\",\"inLanguage\":\"fr-FR\",\"@id\":\"http:\/\/www.lesmissives.fr\/index.php\/2019\/05\/01\/les-livres-davril-lagenda-des-parutions\/#primaryimage\",\"url\":\"http:\/\/www.lesmissives.fr\/wp-content\/uploads\/2019\/05\/Couv-Avril-mars-pdf.jpg\",\"contentUrl\":\"http:\/\/www.lesmissives.fr\/wp-content\/uploads\/2019\/05\/Couv-Avril-mars-pdf.jpg\"},{\"@type\":\"BreadcrumbList\",\"@id\":\"http:\/\/www.lesmissives.fr\/index.php\/2019\/05\/01\/les-livres-davril-lagenda-des-parutions\/#breadcrumb\",\"itemListElement\":[{\"@type\":\"ListItem\",\"position\":1,\"name\":\"Accueil\",\"item\":\"http:\/\/www.lesmissives.fr\/\"},{\"@type\":\"ListItem\",\"position\":2,\"name\":\"Les livres de mars-avril : l&rsquo;agenda des parutions\"}]},{\"@type\":\"WebSite\",\"@id\":\"http:\/\/www.lesmissives.fr\/#website\",\"url\":\"http:\/\/www.lesmissives.fr\/\",\"name\":\"Missives\",\"description\":\"Des livres os\u00e9s et f\u00e9ministes, au sens large\",\"publisher\":{\"@id\":\"http:\/\/www.lesmissives.fr\/#organization\"},\"potentialAction\":[{\"@type\":\"SearchAction\",\"target\":{\"@type\":\"EntryPoint\",\"urlTemplate\":\"http:\/\/www.lesmissives.fr\/?s={search_term_string}\"},\"query-input\":{\"@type\":\"PropertyValueSpecification\",\"valueRequired\":true,\"valueName\":\"search_term_string\"}}],\"inLanguage\":\"fr-FR\"},{\"@type\":\"Organization\",\"@id\":\"http:\/\/www.lesmissives.fr\/#organization\",\"name\":\"les missives\",\"url\":\"http:\/\/www.lesmissives.fr\/\",\"logo\":{\"@type\":\"ImageObject\",\"inLanguage\":\"fr-FR\",\"@id\":\"http:\/\/www.lesmissives.fr\/#\/schema\/logo\/image\/\",\"url\":\"http:\/\/www.lesmissives.fr\/wp-content\/uploads\/2025\/09\/cropped-LOGO-MISSIVES-ROUGE-COMPLET2-scaled-1.jpg\",\"contentUrl\":\"http:\/\/www.lesmissives.fr\/wp-content\/uploads\/2025\/09\/cropped-LOGO-MISSIVES-ROUGE-COMPLET2-scaled-1.jpg\",\"width\":1130,\"height\":800,\"caption\":\"les missives\"},\"image\":{\"@id\":\"http:\/\/www.lesmissives.fr\/#\/schema\/logo\/image\/\"},\"sameAs\":[\"https:\/\/www.facebook.com\/LesMissives\/\"]},{\"@type\":\"Person\",\"@id\":\"http:\/\/www.lesmissives.fr\/#\/schema\/person\/66913dcc0a662632720a1a241b0c5190\",\"name\":\"Camille Abbey\",\"image\":{\"@type\":\"ImageObject\",\"inLanguage\":\"fr-FR\",\"@id\":\"http:\/\/www.lesmissives.fr\/#\/schema\/person\/image\/\",\"url\":\"http:\/\/0.gravatar.com\/avatar\/6dc77015f173950bb28683d401c54ec8?s=96&d=mm&r=g\",\"contentUrl\":\"http:\/\/0.gravatar.com\/avatar\/6dc77015f173950bb28683d401c54ec8?s=96&d=mm&r=g\",\"caption\":\"Camille Abbey\"},\"description\":\"\u00c9veill\u00e9e au f\u00e9minisme \u2013 entre autres \u2013 par Simone de Beauvoir, \u00e9nerv\u00e9e par les in\u00e9galit\u00e9s et le sexisme insidieux, apais\u00e9e par les livres et motiv\u00e9e par la r\u00e9flexion, elle a cr\u00e9\u00e9 ce site. Car lire, c\u2019est bien mais partager ses lectures, c\u2019est encore mieux.\",\"url\":\"http:\/\/www.lesmissives.fr\/index.php\/author\/admin8816\/\"}]}<\/script>\n<!-- \/ Yoast SEO plugin. -->","yoast_head_json":{"title":"Les livres de mars-avril : l'agenda des parutions - Missives","robots":{"index":"index","follow":"follow","max-snippet":"max-snippet:-1","max-image-preview":"max-image-preview:large","max-video-preview":"max-video-preview:-1"},"canonical":"http:\/\/www.lesmissives.fr\/index.php\/2019\/05\/01\/les-livres-davril-lagenda-des-parutions\/","og_locale":"fr_FR","og_type":"article","og_title":"Les livres de mars-avril : l'agenda des parutions - Missives","og_description":"Chaque mois, nous vous proposons un agenda des parutions f\u00e9ministes. Romans, essais, bandes dessin\u00e9es&#8230; vous avez le choix ! Ces ouvrages sont disponibles en librairie et parfois empruntables \u00e0 la F\u00e9ministh\u00e8que. Les livres propos\u00e9s n&rsquo;ont pas forc\u00e9ment \u00e9t\u00e9 lus par Les Missives (par manque de temps), il s&rsquo;agit des annonces de publications, par les \u00e9diteurs. [&hellip;]","og_url":"http:\/\/www.lesmissives.fr\/index.php\/2019\/05\/01\/les-livres-davril-lagenda-des-parutions\/","og_site_name":"Missives","article_publisher":"https:\/\/www.facebook.com\/LesMissives\/","article_published_time":"2019-05-01T16:32:51+00:00","article_modified_time":"2019-09-14T14:06:35+00:00","og_image":[{"width":820,"height":430,"url":"http:\/\/www.lesmissives.fr\/wp-content\/uploads\/2019\/05\/Tyrans.jpg","type":"image\/jpeg"}],"author":"Camille Abbey","twitter_card":"summary_large_image","twitter_misc":{"\u00c9crit par":"Camille Abbey","Dur\u00e9e de lecture estim\u00e9e":"14 minutes"},"schema":{"@context":"https:\/\/schema.org","@graph":[{"@type":"Article","@id":"http:\/\/www.lesmissives.fr\/index.php\/2019\/05\/01\/les-livres-davril-lagenda-des-parutions\/#article","isPartOf":{"@id":"http:\/\/www.lesmissives.fr\/index.php\/2019\/05\/01\/les-livres-davril-lagenda-des-parutions\/"},"author":{"name":"Camille Abbey","@id":"http:\/\/www.lesmissives.fr\/#\/schema\/person\/66913dcc0a662632720a1a241b0c5190"},"headline":"Les livres de mars-avril : l&rsquo;agenda des parutions","datePublished":"2019-05-01T16:32:51+00:00","dateModified":"2019-09-14T14:06:35+00:00","mainEntityOfPage":{"@id":"http:\/\/www.lesmissives.fr\/index.php\/2019\/05\/01\/les-livres-davril-lagenda-des-parutions\/"},"wordCount":2801,"publisher":{"@id":"http:\/\/www.lesmissives.fr\/#organization"},"image":{"@id":"http:\/\/www.lesmissives.fr\/index.php\/2019\/05\/01\/les-livres-davril-lagenda-des-parutions\/#primaryimage"},"thumbnailUrl":"http:\/\/www.lesmissives.fr\/wp-content\/uploads\/2019\/05\/Couv-Avril-mars-pdf.jpg","articleSection":["Agenda des parutions"],"inLanguage":"fr-FR"},{"@type":"WebPage","@id":"http:\/\/www.lesmissives.fr\/index.php\/2019\/05\/01\/les-livres-davril-lagenda-des-parutions\/","url":"http:\/\/www.lesmissives.fr\/index.php\/2019\/05\/01\/les-livres-davril-lagenda-des-parutions\/","name":"Les livres de mars-avril : l'agenda des parutions - Missives","isPartOf":{"@id":"http:\/\/www.lesmissives.fr\/#website"},"primaryImageOfPage":{"@id":"http:\/\/www.lesmissives.fr\/index.php\/2019\/05\/01\/les-livres-davril-lagenda-des-parutions\/#primaryimage"},"image":{"@id":"http:\/\/www.lesmissives.fr\/index.php\/2019\/05\/01\/les-livres-davril-lagenda-des-parutions\/#primaryimage"},"thumbnailUrl":"http:\/\/www.lesmissives.fr\/wp-content\/uploads\/2019\/05\/Couv-Avril-mars-pdf.jpg","datePublished":"2019-05-01T16:32:51+00:00","dateModified":"2019-09-14T14:06:35+00:00","breadcrumb":{"@id":"http:\/\/www.lesmissives.fr\/index.php\/2019\/05\/01\/les-livres-davril-lagenda-des-parutions\/#breadcrumb"},"inLanguage":"fr-FR","potentialAction":[{"@type":"ReadAction","target":["http:\/\/www.lesmissives.fr\/index.php\/2019\/05\/01\/les-livres-davril-lagenda-des-parutions\/"]}]},{"@type":"ImageObject","inLanguage":"fr-FR","@id":"http:\/\/www.lesmissives.fr\/index.php\/2019\/05\/01\/les-livres-davril-lagenda-des-parutions\/#primaryimage","url":"http:\/\/www.lesmissives.fr\/wp-content\/uploads\/2019\/05\/Couv-Avril-mars-pdf.jpg","contentUrl":"http:\/\/www.lesmissives.fr\/wp-content\/uploads\/2019\/05\/Couv-Avril-mars-pdf.jpg"},{"@type":"BreadcrumbList","@id":"http:\/\/www.lesmissives.fr\/index.php\/2019\/05\/01\/les-livres-davril-lagenda-des-parutions\/#breadcrumb","itemListElement":[{"@type":"ListItem","position":1,"name":"Accueil","item":"http:\/\/www.lesmissives.fr\/"},{"@type":"ListItem","position":2,"name":"Les livres de mars-avril : l&rsquo;agenda des parutions"}]},{"@type":"WebSite","@id":"http:\/\/www.lesmissives.fr\/#website","url":"http:\/\/www.lesmissives.fr\/","name":"Missives","description":"Des livres os\u00e9s et f\u00e9ministes, au sens large","publisher":{"@id":"http:\/\/www.lesmissives.fr\/#organization"},"potentialAction":[{"@type":"SearchAction","target":{"@type":"EntryPoint","urlTemplate":"http:\/\/www.lesmissives.fr\/?s={search_term_string}"},"query-input":{"@type":"PropertyValueSpecification","valueRequired":true,"valueName":"search_term_string"}}],"inLanguage":"fr-FR"},{"@type":"Organization","@id":"http:\/\/www.lesmissives.fr\/#organization","name":"les missives","url":"http:\/\/www.lesmissives.fr\/","logo":{"@type":"ImageObject","inLanguage":"fr-FR","@id":"http:\/\/www.lesmissives.fr\/#\/schema\/logo\/image\/","url":"http:\/\/www.lesmissives.fr\/wp-content\/uploads\/2025\/09\/cropped-LOGO-MISSIVES-ROUGE-COMPLET2-scaled-1.jpg","contentUrl":"http:\/\/www.lesmissives.fr\/wp-content\/uploads\/2025\/09\/cropped-LOGO-MISSIVES-ROUGE-COMPLET2-scaled-1.jpg","width":1130,"height":800,"caption":"les missives"},"image":{"@id":"http:\/\/www.lesmissives.fr\/#\/schema\/logo\/image\/"},"sameAs":["https:\/\/www.facebook.com\/LesMissives\/"]},{"@type":"Person","@id":"http:\/\/www.lesmissives.fr\/#\/schema\/person\/66913dcc0a662632720a1a241b0c5190","name":"Camille Abbey","image":{"@type":"ImageObject","inLanguage":"fr-FR","@id":"http:\/\/www.lesmissives.fr\/#\/schema\/person\/image\/","url":"http:\/\/0.gravatar.com\/avatar\/6dc77015f173950bb28683d401c54ec8?s=96&d=mm&r=g","contentUrl":"http:\/\/0.gravatar.com\/avatar\/6dc77015f173950bb28683d401c54ec8?s=96&d=mm&r=g","caption":"Camille Abbey"},"description":"\u00c9veill\u00e9e au f\u00e9minisme \u2013 entre autres \u2013 par Simone de Beauvoir, \u00e9nerv\u00e9e par les in\u00e9galit\u00e9s et le sexisme insidieux, apais\u00e9e par les livres et motiv\u00e9e par la r\u00e9flexion, elle a cr\u00e9\u00e9 ce site. Car lire, c\u2019est bien mais partager ses lectures, c\u2019est encore mieux.","url":"http:\/\/www.lesmissives.fr\/index.php\/author\/admin8816\/"}]}},"_links":{"self":[{"href":"http:\/\/www.lesmissives.fr\/index.php\/wp-json\/wp\/v2\/posts\/1451"}],"collection":[{"href":"http:\/\/www.lesmissives.fr\/index.php\/wp-json\/wp\/v2\/posts"}],"about":[{"href":"http:\/\/www.lesmissives.fr\/index.php\/wp-json\/wp\/v2\/types\/post"}],"author":[{"embeddable":true,"href":"http:\/\/www.lesmissives.fr\/index.php\/wp-json\/wp\/v2\/users\/1"}],"replies":[{"embeddable":true,"href":"http:\/\/www.lesmissives.fr\/index.php\/wp-json\/wp\/v2\/comments?post=1451"}],"version-history":[{"count":12,"href":"http:\/\/www.lesmissives.fr\/index.php\/wp-json\/wp\/v2\/posts\/1451\/revisions"}],"predecessor-version":[{"id":1508,"href":"http:\/\/www.lesmissives.fr\/index.php\/wp-json\/wp\/v2\/posts\/1451\/revisions\/1508"}],"wp:featuredmedia":[{"embeddable":true,"href":"http:\/\/www.lesmissives.fr\/index.php\/wp-json\/wp\/v2\/media\/1475"}],"wp:attachment":[{"href":"http:\/\/www.lesmissives.fr\/index.php\/wp-json\/wp\/v2\/media?parent=1451"}],"wp:term":[{"taxonomy":"category","embeddable":true,"href":"http:\/\/www.lesmissives.fr\/index.php\/wp-json\/wp\/v2\/categories?post=1451"},{"taxonomy":"post_tag","embeddable":true,"href":"http:\/\/www.lesmissives.fr\/index.php\/wp-json\/wp\/v2\/tags?post=1451"}],"curies":[{"name":"wp","href":"https:\/\/api.w.org\/{rel}","templated":true}]}}